{"id":14336,"date":"2017-08-13T21:55:45","date_gmt":"2017-08-14T02:55:45","guid":{"rendered":"http:\/\/elinformanteperu.com\/?p=14336"},"modified":"2017-08-13T21:55:45","modified_gmt":"2017-08-14T02:55:45","slug":"neymar-marca-su-primer-gol-con-el-paris-saint-germain","status":"publish","type":"post","link":"https:\/\/elinformanteperu.com\/index.php\/2017\/08\/13\/neymar-marca-su-primer-gol-con-el-paris-saint-germain\/","title":{"rendered":"Neymar marca su primer gol con el Par\u00eds Saint-Germain"},"content":{"rendered":"<p><strong><span style=\"color: #000000;\">El astro brasile\u00f1o Neymar firm\u00f3 su primer gol con la camiseta del Par\u00eds Saint-Germain en el que tambi\u00e9n fue su primer partido con el equipo.<\/span><\/strong><\/p>\n<p><span style=\"color: #000000;\"><strong>Lima, 13 Agosto 2017, (ANDINA).-<\/strong> El astro brasile\u00f1o Neymar firm\u00f3 su primer gol con la camiseta del Par\u00eds Saint-Germain en el que tambi\u00e9n fue su primer partido con el equipo, ante el Guingamp y en la segunda jornada de la Ligue 1, con un resultado provisional de 3-0.<\/span><\/p>\n<p><span style=\"color: #000000;\">El delantero defini\u00f3 desde dentro del \u00e1rea a pase del uruguayo Edinson Cavani culminando una jugada que \u00e9l mismo hab\u00eda empezado unos metros atr\u00e1s (82). Antes le hab\u00eda dado una asistencia para que el propio Cavani hiciese el 2-0 (62).<\/span><\/p>\n<p><img fetchpriority=\"high\" decoding=\"async\" class=\"aligncenter size-full wp-image-14338\" src=\"http:\/\/elinformanteperu.com\/wp-content\/uploads\/2017\/08\/neymar-psg-2.jpg\" alt=\"\" width=\"1800\" height=\"1127\" srcset=\"https:\/\/elinformanteperu.com\/wp-content\/uploads\/2017\/08\/neymar-psg-2.jpg 1800w, https:\/\/elinformanteperu.com\/wp-content\/uploads\/2017\/08\/neymar-psg-2-300x188.jpg 300w, https:\/\/elinformanteperu.com\/wp-content\/uploads\/2017\/08\/neymar-psg-2-768x481.jpg 768w, https:\/\/elinformanteperu.com\/wp-content\/uploads\/2017\/08\/neymar-psg-2-1024x641.jpg 1024w, https:\/\/elinformanteperu.com\/wp-content\/uploads\/2017\/08\/neymar-psg-2-128x80.jpg 128w, https:\/\/elinformanteperu.com\/wp-content\/uploads\/2017\/08\/neymar-psg-2-32x20.jpg 32w\" sizes=\"(max-width: 1800px) 100vw, 1800px\" \/><\/p>\n","protected":false},"excerpt":{"rendered":"<p>El astro brasile\u00f1o Neymar firm\u00f3 su primer gol con la camiseta del Par\u00eds Saint-Germain en el que tambi\u00e9n fue su primer partido con el equipo. Lima, 13 Agosto 2017, (ANDINA).- El astro brasile\u00f1o Neymar firm\u00f3 su primer gol con la camiseta del Par\u00eds Saint-Germain en el que tambi\u00e9n fue su primer partido con el equipo, [&hellip;]<\/p>\n","protected":false},"author":1,"featured_media":14337,"comment_status":"open","ping_status":"open","sticky":false,"template":"","format":"standard","meta":{"rop_custom_images_group":[],"rop_custom_messages_group":[],"rop_publish_now":"initial","rop_publish_now_accounts":[],"rop_publish_now_history":[],"rop_publish_now_status":"pending","footnotes":""},"categories":[8],"tags":[88,2022,1102],"class_list":["post-14336","post","type-post","status-publish","format-standard","has-post-thumbnail","hentry","category-disciplinas-deportivas","tag-neymar","tag-paris-saint-germain","tag-psg"],"_links":{"self":[{"href":"https:\/\/elinformanteperu.com\/index.php\/wp-json\/wp\/v2\/posts\/14336","targetHints":{"allow":["GET"]}}],"collection":[{"href":"https:\/\/elinformanteperu.com\/index.php\/wp-json\/wp\/v2\/posts"}],"about":[{"href":"https:\/\/elinformanteperu.com\/index.php\/wp-json\/wp\/v2\/types\/post"}],"author":[{"embeddable":true,"href":"https:\/\/elinformanteperu.com\/index.php\/wp-json\/wp\/v2\/users\/1"}],"replies":[{"embeddable":true,"href":"https:\/\/elinformanteperu.com\/index.php\/wp-json\/wp\/v2\/comments?post=14336"}],"version-history":[{"count":1,"href":"https:\/\/elinformanteperu.com\/index.php\/wp-json\/wp\/v2\/posts\/14336\/revisions"}],"predecessor-version":[{"id":14339,"href":"https:\/\/elinformanteperu.com\/index.php\/wp-json\/wp\/v2\/posts\/14336\/revisions\/14339"}],"wp:featuredmedia":[{"embeddable":true,"href":"https:\/\/elinformanteperu.com\/index.php\/wp-json\/wp\/v2\/media\/14337"}],"wp:attachment":[{"href":"https:\/\/elinformanteperu.com\/index.php\/wp-json\/wp\/v2\/media?parent=14336"}],"wp:term":[{"taxonomy":"category","embeddable":true,"href":"https:\/\/elinformanteperu.com\/index.php\/wp-json\/wp\/v2\/categories?post=14336"},{"taxonomy":"post_tag","embeddable":true,"href":"https:\/\/elinformanteperu.com\/index.php\/wp-json\/wp\/v2\/tags?post=14336"}],"curies":[{"name":"wp","href":"https:\/\/api.w.org\/{rel}","templated":true}]}}