{"id":142979,"date":"2025-10-06T19:35:06","date_gmt":"2025-10-07T00:35:06","guid":{"rendered":"https:\/\/elinformanteperu.com\/?p=142979"},"modified":"2025-10-06T19:35:06","modified_gmt":"2025-10-07T00:35:06","slug":"vraem-lluvias-intensas-provocan-caida-de-huaico-que-arrastro-camioneta-del-gore-ayacucho","status":"publish","type":"post","link":"https:\/\/elinformanteperu.com\/index.php\/2025\/10\/06\/vraem-lluvias-intensas-provocan-caida-de-huaico-que-arrastro-camioneta-del-gore-ayacucho\/","title":{"rendered":"Vraem: lluvias intensas provocan caida de huaico que arrastr\u00f3 camioneta del Gore Ayacucho"},"content":{"rendered":"<p><span style=\"color: #000000;\"><strong>Lima, 6 de octubre 2025 (ANDINA).-<\/strong> Lluvias intensas de m\u00e1s de dos horas consecutivas registradas en el Valle de los R\u00edos Apur\u00edmac, Ene y Mantaro (Vraem) provocaron hoy la ca\u00edda de huaico que arrastr\u00f3 una camioneta del Gobierno Regional (Gore) de Ayacucho, cuando realizaba labores vinculadas a una obra en el sector de Granja Sivia, distrito de Sivia, provincia de Huanta.<\/span><\/p>\n<p><span style=\"color: #000000;\">El fuerte caudal de lodo y piedras sorprendi\u00f3 al veh\u00edculo institucional que termin\u00f3 con severos da\u00f1os materiales. Afortunadamente, los ocupantes lograron ponerse a salvo y resultaron ilesos.<\/span><\/p>\n<p><a href=\"https:\/\/elinformanteperu.com\/wp-content\/uploads\/2025\/10\/vraem-caida-camioneta-ayacucho1.webp\"><img fetchpriority=\"high\" decoding=\"async\" class=\"size-full wp-image-142981 aligncenter\" src=\"https:\/\/elinformanteperu.com\/wp-content\/uploads\/2025\/10\/vraem-caida-camioneta-ayacucho1.webp\" alt=\"\" width=\"500\" height=\"283\" srcset=\"https:\/\/elinformanteperu.com\/wp-content\/uploads\/2025\/10\/vraem-caida-camioneta-ayacucho1.webp 500w, https:\/\/elinformanteperu.com\/wp-content\/uploads\/2025\/10\/vraem-caida-camioneta-ayacucho1-300x170.webp 300w\" sizes=\"(max-width: 500px) 100vw, 500px\" \/><\/a><\/p>\n<p><span style=\"color: #000000;\">Las precipitaciones intensas no solo afectaron la plataforma vial, sino tambi\u00e9n viviendas y cultivos agr\u00edcolas, generando preocupaci\u00f3n entre los pobladores que reportan p\u00e9rdidas considerables en sus sembr\u00edos.<\/span><\/p>\n<p><span style=\"color: #000000;\">El mal estado de las carreteras dificulta el libre tr\u00e1nsito en diversos sectores, obligando a los conductores a tomar rutas alternas para llegar a sus destinos. Uno de los tramos m\u00e1s cr\u00edticos se ubica entre el centro poblado de Rosario y Sivia, donde se produjeron deslizamientos de tierra que interrumpen parcialmente el tr\u00e1nsito vehicular.<\/span><\/p>\n<p><a href=\"https:\/\/elinformanteperu.com\/wp-content\/uploads\/2025\/10\/vraem-caida-camioneta-ayacucho2.webp\"><img decoding=\"async\" class=\"size-full wp-image-142982 aligncenter\" src=\"https:\/\/elinformanteperu.com\/wp-content\/uploads\/2025\/10\/vraem-caida-camioneta-ayacucho2.webp\" alt=\"\" width=\"500\" height=\"347\" srcset=\"https:\/\/elinformanteperu.com\/wp-content\/uploads\/2025\/10\/vraem-caida-camioneta-ayacucho2.webp 500w, https:\/\/elinformanteperu.com\/wp-content\/uploads\/2025\/10\/vraem-caida-camioneta-ayacucho2-300x208.webp 300w\" sizes=\"(max-width: 500px) 100vw, 500px\" \/><\/a><span style=\"color: #000000;\">El municipio distrital de Sivia, a trav\u00e9s de su Oficina de Defensa Civil, viene evaluando los da\u00f1os ocasionados por las lluvias, las cuales se intensificaron en los \u00faltimos d\u00edas originando inundaciones en viviendas y afectaciones a los principales cultivos.<\/span><\/p>\n<p><span style=\"color: #000000;\">Las autoridades locales advirtieron que la situaci\u00f3n tambi\u00e9n se replica en distritos aleda\u00f1os, tanto en la margen derecha como izquierda del Vraem, por lo que instaron a la poblaci\u00f3n a mantenerse alerta y evitar transitar por zonas de alto riesgo mientras persistan las fuertes lluvias.<\/span><\/p>\n<p><a href=\"https:\/\/elinformanteperu.com\/wp-content\/uploads\/2025\/10\/vraem-caida-camioneta-ayacucho3.webp\"><img decoding=\"async\" class=\"size-full wp-image-142983 aligncenter\" src=\"https:\/\/elinformanteperu.com\/wp-content\/uploads\/2025\/10\/vraem-caida-camioneta-ayacucho3.webp\" alt=\"\" width=\"500\" height=\"341\" srcset=\"https:\/\/elinformanteperu.com\/wp-content\/uploads\/2025\/10\/vraem-caida-camioneta-ayacucho3.webp 500w, https:\/\/elinformanteperu.com\/wp-content\/uploads\/2025\/10\/vraem-caida-camioneta-ayacucho3-300x205.webp 300w\" sizes=\"(max-width: 500px) 100vw, 500px\" \/><\/a><\/p>\n","protected":false},"excerpt":{"rendered":"<p>Lima, 6 de octubre 2025 (ANDINA).- Lluvias intensas de m\u00e1s de dos horas consecutivas registradas en el Valle de los R\u00edos Apur\u00edmac, Ene y Mantaro (Vraem) provocaron hoy la ca\u00edda de huaico que arrastr\u00f3 una camioneta del Gobierno Regional (Gore) de Ayacucho, cuando realizaba labores vinculadas a una obra en el sector de Granja Sivia, [&hellip;]<\/p>\n","protected":false},"author":1,"featured_media":142980,"comment_status":"closed","ping_status":"closed","sticky":false,"template":"","format":"standard","meta":{"rop_custom_images_group":[],"rop_custom_messages_group":[],"rop_publish_now":"initial","rop_publish_now_accounts":[],"rop_publish_now_history":[],"rop_publish_now_status":"pending","footnotes":""},"categories":[10,5745],"tags":[3801,1060],"class_list":["post-142979","post","type-post","status-publish","format-standard","has-post-thumbnail","hentry","category-actualidad-municipal","category-lo-ultimo","tag-ayacucho","tag-vraem"],"_links":{"self":[{"href":"https:\/\/elinformanteperu.com\/index.php\/wp-json\/wp\/v2\/posts\/142979","targetHints":{"allow":["GET"]}}],"collection":[{"href":"https:\/\/elinformanteperu.com\/index.php\/wp-json\/wp\/v2\/posts"}],"about":[{"href":"https:\/\/elinformanteperu.com\/index.php\/wp-json\/wp\/v2\/types\/post"}],"author":[{"embeddable":true,"href":"https:\/\/elinformanteperu.com\/index.php\/wp-json\/wp\/v2\/users\/1"}],"replies":[{"embeddable":true,"href":"https:\/\/elinformanteperu.com\/index.php\/wp-json\/wp\/v2\/comments?post=142979"}],"version-history":[{"count":1,"href":"https:\/\/elinformanteperu.com\/index.php\/wp-json\/wp\/v2\/posts\/142979\/revisions"}],"predecessor-version":[{"id":142984,"href":"https:\/\/elinformanteperu.com\/index.php\/wp-json\/wp\/v2\/posts\/142979\/revisions\/142984"}],"wp:featuredmedia":[{"embeddable":true,"href":"https:\/\/elinformanteperu.com\/index.php\/wp-json\/wp\/v2\/media\/142980"}],"wp:attachment":[{"href":"https:\/\/elinformanteperu.com\/index.php\/wp-json\/wp\/v2\/media?parent=142979"}],"wp:term":[{"taxonomy":"category","embeddable":true,"href":"https:\/\/elinformanteperu.com\/index.php\/wp-json\/wp\/v2\/categories?post=142979"},{"taxonomy":"post_tag","embeddable":true,"href":"https:\/\/elinformanteperu.com\/index.php\/wp-json\/wp\/v2\/tags?post=142979"}],"curies":[{"name":"wp","href":"https:\/\/api.w.org\/{rel}","templated":true}]}}