{"id":142976,"date":"2025-10-06T19:29:06","date_gmt":"2025-10-07T00:29:06","guid":{"rendered":"https:\/\/elinformanteperu.com\/?p=142976"},"modified":"2025-10-06T19:29:06","modified_gmt":"2025-10-07T00:29:06","slug":"arequipa-despliegan-brigadas-para-controlar-incendio-forestal-en-distrito-de-chiguata","status":"publish","type":"post","link":"https:\/\/elinformanteperu.com\/index.php\/2025\/10\/06\/arequipa-despliegan-brigadas-para-controlar-incendio-forestal-en-distrito-de-chiguata\/","title":{"rendered":"Arequipa: despliegan brigadas para controlar incendio forestal en distrito de Chiguata"},"content":{"rendered":"<p><span style=\"color: #000000;\"><strong>Arequipa, 6 de octubre 2025 (ANDINA).-<\/strong> El Centro de Operaciones de Emergencia Regional (COER) de Arequipa despleg\u00f3 brigadistas y un equipo t\u00e9cnico para apoyar en los trabajos de control y extinci\u00f3n del incendio forestal que se registra desde el s\u00e1bado 4 de octubre en el sector de Miraflores, ubicado en el distrito de Chiguata, en la provincia y regi\u00f3n Arequipa.<\/span><\/p>\n<p><span style=\"color: #000000;\">En la zona se encuentran trabajando de manera coordinada personal del Servicio Nacional de \u00c1reas Naturales Protegidas (Sernanp), serenazgo distrital, trabajadores de la Municipalidad de Chiguata y pobladores del sector, quienes realizan esfuerzos conjuntos para sofocar los focos activos del siniestro y evitar su propagaci\u00f3n.<\/span><\/p>\n<p><span style=\"color: #000000;\">El incendio forestal se encuentra en proceso de control; sin embargo, se ha reactivado por el sector oeste, lo que ha demandado la continuidad de las acciones de respuesta.<\/span><\/p>\n<p><span style=\"color: #000000;\">El equipo del COER Arequipa permanece en comunicaci\u00f3n constante con las autoridades locales y nacionales, informando y trabajando de manera permanente en las labores de control del fuego.<\/span><\/p>\n<p><span style=\"color: #000000;\">Asimismo, se inform\u00f3 que miembros del Ej\u00e9rcito del Per\u00fa se desplazar\u00e1n al lugar para reforzar las tareas de apoyo y mitigaci\u00f3n del incendio.<\/span><\/p>\n<p><span style=\"color: #000000;\">Por \u00faltimo, el Gobierno Regional (Gore) de Arequipa exhort\u00f3 a la poblaci\u00f3n a evitar la quema de pastos o residuos agr\u00edcolas, recordando que estas pr\u00e1cticas pueden desencadenar incendios forestales de gran magnitud.<\/span><\/p>\n<p><a href=\"https:\/\/elinformanteperu.com\/wp-content\/uploads\/2025\/10\/arequipa-incendio-forestal1.webp\"><img fetchpriority=\"high\" decoding=\"async\" class=\"size-full wp-image-142873 aligncenter\" src=\"https:\/\/elinformanteperu.com\/wp-content\/uploads\/2025\/10\/arequipa-incendio-forestal1.webp\" alt=\"\" width=\"500\" height=\"333\" srcset=\"https:\/\/elinformanteperu.com\/wp-content\/uploads\/2025\/10\/arequipa-incendio-forestal1.webp 500w, https:\/\/elinformanteperu.com\/wp-content\/uploads\/2025\/10\/arequipa-incendio-forestal1-300x200.webp 300w\" sizes=\"(max-width: 500px) 100vw, 500px\" \/><\/a><\/p>\n<p>&nbsp;<\/p>\n","protected":false},"excerpt":{"rendered":"<p>Arequipa, 6 de octubre 2025 (ANDINA).- El Centro de Operaciones de Emergencia Regional (COER) de Arequipa despleg\u00f3 brigadistas y un equipo t\u00e9cnico para apoyar en los trabajos de control y extinci\u00f3n del incendio forestal que se registra desde el s\u00e1bado 4 de octubre en el sector de Miraflores, ubicado en el distrito de Chiguata, en [&hellip;]<\/p>\n","protected":false},"author":1,"featured_media":142874,"comment_status":"closed","ping_status":"closed","sticky":false,"template":"","format":"standard","meta":{"rop_custom_images_group":[],"rop_custom_messages_group":[],"rop_publish_now":"initial","rop_publish_now_accounts":[],"rop_publish_now_history":[],"rop_publish_now_status":"pending","footnotes":""},"categories":[10],"tags":[769,1057,7699],"class_list":["post-142976","post","type-post","status-publish","format-standard","has-post-thumbnail","hentry","category-actualidad-municipal","tag-arequipa","tag-coer","tag-incendios-forestales"],"_links":{"self":[{"href":"https:\/\/elinformanteperu.com\/index.php\/wp-json\/wp\/v2\/posts\/142976","targetHints":{"allow":["GET"]}}],"collection":[{"href":"https:\/\/elinformanteperu.com\/index.php\/wp-json\/wp\/v2\/posts"}],"about":[{"href":"https:\/\/elinformanteperu.com\/index.php\/wp-json\/wp\/v2\/types\/post"}],"author":[{"embeddable":true,"href":"https:\/\/elinformanteperu.com\/index.php\/wp-json\/wp\/v2\/users\/1"}],"replies":[{"embeddable":true,"href":"https:\/\/elinformanteperu.com\/index.php\/wp-json\/wp\/v2\/comments?post=142976"}],"version-history":[{"count":1,"href":"https:\/\/elinformanteperu.com\/index.php\/wp-json\/wp\/v2\/posts\/142976\/revisions"}],"predecessor-version":[{"id":142978,"href":"https:\/\/elinformanteperu.com\/index.php\/wp-json\/wp\/v2\/posts\/142976\/revisions\/142978"}],"wp:featuredmedia":[{"embeddable":true,"href":"https:\/\/elinformanteperu.com\/index.php\/wp-json\/wp\/v2\/media\/142874"}],"wp:attachment":[{"href":"https:\/\/elinformanteperu.com\/index.php\/wp-json\/wp\/v2\/media?parent=142976"}],"wp:term":[{"taxonomy":"category","embeddable":true,"href":"https:\/\/elinformanteperu.com\/index.php\/wp-json\/wp\/v2\/categories?post=142976"},{"taxonomy":"post_tag","embeddable":true,"href":"https:\/\/elinformanteperu.com\/index.php\/wp-json\/wp\/v2\/tags?post=142976"}],"curies":[{"name":"wp","href":"https:\/\/api.w.org\/{rel}","templated":true}]}}