{"id":142866,"date":"2025-10-06T00:12:51","date_gmt":"2025-10-06T05:12:51","guid":{"rendered":"https:\/\/elinformanteperu.com\/?p=142866"},"modified":"2025-10-06T00:12:51","modified_gmt":"2025-10-06T05:12:51","slug":"trujillo-inauguran-en-museo-de-chan-chan-espacio-inclusivo-para-personas-con-discapacidad","status":"publish","type":"post","link":"https:\/\/elinformanteperu.com\/index.php\/2025\/10\/06\/trujillo-inauguran-en-museo-de-chan-chan-espacio-inclusivo-para-personas-con-discapacidad\/","title":{"rendered":"Trujillo: inauguran en Museo de Chan Chan espacio inclusivo para personas con discapacidad"},"content":{"rendered":"<p><strong><span style=\"color: #000000;\">\u2018Aula de los Sentidos, Manos que ven\u2019 es el nombre del lugar<\/span><\/strong><\/p>\n<p><span style=\"color: #000000;\"><strong>Trujillo, 5 de octubre 2025 (ANDINA).<\/strong>&#8211; Se inaugur\u00f3 en el Complejo Arqueol\u00f3gico de Chan Chan, el \u2018Aula de los Sentidos, Manos que Ven\u2019, espacio que acercar\u00e1 el patrimonio cultural a las personas con discapacidad.<\/span><\/p>\n<p><span style=\"color: #000000;\">El acto se efectu\u00f3 en el marco de las actividades por el programa Museos Abiertos, que este mes de octubre conmemora el D\u00eda Nacional de la Persona con Discapacidad. La Direcci\u00f3n Desconcentrada del Ministerio de Cultura en La Libertad se hizo cargo de implementar este espacio.<\/span><\/p>\n<p><span style=\"color: #000000;\">Esta aula permite a los visitantes palpar relieves de Chan Chan replicados cuidadosamente, en un ambiente especialmente acondicionado para fomentar la accesibilidad a estos.<\/span><\/p>\n<p><strong><span style=\"color: #000000;\">Museos Abiertos<\/span><\/strong><\/p>\n<p><a href=\"https:\/\/elinformanteperu.com\/wp-content\/uploads\/2025\/10\/trujillo-museo-chan-chan1.webp\"><img fetchpriority=\"high\" decoding=\"async\" class=\"size-full wp-image-142868 aligncenter\" src=\"https:\/\/elinformanteperu.com\/wp-content\/uploads\/2025\/10\/trujillo-museo-chan-chan1.webp\" alt=\"\" width=\"500\" height=\"351\" srcset=\"https:\/\/elinformanteperu.com\/wp-content\/uploads\/2025\/10\/trujillo-museo-chan-chan1.webp 500w, https:\/\/elinformanteperu.com\/wp-content\/uploads\/2025\/10\/trujillo-museo-chan-chan1-300x211.webp 300w\" sizes=\"(max-width: 500px) 100vw, 500px\" \/><\/a><span style=\"color: #000000;\">La inauguraci\u00f3n estuvo a cargo de la viceministra de Patrimonio Cultural e Industrias Culturales del Mincul, Moira Novoa Silva. Ella destac\u00f3 que este espacio refuerza el compromiso del sector al que pertenece con la democratizaci\u00f3n del acceso al patrimonio y la promoci\u00f3n de una cultura inclusiva.<\/span><\/p>\n<p><span style=\"color: #000000;\">\u201cEl Aula de los Sentidos representa un paso importante hacia la igualdad de oportunidades para disfrutar y comprender nuestro legado cultural\u201d, dijo la funcionaria. \u201cQueremos que todas las personas, sin excepci\u00f3n, puedan conocer y valorar el patrimonio que nos une como pa\u00eds\u201d, a\u00f1adi\u00f3.<\/span><\/p>\n<p><span style=\"color: #000000;\">Asimismo, el Museo de Sitio de Chan Chan recibi\u00f3 la donaci\u00f3n de siete sillas de ruedas, que estar\u00e1n a disposici\u00f3n de los visitantes con discapacidad o movilidad reducida, a fin de que puedan tener una mejor experiencia durante su recorrido museogr\u00e1fico.<\/span><\/p>\n<p><span style=\"color: #000000;\">Hoy, como cada primer domingo del mes, se desarrolla el programa Museos Abiertos, que permite el ingreso gratuito a m\u00e1s de 50 establecimientos de ese tipo y sitios arqueol\u00f3gicos administrados por el Estado en todo el pa\u00eds.<\/span><\/p>\n<p><span style=\"color: #000000;\">El Museo de Sitio de Chan Chan, ubicado en la zona de Villa del Mar del distrito trujillano de Huanchaco, forma parte del referido programa.<\/span><\/p>\n<p><a href=\"https:\/\/elinformanteperu.com\/wp-content\/uploads\/2025\/10\/trujillo-museo-chan-chan2.webp\"><img decoding=\"async\" class=\"size-full wp-image-142869 aligncenter\" src=\"https:\/\/elinformanteperu.com\/wp-content\/uploads\/2025\/10\/trujillo-museo-chan-chan2.webp\" alt=\"\" width=\"500\" height=\"324\" srcset=\"https:\/\/elinformanteperu.com\/wp-content\/uploads\/2025\/10\/trujillo-museo-chan-chan2.webp 500w, https:\/\/elinformanteperu.com\/wp-content\/uploads\/2025\/10\/trujillo-museo-chan-chan2-300x194.webp 300w\" sizes=\"(max-width: 500px) 100vw, 500px\" \/><\/a><\/p>\n","protected":false},"excerpt":{"rendered":"<p>\u2018Aula de los Sentidos, Manos que ven\u2019 es el nombre del lugar Trujillo, 5 de octubre 2025 (ANDINA).&#8211; Se inaugur\u00f3 en el Complejo Arqueol\u00f3gico de Chan Chan, el \u2018Aula de los Sentidos, Manos que Ven\u2019, espacio que acercar\u00e1 el patrimonio cultural a las personas con discapacidad. El acto se efectu\u00f3 en el marco de las [&hellip;]<\/p>\n","protected":false},"author":1,"featured_media":142867,"comment_status":"closed","ping_status":"closed","sticky":false,"template":"","format":"standard","meta":{"rop_custom_images_group":[],"rop_custom_messages_group":[],"rop_publish_now":"initial","rop_publish_now_accounts":[],"rop_publish_now_history":[],"rop_publish_now_status":"pending","footnotes":""},"categories":[10],"tags":[253,3362],"class_list":["post-142866","post","type-post","status-publish","format-standard","has-post-thumbnail","hentry","category-actualidad-municipal","tag-museo-de-sitio-de-chan-chan","tag-trujillo"],"_links":{"self":[{"href":"https:\/\/elinformanteperu.com\/index.php\/wp-json\/wp\/v2\/posts\/142866","targetHints":{"allow":["GET"]}}],"collection":[{"href":"https:\/\/elinformanteperu.com\/index.php\/wp-json\/wp\/v2\/posts"}],"about":[{"href":"https:\/\/elinformanteperu.com\/index.php\/wp-json\/wp\/v2\/types\/post"}],"author":[{"embeddable":true,"href":"https:\/\/elinformanteperu.com\/index.php\/wp-json\/wp\/v2\/users\/1"}],"replies":[{"embeddable":true,"href":"https:\/\/elinformanteperu.com\/index.php\/wp-json\/wp\/v2\/comments?post=142866"}],"version-history":[{"count":1,"href":"https:\/\/elinformanteperu.com\/index.php\/wp-json\/wp\/v2\/posts\/142866\/revisions"}],"predecessor-version":[{"id":142870,"href":"https:\/\/elinformanteperu.com\/index.php\/wp-json\/wp\/v2\/posts\/142866\/revisions\/142870"}],"wp:featuredmedia":[{"embeddable":true,"href":"https:\/\/elinformanteperu.com\/index.php\/wp-json\/wp\/v2\/media\/142867"}],"wp:attachment":[{"href":"https:\/\/elinformanteperu.com\/index.php\/wp-json\/wp\/v2\/media?parent=142866"}],"wp:term":[{"taxonomy":"category","embeddable":true,"href":"https:\/\/elinformanteperu.com\/index.php\/wp-json\/wp\/v2\/categories?post=142866"},{"taxonomy":"post_tag","embeddable":true,"href":"https:\/\/elinformanteperu.com\/index.php\/wp-json\/wp\/v2\/tags?post=142866"}],"curies":[{"name":"wp","href":"https:\/\/api.w.org\/{rel}","templated":true}]}}