{"id":142844,"date":"2025-10-05T22:56:17","date_gmt":"2025-10-06T03:56:17","guid":{"rendered":"https:\/\/elinformanteperu.com\/?p=142844"},"modified":"2025-10-05T22:56:17","modified_gmt":"2025-10-06T03:56:17","slug":"seleccion-peruana-cuando-se-inicia-el-nuevo-proceso-con-los-jugadores-jovenes","status":"publish","type":"post","link":"https:\/\/elinformanteperu.com\/index.php\/2025\/10\/05\/seleccion-peruana-cuando-se-inicia-el-nuevo-proceso-con-los-jugadores-jovenes\/","title":{"rendered":"Selecci\u00f3n peruana: \u00bfCu\u00e1ndo se inicia el nuevo proceso con los jugadores j\u00f3venes?"},"content":{"rendered":"<p><strong><span style=\"color: #000000;\">A \u00faltimo momento, Kevin Quevedo qued\u00f3 fuera de la lista de convocados por motivos personales<\/span><\/strong><\/p>\n<p><span style=\"color: #000000;\"><strong>Lima, 5 de octubre 2025 (ANDINA).-<\/strong> Tras quedar al margen del Mundial 2026, la selecci\u00f3n peruana se alista a iniciar un nuevo proceso al mando del t\u00e9cnico interino Manuel Barreto, quien dej\u00f3 de lado a los jugadores experimentados para enfocarse en el anhelado recambio generacional con futbolista j\u00f3venes, quienes enfrentar\u00e1n a Chile en un amistoso.<\/span><\/p>\n<p><span style=\"color: #000000;\">Barreto dio su lista de convocados el \u00faltimo jueves y desde ese d\u00eda hasta la fecha hubo algunas variantes en la relaci\u00f3n debido a que el delantero de Alianza Lima, Kevin Quevedo qued\u00f3 fuera para el encuentro amistoso ante la de Chile del pr\u00f3ximo 10 de octubre por motivos personales, seg\u00fan inform\u00f3 este s\u00e1bado la Federaci\u00f3n Peruana de F\u00fatbol (FPF).<\/span><\/p>\n<p><span style=\"color: #000000;\">En un comunicado compartido en la red social X, la Federaci\u00f3n peruana dijo que la baja en la convocatoria de Quevedo es resultado de una solicitud del jugador ante el comando t\u00e9cnico de la Bicolor, encabezado en forma interina por Manuel Barreto.<\/span><\/p>\n<p><span style=\"color: #000000;\">Quevedo figuraba entre los delanteros convocados el pasado jueves por la FPF para el partido amistoso que se disputar\u00e1 en Concepci\u00f3n, Chile.<\/span><\/p>\n<blockquote class=\"twitter-tweet\">\n<p dir=\"ltr\" lang=\"pt\">\ud83d\udcc4 \ud835\uddd6\ud835\uddfc\ud835\uddfa\ud835\ude02\ud835\uddfb\ud835\uddf6\ud835\uddf0\ud835\uddee\ud835\uddf1\ud835\uddfc <a href=\"https:\/\/twitter.com\/hashtag\/UnSentimientoQueNosUne?src=hash&amp;ref_src=twsrc%5Etfw\">#UnSentimientoQueNosUne<\/a> <a href=\"https:\/\/t.co\/TnKR3zAu38\">pic.twitter.com\/TnKR3zAu38<\/a><\/p>\n<p>\u2014 La Bicolor (@SeleccionPeru) <a href=\"https:\/\/twitter.com\/SeleccionPeru\/status\/1974523576301809722?ref_src=twsrc%5Etfw\">October 4, 2025<\/a><\/p><\/blockquote>\n<p><script async src=\"https:\/\/platform.twitter.com\/widgets.js\" charset=\"utf-8\"><\/script><\/p>\n","protected":false},"excerpt":{"rendered":"<p>A \u00faltimo momento, Kevin Quevedo qued\u00f3 fuera de la lista de convocados por motivos personales Lima, 5 de octubre 2025 (ANDINA).- Tras quedar al margen del Mundial 2026, la selecci\u00f3n peruana se alista a iniciar un nuevo proceso al mando del t\u00e9cnico interino Manuel Barreto, quien dej\u00f3 de lado a los jugadores experimentados para enfocarse [&hellip;]<\/p>\n","protected":false},"author":1,"featured_media":142845,"comment_status":"closed","ping_status":"closed","sticky":false,"template":"","format":"standard","meta":{"rop_custom_images_group":[],"rop_custom_messages_group":[],"rop_publish_now":"initial","rop_publish_now_accounts":[],"rop_publish_now_history":[],"rop_publish_now_status":"pending","footnotes":""},"categories":[8],"tags":[204,205,137],"class_list":["post-142844","post","type-post","status-publish","format-standard","has-post-thumbnail","hentry","category-disciplinas-deportivas","tag-federacion-peruana-de-futbol","tag-fpf","tag-seleccion-peruana"],"_links":{"self":[{"href":"https:\/\/elinformanteperu.com\/index.php\/wp-json\/wp\/v2\/posts\/142844","targetHints":{"allow":["GET"]}}],"collection":[{"href":"https:\/\/elinformanteperu.com\/index.php\/wp-json\/wp\/v2\/posts"}],"about":[{"href":"https:\/\/elinformanteperu.com\/index.php\/wp-json\/wp\/v2\/types\/post"}],"author":[{"embeddable":true,"href":"https:\/\/elinformanteperu.com\/index.php\/wp-json\/wp\/v2\/users\/1"}],"replies":[{"embeddable":true,"href":"https:\/\/elinformanteperu.com\/index.php\/wp-json\/wp\/v2\/comments?post=142844"}],"version-history":[{"count":1,"href":"https:\/\/elinformanteperu.com\/index.php\/wp-json\/wp\/v2\/posts\/142844\/revisions"}],"predecessor-version":[{"id":142846,"href":"https:\/\/elinformanteperu.com\/index.php\/wp-json\/wp\/v2\/posts\/142844\/revisions\/142846"}],"wp:featuredmedia":[{"embeddable":true,"href":"https:\/\/elinformanteperu.com\/index.php\/wp-json\/wp\/v2\/media\/142845"}],"wp:attachment":[{"href":"https:\/\/elinformanteperu.com\/index.php\/wp-json\/wp\/v2\/media?parent=142844"}],"wp:term":[{"taxonomy":"category","embeddable":true,"href":"https:\/\/elinformanteperu.com\/index.php\/wp-json\/wp\/v2\/categories?post=142844"},{"taxonomy":"post_tag","embeddable":true,"href":"https:\/\/elinformanteperu.com\/index.php\/wp-json\/wp\/v2\/tags?post=142844"}],"curies":[{"name":"wp","href":"https:\/\/api.w.org\/{rel}","templated":true}]}}