{"id":14262,"date":"2017-08-11T00:51:27","date_gmt":"2017-08-11T05:51:27","guid":{"rendered":"http:\/\/elinformanteperu.com\/?p=14262"},"modified":"2017-08-11T00:51:27","modified_gmt":"2017-08-11T05:51:27","slug":"congreso-comisiones-evaluaran-desde-el-lunes-los-proyectos-del-ejecutivo","status":"publish","type":"post","link":"https:\/\/elinformanteperu.com\/index.php\/2017\/08\/11\/congreso-comisiones-evaluaran-desde-el-lunes-los-proyectos-del-ejecutivo\/","title":{"rendered":"Congreso: comisiones evaluar\u00e1n desde el lunes los proyectos del Ejecutivo"},"content":{"rendered":"<p><strong><span style=\"color: #000000;\">A partir del lunes, los cinco proyectos de ley planteados el 28 de julio por el Poder Ejecutivo ser\u00e1n evaluados por las comisiones parlamentarias.<\/span><\/strong><\/p>\n<p><span style=\"color: #000000;\"><strong>Lima, 10 Agosto 2017, (ANDINA).-<\/strong> A partir del lunes, los cinco proyectos de ley planteados el 28 de julio por el Poder Ejecutivo ser\u00e1n evaluados por las comisiones parlamentarias, inform\u00f3 el primer vicepresidente del Congreso, Mario Mantilla, quien resalt\u00f3 que estas iniciativas tendr\u00e1n prioridad.<\/span><\/p>\n<p><span style=\"color: #000000;\">Explic\u00f3 que ni bien fueron presentados la primera vicepresidencia del Congreso tuvo la misi\u00f3n de calificar estos cinco proyectos de ley y derivarlos a las comisiones correspondientes, a fin de que empiecen a ser analizados cuanto antes.<\/span><\/p>\n<p><span style=\"color: #000000;\">\u201cDesde el Parlamento siempre les hemos dado prioridad a todas las propuestas que vienen del Ejecutivo. En ese sentido, exhorto a los presidentes de las comisiones para que los trabajen cuanto antes. El lunes, cuando se instalen las comisiones, deben ya empezar a trabajar\u201d, refiri\u00f3 Mantilla.<\/span><\/p>\n<p><span style=\"color: #000000;\">Como es de conocimiento p\u00fablico, los proyectos presentados por el Ejecutivo buscan, por ejemplo, la simplificaci\u00f3n de expropiaciones para proyectos de infraestructura y modificaciones en la designaci\u00f3n de miembros del Consejo Nacional de la Magistratura (CNM).<\/span><\/p>\n<p><span style=\"color: #000000;\">Asimismo, las iniciativas apuntan a la promoci\u00f3n de las APP en el tratamiento de aguas residuales, as\u00ed como el fortalecimiento del sistema de inspecci\u00f3n del trabajo, y la creaci\u00f3n de una autoridad del transporte urbano para Lima y Callao.<\/span><\/p>\n<p><span style=\"color: #000000;\">Para Mario Mantilla, tambi\u00e9n es saludable que el titular del Congreso, Luis Galarreta, se haya reunido con las distintas bancadas parlamentarias para determinar las prioridades de sus respectivos proyectos de ley, a fin de que puedan ingresar a debate en las sesiones del pleno.<\/span><\/p>\n<p><span style=\"color: #000000;\">\u201cTodos tenemos iniciativa legislativa, pero, por la gran cantidad de proyectos que hay muchos quedan encarpetados y no se pueden debatir, lo que causa descontento en los mismos legisladores. Por eso esta es una excelente idea de Luis Galarreta\u201d, coment\u00f3 el parlamentario en \u00abTV Per\u00fa\u00bb.<\/span><\/p>\n<p><span style=\"color: #000000;\"><strong>Huelga de maestros<\/strong><\/span><\/p>\n<p><span style=\"color: #000000;\">Por otro lado, Mantilla, quien integra las filas de Fuerza Popular, salud\u00f3 la reuni\u00f3n que van a sostener esta tarde el Jefe del Estado, Pedro Pablo Kuczynski, y los dirigentes de los profesores en huelga, y afirm\u00f3 que la poblaci\u00f3n est\u00e1 de acuerdo con que docentes violentistas no participen de la cita.<\/span><\/p>\n<p><span style=\"color: #000000;\">Si bien coincidi\u00f3 en que todos los maestros deben ser adecuadamente remunerados por su sacrificada labor, el parlamentario consider\u00f3 que todo aumento salarial depender\u00e1 del presupuesto que maneje el Gobierno en materia de educaci\u00f3n.<\/span><\/p>\n","protected":false},"excerpt":{"rendered":"<p>A partir del lunes, los cinco proyectos de ley planteados el 28 de julio por el Poder Ejecutivo ser\u00e1n evaluados por las comisiones parlamentarias. Lima, 10 Agosto 2017, (ANDINA).- A partir del lunes, los cinco proyectos de ley planteados el 28 de julio por el Poder Ejecutivo ser\u00e1n evaluados por las comisiones parlamentarias, inform\u00f3 el [&hellip;]<\/p>\n","protected":false},"author":1,"featured_media":13674,"comment_status":"open","ping_status":"open","sticky":false,"template":"","format":"standard","meta":{"rop_custom_images_group":[],"rop_custom_messages_group":[],"rop_publish_now":"initial","rop_publish_now_accounts":[],"rop_publish_now_history":[],"rop_publish_now_status":"pending","footnotes":""},"categories":[5],"tags":[192,1421,2013],"class_list":["post-14262","post","type-post","status-publish","format-standard","has-post-thumbnail","hentry","category-actualidad-informativa","tag-congreso","tag-poder-ejecutivo","tag-poder-legislativo"],"_links":{"self":[{"href":"https:\/\/elinformanteperu.com\/index.php\/wp-json\/wp\/v2\/posts\/14262","targetHints":{"allow":["GET"]}}],"collection":[{"href":"https:\/\/elinformanteperu.com\/index.php\/wp-json\/wp\/v2\/posts"}],"about":[{"href":"https:\/\/elinformanteperu.com\/index.php\/wp-json\/wp\/v2\/types\/post"}],"author":[{"embeddable":true,"href":"https:\/\/elinformanteperu.com\/index.php\/wp-json\/wp\/v2\/users\/1"}],"replies":[{"embeddable":true,"href":"https:\/\/elinformanteperu.com\/index.php\/wp-json\/wp\/v2\/comments?post=14262"}],"version-history":[{"count":1,"href":"https:\/\/elinformanteperu.com\/index.php\/wp-json\/wp\/v2\/posts\/14262\/revisions"}],"predecessor-version":[{"id":14263,"href":"https:\/\/elinformanteperu.com\/index.php\/wp-json\/wp\/v2\/posts\/14262\/revisions\/14263"}],"wp:featuredmedia":[{"embeddable":true,"href":"https:\/\/elinformanteperu.com\/index.php\/wp-json\/wp\/v2\/media\/13674"}],"wp:attachment":[{"href":"https:\/\/elinformanteperu.com\/index.php\/wp-json\/wp\/v2\/media?parent=14262"}],"wp:term":[{"taxonomy":"category","embeddable":true,"href":"https:\/\/elinformanteperu.com\/index.php\/wp-json\/wp\/v2\/categories?post=14262"},{"taxonomy":"post_tag","embeddable":true,"href":"https:\/\/elinformanteperu.com\/index.php\/wp-json\/wp\/v2\/tags?post=14262"}],"curies":[{"name":"wp","href":"https:\/\/api.w.org\/{rel}","templated":true}]}}