{"id":142596,"date":"2025-09-25T19:59:05","date_gmt":"2025-09-26T00:59:05","guid":{"rendered":"https:\/\/elinformanteperu.com\/?p=142596"},"modified":"2025-09-25T19:59:05","modified_gmt":"2025-09-26T00:59:05","slug":"isaias-sono-logra-el-quinto-lugar-en-el-campeonato-mundial-de-para-natacion-singapur-2025","status":"publish","type":"post","link":"https:\/\/elinformanteperu.com\/index.php\/2025\/09\/25\/isaias-sono-logra-el-quinto-lugar-en-el-campeonato-mundial-de-para-natacion-singapur-2025\/","title":{"rendered":"Isa\u00edas Sono logra el quinto lugar en el Campeonato Mundial de Para Nataci\u00f3n Singapur 2025"},"content":{"rendered":"<p><strong><span style=\"color: #000000;\">En la competencia tambi\u00e9n participan los paral\u00edmpicos Dunia Felices y Rodrigo Santill\u00e1n.<\/span><\/strong><\/p>\n<p><span style=\"color: #000000;\"><strong>Lima, 24 de setiembre 202\u00a0 5 (El Informante Per\u00fa).-<\/strong> El paradeportista Isa\u00edas Sono, del programa de Apoyo al Deportista (PAD) del Instituto Peruano del Deporte (IPD), logr\u00f3 el quinto lugar en la final de los 50 metros estilo espalda clase S3, en el Campeonato Mundial de Para Nataci\u00f3n Singapur 2025.<\/span><\/p>\n<p><span style=\"color: #000000;\">\u00abFue una final muy re\u00f1ida y apenas dos segundos y fracci\u00f3n separaron finalmente al peruano Isa\u00edas Sono de un lugar en el podio\u201d, detall\u00f3 la Asociaci\u00f3n Nacional Paral\u00edmpica del Per\u00fa, que resalt\u00f3 el importante apoyo que recibe del IPD para la preparaci\u00f3n de sus paradeportistas.<\/span><\/p>\n<p><span style=\"color: #000000;\">Sono marc\u00f3 un registro de 50s77c, qued\u00e1ndose a 2s29c del ucraniano Serhii PalaMarchuk, quien se apoder\u00f3 de la medalla de bronce.<\/span><\/p>\n<p><span style=\"color: #000000;\">El oro fue a manos del tambi\u00e9n ucraniano Denys Ostapchenko (46s06c) y la de plata para el alem\u00e1n Josia Tim Topf (cronometr\u00f3 47s10c). La cuarta plaza fue para el espa\u00f1ol Daniel Ferrer con 50s44c.<\/span><\/p>\n<p><span style=\"color: #000000;\">Cabe resaltar que son tres los peruanos que participan en el Mundial de Singapur: Isa\u00edas Sono adem\u00e1s de los paral\u00edmpicos Dunia Felices y Rodrigo Santill\u00e1n.<\/span><\/p>\n<p><a href=\"https:\/\/elinformanteperu.com\/wp-content\/uploads\/2025\/09\/isaias-sono1.jpg\"><img fetchpriority=\"high\" decoding=\"async\" class=\"size-full wp-image-142598 aligncenter\" src=\"https:\/\/elinformanteperu.com\/wp-content\/uploads\/2025\/09\/isaias-sono1.jpg\" alt=\"\" width=\"700\" height=\"395\" srcset=\"https:\/\/elinformanteperu.com\/wp-content\/uploads\/2025\/09\/isaias-sono1.jpg 700w, https:\/\/elinformanteperu.com\/wp-content\/uploads\/2025\/09\/isaias-sono1-300x169.jpg 300w, https:\/\/elinformanteperu.com\/wp-content\/uploads\/2025\/09\/isaias-sono1-620x350.jpg 620w\" sizes=\"(max-width: 700px) 100vw, 700px\" \/><\/a><\/p>\n","protected":false},"excerpt":{"rendered":"<p>En la competencia tambi\u00e9n participan los paral\u00edmpicos Dunia Felices y Rodrigo Santill\u00e1n. Lima, 24 de setiembre 202\u00a0 5 (El Informante Per\u00fa).- El paradeportista Isa\u00edas Sono, del programa de Apoyo al Deportista (PAD) del Instituto Peruano del Deporte (IPD), logr\u00f3 el quinto lugar en la final de los 50 metros estilo espalda clase S3, en el [&hellip;]<\/p>\n","protected":false},"author":1,"featured_media":142597,"comment_status":"closed","ping_status":"closed","sticky":false,"template":"","format":"standard","meta":{"rop_custom_images_group":[],"rop_custom_messages_group":[],"rop_publish_now":"initial","rop_publish_now_accounts":[],"rop_publish_now_history":[],"rop_publish_now_status":"pending","footnotes":""},"categories":[8],"tags":[920,417,8587,654,1707,1708],"class_list":["post-142596","post","type-post","status-publish","format-standard","has-post-thumbnail","hentry","category-disciplinas-deportivas","tag-instituto-peruano-del-deporte","tag-ipd","tag-isaias-sono","tag-natacion","tag-pad","tag-programa-de-apoyo-al-deportista"],"_links":{"self":[{"href":"https:\/\/elinformanteperu.com\/index.php\/wp-json\/wp\/v2\/posts\/142596","targetHints":{"allow":["GET"]}}],"collection":[{"href":"https:\/\/elinformanteperu.com\/index.php\/wp-json\/wp\/v2\/posts"}],"about":[{"href":"https:\/\/elinformanteperu.com\/index.php\/wp-json\/wp\/v2\/types\/post"}],"author":[{"embeddable":true,"href":"https:\/\/elinformanteperu.com\/index.php\/wp-json\/wp\/v2\/users\/1"}],"replies":[{"embeddable":true,"href":"https:\/\/elinformanteperu.com\/index.php\/wp-json\/wp\/v2\/comments?post=142596"}],"version-history":[{"count":1,"href":"https:\/\/elinformanteperu.com\/index.php\/wp-json\/wp\/v2\/posts\/142596\/revisions"}],"predecessor-version":[{"id":142599,"href":"https:\/\/elinformanteperu.com\/index.php\/wp-json\/wp\/v2\/posts\/142596\/revisions\/142599"}],"wp:featuredmedia":[{"embeddable":true,"href":"https:\/\/elinformanteperu.com\/index.php\/wp-json\/wp\/v2\/media\/142597"}],"wp:attachment":[{"href":"https:\/\/elinformanteperu.com\/index.php\/wp-json\/wp\/v2\/media?parent=142596"}],"wp:term":[{"taxonomy":"category","embeddable":true,"href":"https:\/\/elinformanteperu.com\/index.php\/wp-json\/wp\/v2\/categories?post=142596"},{"taxonomy":"post_tag","embeddable":true,"href":"https:\/\/elinformanteperu.com\/index.php\/wp-json\/wp\/v2\/tags?post=142596"}],"curies":[{"name":"wp","href":"https:\/\/api.w.org\/{rel}","templated":true}]}}