{"id":14250,"date":"2017-08-11T00:10:38","date_gmt":"2017-08-11T05:10:38","guid":{"rendered":"http:\/\/elinformanteperu.com\/?p=14250"},"modified":"2017-08-11T00:10:38","modified_gmt":"2017-08-11T05:10:38","slug":"mesas-tecnicas-trataran-demandas-especificas-de-docentes-senala-martens","status":"publish","type":"post","link":"https:\/\/elinformanteperu.com\/index.php\/2017\/08\/11\/mesas-tecnicas-trataran-demandas-especificas-de-docentes-senala-martens\/","title":{"rendered":"Mesas t\u00e9cnicas tratar\u00e1n demandas espec\u00edficas de docentes, se\u00f1ala Martens"},"content":{"rendered":"<p><span style=\"color: #000000;\"><strong>La ministra de Educaci\u00f3n, Maril\u00fa Martens, sostuvo que las demandas espec\u00edficas de los gremios de docentes que se encuentran en huelga ser\u00e1n abordadas en mesas t\u00e9cnicas.<\/strong><\/span><\/p>\n<p><span style=\"color: #000000;\"><strong>Lima, 10 Agosto 2017, (ANDINA).-<\/strong> La ministra de Educaci\u00f3n, Maril\u00fa Martens, sostuvo que las demandas espec\u00edficas de los gremios de docentes que se encuentran en huelga ser\u00e1n abordadas en mesas t\u00e9cnicas, y asegur\u00f3 que ning\u00fan maestro evaluado este a\u00f1o ser\u00e1 despedido.<\/span><\/p>\n<p><span style=\"color: #000000;\">Seg\u00fan explic\u00f3, hoy se escuch\u00f3 a delegados m\u00e1s de 17 regiones en torno a demandas espec\u00edficas relacionadas con infraestructura, reorganizaci\u00f3n de docentes o bonos por ubicaci\u00f3n.<\/span><\/p>\n<p><span style=\"color: #000000;\">Indic\u00f3, adem\u00e1s, que todos est\u00e1n de acuerdo con el incremento del sueldo b\u00e1sico a 2000 soles y el adelanto de su aplicaci\u00f3n para diciembre de este a\u00f1o.<\/span><\/p>\n<p><span style=\"color: #000000;\">\u201cEl Ministerio de Educaci\u00f3n mantiene siempre la pol\u00edtica de di\u00e1logo abierto. Siempre vamos a recibir a los docentes, estamos en estas mesas, estamos recibiendo a todos los profesores que no hayan cometido acto de violencia. Queremos llegar a un entendimiento\u201d, dijo en canal N.<\/span><\/p>\n<p><span style=\"color: #000000;\">Martens confirm\u00f3 que ma\u00f1ana viernes continuar\u00e1n las reuniones con delegados de otras regiones, como anunci\u00f3 esta noche el jefe del Gabinete Ministerial, Fernando Zavala.<\/span><\/p>\n<p><span style=\"color: #000000;\">\u201cLo importante que se ha trabajado con los 19 grupos o regiones ha sido el regreso a clases y que todos los estudiantes puedan recibir el servicio educativo, el punto principal es el bienestar de los ni\u00f1os\u201d, a\u00f1adi\u00f3. <\/span><\/p>\n<p><span style=\"color: #000000;\">Tambi\u00e9n refiri\u00f3 que alcanzar\u00e1n a los gremios los cronogramas de c\u00f3mo ser\u00e1n las capacitaciones previas a las evaluaciones, y aclar\u00f3 que no va a haber ning\u00fan despido.<\/span><\/p>\n<p><span style=\"color: #000000;\">\u201cNing\u00fan maestro, de los 6000 evaluados este a\u00f1o, va a ser despedido. Tendr\u00eda que ser tres veces evaluado, dos veces capacitado, y ese es un proceso largo. Nos preocupamos por formar al docente\u201d, enfatiz\u00f3.<\/span><\/p>\n<p><span style=\"color: #000000;\">La ministra dijo, asimismo, que el reinicio de clases ser\u00e1 progresivo y que el compromiso de los representantes de los docentes pasa por volver a las aulas a m\u00e1s tardar el lunes.<\/span><\/p>\n","protected":false},"excerpt":{"rendered":"<p>La ministra de Educaci\u00f3n, Maril\u00fa Martens, sostuvo que las demandas espec\u00edficas de los gremios de docentes que se encuentran en huelga ser\u00e1n abordadas en mesas t\u00e9cnicas. Lima, 10 Agosto 2017, (ANDINA).- La ministra de Educaci\u00f3n, Maril\u00fa Martens, sostuvo que las demandas espec\u00edficas de los gremios de docentes que se encuentran en huelga ser\u00e1n abordadas en [&hellip;]<\/p>\n","protected":false},"author":1,"featured_media":14251,"comment_status":"open","ping_status":"open","sticky":false,"template":"","format":"standard","meta":{"rop_custom_images_group":[],"rop_custom_messages_group":[],"rop_publish_now":"initial","rop_publish_now_accounts":[],"rop_publish_now_history":[],"rop_publish_now_status":"pending","footnotes":""},"categories":[5],"tags":[75,567],"class_list":["post-14250","post","type-post","status-publish","format-standard","has-post-thumbnail","hentry","category-actualidad-informativa","tag-fernando-zavala","tag-marilu-martens"],"_links":{"self":[{"href":"https:\/\/elinformanteperu.com\/index.php\/wp-json\/wp\/v2\/posts\/14250","targetHints":{"allow":["GET"]}}],"collection":[{"href":"https:\/\/elinformanteperu.com\/index.php\/wp-json\/wp\/v2\/posts"}],"about":[{"href":"https:\/\/elinformanteperu.com\/index.php\/wp-json\/wp\/v2\/types\/post"}],"author":[{"embeddable":true,"href":"https:\/\/elinformanteperu.com\/index.php\/wp-json\/wp\/v2\/users\/1"}],"replies":[{"embeddable":true,"href":"https:\/\/elinformanteperu.com\/index.php\/wp-json\/wp\/v2\/comments?post=14250"}],"version-history":[{"count":1,"href":"https:\/\/elinformanteperu.com\/index.php\/wp-json\/wp\/v2\/posts\/14250\/revisions"}],"predecessor-version":[{"id":14252,"href":"https:\/\/elinformanteperu.com\/index.php\/wp-json\/wp\/v2\/posts\/14250\/revisions\/14252"}],"wp:featuredmedia":[{"embeddable":true,"href":"https:\/\/elinformanteperu.com\/index.php\/wp-json\/wp\/v2\/media\/14251"}],"wp:attachment":[{"href":"https:\/\/elinformanteperu.com\/index.php\/wp-json\/wp\/v2\/media?parent=14250"}],"wp:term":[{"taxonomy":"category","embeddable":true,"href":"https:\/\/elinformanteperu.com\/index.php\/wp-json\/wp\/v2\/categories?post=14250"},{"taxonomy":"post_tag","embeddable":true,"href":"https:\/\/elinformanteperu.com\/index.php\/wp-json\/wp\/v2\/tags?post=14250"}],"curies":[{"name":"wp","href":"https:\/\/api.w.org\/{rel}","templated":true}]}}