{"id":142451,"date":"2025-09-12T01:57:37","date_gmt":"2025-09-12T06:57:37","guid":{"rendered":"https:\/\/elinformanteperu.com\/?p=142451"},"modified":"2025-09-12T02:31:02","modified_gmt":"2025-09-12T07:31:02","slug":"los-indomables-la-leyenda-del-ultimo-inca-la-nueva-pelicula-dirigida-por-tito-catacora-se-estrena-el-2-de-octubre-en-cines","status":"publish","type":"post","link":"https:\/\/elinformanteperu.com\/index.php\/2025\/09\/12\/los-indomables-la-leyenda-del-ultimo-inca-la-nueva-pelicula-dirigida-por-tito-catacora-se-estrena-el-2-de-octubre-en-cines\/","title":{"rendered":"\u00abLos Indomables, la leyenda del \u00faltimo inca\u00bb, nueva pel\u00edcula dirigida por Tito Catacora se estrena el 2 de octubre"},"content":{"rendered":"<p><strong><span style=\"color: #000000;\">\u00b7 Una pel\u00edcula \u00e9pica, inspirada en la gesta libertaria de T\u00fapac Amaru, T\u00fapac Katari y Pedro Vilcapaza.<\/span><\/strong><\/p>\n<p><span style=\"color: #000000;\"><strong>Lima, 11 de setiembre 2025 (El Informante Per\u00fa).-<\/strong> De los mismos creadores de las premiadas Wi\u00f1aypacha y Yana-wara, llega \u00abLos Indomables, la leyenda del \u00faltimo inca\u00bb, la nueva pel\u00edcula dirigida por Tito Catacora con guion del recordado Oscar Catacora. El estreno est\u00e1 confirmado para el 2 de octubre en cines de Lima y regiones. Por primera vez en el cine peruano, este filme presenta una historia inspirada en la gesta libertaria de T\u00fapac Amaru, T\u00fapac Katari y Pedro Vilcapaza. Se trata de una obra \u00e9pica que revive momentos hist\u00f3ricos con la fuerza de la resistencia ind\u00edgena. La pel\u00edcula prepara un gran lanzamiento que tendr\u00e1 lugar en Cusco y el avant premiere, que ser\u00e1 en Puno.<\/span><\/p>\n<p><span style=\"color: #000000;\">Registrada en escenarios naturales del sur del pa\u00eds, hablada en quechua, aymara y espa\u00f1ol, cont\u00f3 con un elenco de actores de Cusco, Puno, Lima y Ancash, y m\u00e1s de 300 figurantes en las escenas de batalla. Los Indomables cuenta con la participaci\u00f3n del gran actor Reinaldo Arenas en la figura del ic\u00f3nico personaje de T\u00fapac Amaru II; Edwin Riva como Sapa Inca, Maribel Berrocal como Gregoria, Carlos Victoria como el padre Leonor, Oscar Y\u00e9pez como el Mariscal Mart\u00ednez y Sylvia Majo, entre otros.<\/span><\/p>\n<p><span style=\"color: #000000;\">Ambientada en 1781, Los Indomables, la leyenda del \u00faltimo inca nos presenta a las huestes revolucionarias Amaru-Kataristas que ocupan el altiplano del sur de Per\u00fa. Sapa Inca, el \u00faltimo descendiente de los incas aymaras y su esposa Gregoria, deciden continuar con la insurrecci\u00f3n ind\u00edgena contra los opresores espa\u00f1oles. En una \u00e9poca convulsionada por los cambios, la obsesi\u00f3n por la causa libertaria, el amor en tiempos de caos y la traici\u00f3n entre la hermandad, desencadenar\u00e1n una serie de tragedias.<\/span><\/p>\n<p><a href=\"https:\/\/elinformanteperu.com\/wp-content\/uploads\/2025\/09\/los-indomables-la-leyenda-del-ultimo-inca2.jpg\"><img fetchpriority=\"high\" decoding=\"async\" class=\"size-large wp-image-142452 aligncenter\" src=\"https:\/\/elinformanteperu.com\/wp-content\/uploads\/2025\/09\/los-indomables-la-leyenda-del-ultimo-inca2-1024x540.jpg\" alt=\"\" width=\"615\" height=\"324\" srcset=\"https:\/\/elinformanteperu.com\/wp-content\/uploads\/2025\/09\/los-indomables-la-leyenda-del-ultimo-inca2-1024x540.jpg 1024w, https:\/\/elinformanteperu.com\/wp-content\/uploads\/2025\/09\/los-indomables-la-leyenda-del-ultimo-inca2-300x158.jpg 300w, https:\/\/elinformanteperu.com\/wp-content\/uploads\/2025\/09\/los-indomables-la-leyenda-del-ultimo-inca2-768x405.jpg 768w, https:\/\/elinformanteperu.com\/wp-content\/uploads\/2025\/09\/los-indomables-la-leyenda-del-ultimo-inca2-1536x810.jpg 1536w, https:\/\/elinformanteperu.com\/wp-content\/uploads\/2025\/09\/los-indomables-la-leyenda-del-ultimo-inca2.jpg 1998w\" sizes=\"(max-width: 615px) 100vw, 615px\" \/><\/a><span style=\"color: #000000;\">Desde la creaci\u00f3n del guion original escrito por Oscar Catacora hasta hoy, han pasado 15 a\u00f1os. El proyecto naci\u00f3 a partir de un trabajo compartido entre Oscar y Tito Catacora. En el 2010 ya ten\u00edan el guion incluso convocaron a un casting y realizaron talleres de actuaci\u00f3n con posibles actores, pero por las dimensiones del proyecto y su car\u00e1cter \u00e9pico, constataron que era inviable. Para la puesta en escena y filmaci\u00f3n necesitaban un presupuesto much\u00edsimo mayor al modesto capital con el que contaban.<\/span><\/p>\n<p><span style=\"color: #000000;\">Pese al gran reto de filmar una pel\u00edcula de g\u00e9nero \u00e9pico e hist\u00f3rico, nunca declinaron en su objetivo. \u00abQuer\u00edamos registrar un hecho trascendental, la participaci\u00f3n del poblador nativo originario en la lucha por la independencia del Per\u00fa y su resistencia. En el caso de la rebeli\u00f3n de T\u00fapac Amaru, T\u00fapac Katari y otros caudillos, la historia oficial describe los hechos desde el punto de vista del vencedor, del conquistador. Nosotros en cambio, asumimos el tema desde el punto de vista del vencido\u00bb, aclara el director, Tito Catacora.<\/span><\/p>\n<p><span style=\"color: #000000;\">La pel\u00edcula finalmente se realiz\u00f3 gracias al est\u00edmulo concursable del Ministerio de Cultura. Luego de la partida de Oscar Catacora, Tito Catacora, hizo algunos ajustes al guion pues ten\u00eda limitaciones de presupuesto para crear el ambiente de \u00e9poca. \u00abHemos mantenido la esencia del guion con nuestra visi\u00f3n. Nosotros quer\u00edamos mostrar c\u00f3mo ha sido el accionar de los originarios o ind\u00edgenas al rebelarse. Sabemos, de acuerdo a la historia, que en esa rebeli\u00f3n murieron como cien mil personas; se dice que la sangre corr\u00eda hasta la altura de la rodilla. En la lucha y al defenderse, los guerreros ind\u00edgenas tambi\u00e9n han cometido atrocidades, descargaron su rabia y al rebelarse, masacraron al espa\u00f1ol; eso tambi\u00e9n es parte de nuestra historia\u00bb, comenta Catacora quien adem\u00e1s es profesor de historia y recurri\u00f3 a diversas fuentes hist\u00f3ricas y bibliogr\u00e1ficas, principalmente de historiadores pune\u00f1os.<\/span><\/p>\n<p><a href=\"https:\/\/elinformanteperu.com\/wp-content\/uploads\/2025\/09\/los-indomables-la-leyenda-del-ultimo-inca1.jpg\"><img decoding=\"async\" class=\"size-large wp-image-142454 aligncenter\" src=\"https:\/\/elinformanteperu.com\/wp-content\/uploads\/2025\/09\/los-indomables-la-leyenda-del-ultimo-inca1-1024x539.jpg\" alt=\"\" width=\"615\" height=\"324\" srcset=\"https:\/\/elinformanteperu.com\/wp-content\/uploads\/2025\/09\/los-indomables-la-leyenda-del-ultimo-inca1-1024x539.jpg 1024w, https:\/\/elinformanteperu.com\/wp-content\/uploads\/2025\/09\/los-indomables-la-leyenda-del-ultimo-inca1-300x158.jpg 300w, https:\/\/elinformanteperu.com\/wp-content\/uploads\/2025\/09\/los-indomables-la-leyenda-del-ultimo-inca1-768x404.jpg 768w, https:\/\/elinformanteperu.com\/wp-content\/uploads\/2025\/09\/los-indomables-la-leyenda-del-ultimo-inca1-1536x809.jpg 1536w, https:\/\/elinformanteperu.com\/wp-content\/uploads\/2025\/09\/los-indomables-la-leyenda-del-ultimo-inca1.jpg 1998w\" sizes=\"(max-width: 615px) 100vw, 615px\" \/><\/a><strong><span style=\"color: #000000;\">El pueblo andino como protagonista<\/span><\/strong><\/p>\n<p><span style=\"color: #000000;\">Seg\u00fan el director, Los Indomables busca reivindicar a los pueblos ind\u00edgenas. \u00abHasta el d\u00eda de hoy, todav\u00eda seguimos postergados a todo nivel y hay cierta marginaci\u00f3n. La colonizaci\u00f3n que ha sufrido el poblador andino ha sido atroz, indigna, arrasaron pueblos, les quitaron a sus dioses tutelares y a chicotazo limpio les impusieron la evangelizaci\u00f3n; han da\u00f1ado su alma. El gran prop\u00f3sito de la pel\u00edcula es curar el alma herida que tiene el poblador andino ante tantos a\u00f1os de opresi\u00f3n. El espectador andino va a ver una pel\u00edcula en la que el pueblo andino es el protagonista que enfrenta al poder de esa \u00e9poca, que los guerreros andinos no se dejaron aplastar\u00bb, explica Catacora.<\/span><\/p>\n<p><span style=\"color: #000000;\">Otro de los enfoques importantes de la pel\u00edcula es el papel de la mujer en las luchas de la \u00e9poca y su transcendencia. Eso se ve primero en Micaela Bastidas, esposa de T\u00fapac Amaru II y luego en Bartolina Sisa, esposa de T\u00fapac Katari. \u00abEn nuestra cultura siempre est\u00e1 presente la dualidad hombre-mujer y esa presencia tambi\u00e9n se da en las luchas sociales. Nosotros damos a entender que el papel de la mujer era incluso m\u00e1s importante y m\u00e1s valioso que el del hombre. Y esto es una influencia de lo que sentimos en nuestra familia, la familia de mi sobrino Oscar Catacora, que proviene de un matriarcado. Eso lo hemos querido incorporar en la pel\u00edcula\u00bb, confiesa el director.<\/span><\/p>\n<p><a href=\"https:\/\/elinformanteperu.com\/wp-content\/uploads\/2025\/09\/los-indomables-la-leyenda-del-ultimo-inca-afiche-scaled.jpg\"><img decoding=\"async\" class=\" wp-image-142455 aligncenter\" src=\"https:\/\/elinformanteperu.com\/wp-content\/uploads\/2025\/09\/los-indomables-la-leyenda-del-ultimo-inca-afiche-717x1024.jpg\" alt=\"\" width=\"413\" height=\"590\" srcset=\"https:\/\/elinformanteperu.com\/wp-content\/uploads\/2025\/09\/los-indomables-la-leyenda-del-ultimo-inca-afiche-717x1024.jpg 717w, https:\/\/elinformanteperu.com\/wp-content\/uploads\/2025\/09\/los-indomables-la-leyenda-del-ultimo-inca-afiche-210x300.jpg 210w, https:\/\/elinformanteperu.com\/wp-content\/uploads\/2025\/09\/los-indomables-la-leyenda-del-ultimo-inca-afiche-768x1097.jpg 768w, https:\/\/elinformanteperu.com\/wp-content\/uploads\/2025\/09\/los-indomables-la-leyenda-del-ultimo-inca-afiche-1075x1536.jpg 1075w, https:\/\/elinformanteperu.com\/wp-content\/uploads\/2025\/09\/los-indomables-la-leyenda-del-ultimo-inca-afiche-1434x2048.jpg 1434w, https:\/\/elinformanteperu.com\/wp-content\/uploads\/2025\/09\/los-indomables-la-leyenda-del-ultimo-inca-afiche-scaled.jpg 1792w\" sizes=\"(max-width: 413px) 100vw, 413px\" \/><\/a><span style=\"color: #000000;\">\u00abTambi\u00e9n pensamos que Los Indomables propone a trav\u00e9s del arte, del cine, una reflexi\u00f3n acerca de lo que ocurri\u00f3 en el pasado y lo que ocurre hoy. Reflexionar acerca de lograr una sociedad m\u00e1s justa para todos, donde se reduzcan las brechas de desigualdad. Seguramente habr\u00e1n otros realizadores que tocar\u00e1n el tema desde sus propias miradas, pero nosotros creemos que con esta obra, podemos contribuir desde nuestra visi\u00f3n andina\u00bb.<\/span><\/p>\n<p><span style=\"color: #000000;\">Los Indomables es una producci\u00f3n de Cine Aymara Studios. En el equipo t\u00e9cnico se cont\u00f3 con la direcci\u00f3n y producci\u00f3n de Tito Catacora; guion de Oscar Catacora; fotograf\u00eda de Julio Gonz\u00e1lez y Tito Catacora; sonido de Diego Julca y Rosa Mar\u00eda Oliart; arte de Andr\u00e9s Morales, colorizaci\u00f3n de Pablo Paniagua y los efectos visuales de Christian Miranda y Alfredo Benavides. La distribuci\u00f3n est\u00e1 a cargo de V&amp;R Films.<\/span><\/p>\n<p><iframe title=\"YouTube video player\" src=\"https:\/\/www.youtube-nocookie.com\/embed\/JcZn2atDPvQ?si=akMPBXDDJexqmF0V&amp;controls=0\" width=\"520\" height=\"315\" frameborder=\"0\" allowfullscreen=\"allowfullscreen\"><span data-mce-type=\"bookmark\" style=\"display: inline-block; width: 0px; overflow: hidden; line-height: 0;\" class=\"mce_SELRES_start\">\ufeff<\/span><\/iframe><\/p>\n","protected":false},"excerpt":{"rendered":"<p>\u00b7 Una pel\u00edcula \u00e9pica, inspirada en la gesta libertaria de T\u00fapac Amaru, T\u00fapac Katari y Pedro Vilcapaza. Lima, 11 de setiembre 2025 (El Informante Per\u00fa).- De los mismos creadores de las premiadas Wi\u00f1aypacha y Yana-wara, llega \u00abLos Indomables, la leyenda del \u00faltimo inca\u00bb, la nueva pel\u00edcula dirigida por Tito Catacora con guion del recordado Oscar [&hellip;]<\/p>\n","protected":false},"author":1,"featured_media":142453,"comment_status":"closed","ping_status":"closed","sticky":false,"template":"","format":"standard","meta":{"rop_custom_images_group":[],"rop_custom_messages_group":[],"rop_publish_now":"initial","rop_publish_now_accounts":[],"rop_publish_now_history":[],"rop_publish_now_status":"pending","footnotes":""},"categories":[7],"tags":[1626,2904,8582],"class_list":["post-142451","post","type-post","status-publish","format-standard","has-post-thumbnail","hentry","category-butaca","tag-cine-peruano","tag-oscar-catacora","tag-tito-catacora"],"_links":{"self":[{"href":"https:\/\/elinformanteperu.com\/index.php\/wp-json\/wp\/v2\/posts\/142451","targetHints":{"allow":["GET"]}}],"collection":[{"href":"https:\/\/elinformanteperu.com\/index.php\/wp-json\/wp\/v2\/posts"}],"about":[{"href":"https:\/\/elinformanteperu.com\/index.php\/wp-json\/wp\/v2\/types\/post"}],"author":[{"embeddable":true,"href":"https:\/\/elinformanteperu.com\/index.php\/wp-json\/wp\/v2\/users\/1"}],"replies":[{"embeddable":true,"href":"https:\/\/elinformanteperu.com\/index.php\/wp-json\/wp\/v2\/comments?post=142451"}],"version-history":[{"count":2,"href":"https:\/\/elinformanteperu.com\/index.php\/wp-json\/wp\/v2\/posts\/142451\/revisions"}],"predecessor-version":[{"id":142462,"href":"https:\/\/elinformanteperu.com\/index.php\/wp-json\/wp\/v2\/posts\/142451\/revisions\/142462"}],"wp:featuredmedia":[{"embeddable":true,"href":"https:\/\/elinformanteperu.com\/index.php\/wp-json\/wp\/v2\/media\/142453"}],"wp:attachment":[{"href":"https:\/\/elinformanteperu.com\/index.php\/wp-json\/wp\/v2\/media?parent=142451"}],"wp:term":[{"taxonomy":"category","embeddable":true,"href":"https:\/\/elinformanteperu.com\/index.php\/wp-json\/wp\/v2\/categories?post=142451"},{"taxonomy":"post_tag","embeddable":true,"href":"https:\/\/elinformanteperu.com\/index.php\/wp-json\/wp\/v2\/tags?post=142451"}],"curies":[{"name":"wp","href":"https:\/\/api.w.org\/{rel}","templated":true}]}}