{"id":14244,"date":"2017-08-10T23:43:40","date_gmt":"2017-08-11T04:43:40","guid":{"rendered":"http:\/\/elinformanteperu.com\/?p=14244"},"modified":"2017-08-10T23:43:40","modified_gmt":"2017-08-11T04:43:40","slug":"peru-baja-un-puesto-en-ranking-fifa-previo-al-partido-con-bolivia","status":"publish","type":"post","link":"https:\/\/elinformanteperu.com\/index.php\/2017\/08\/10\/peru-baja-un-puesto-en-ranking-fifa-previo-al-partido-con-bolivia\/","title":{"rendered":"Per\u00fa baja un puesto en \u00abranking\u00bb FIFA previo al partido con Bolivia"},"content":{"rendered":"<p><strong><span style=\"color: #000000;\">La selecci\u00f3n peruana, que dirige el t\u00e9cnico Ricardo Gareca, baj\u00f3 una posici\u00f3n en el \u00abranking\u00bb FIFA, en la antesala al partido con Bolivia y Ecuador.<\/span><\/strong><\/p>\n<p><span style=\"color: #000000;\"><strong>Lima, 10 Agosto 2017, (ANDINA).-<\/strong> La selecci\u00f3n peruana de f\u00fatbol, que dirige el t\u00e9cnico argentino Ricardo Gareca, baj\u00f3 una posici\u00f3n en el \u00abranking\u00bb FIFA, en la antesala al partido con Bolivia y Ecuador por las eliminatorias al Mundial de Rusia 2018.<\/span><\/p>\n<p><span style=\"color: #000000;\">La Blanquirroja se ubica ahora en el puesto 15 con 1,023 puntos, siendo quinto en el contexto sudamericano. Por su parte, Bolivia, su pr\u00f3ximo rival en las eliminatorias, ocupa el casillero 68 a escala mundial y es pen\u00faltimo en Sudam\u00e9rica.<\/span><\/p>\n<p><span style=\"color: #000000;\">Mientras que Brasil sigue siendo la mejor escuadra sudamericana en el \u00abranking\u00bb que entrega la FIFA mes a mes.<\/span><\/p>\n<p><span style=\"color: #000000;\">El \u00abtop ten\u00bb tuvo algunas variaciones. Un mes despu\u00e9s de haber sido destronado por Alemania, Brasil recupera la primera posici\u00f3n de la clasificaci\u00f3n mundial de la FIFA, seg\u00fan la lista publicada este jueves, en la que Argentina permanece tercera.<\/span><\/p>\n<p><span style=\"color: #000000;\">La Verdeamarela de Neymar recupera de esta forma una plaza con respecto a la clasificaci\u00f3n de julio y lo hace reemplazando a Alemania, que cae a la segunda posici\u00f3n; mientras que Argentina se mantiene en el podio. <\/span><\/p>\n<p><span style=\"color: #000000;\">Tambi\u00e9n repiten posici\u00f3n Chile y Colombia, en el puesto 7 y 8, respectivamente; en tanto que M\u00e9xico se a\u00fapa dos plazas (14) y Per\u00fa cae una (15).<\/span><\/p>\n<p><span style=\"color: #000000;\">Polonia alcanza la quinta ubicaci\u00f3n, \u00abla mejor posici\u00f3n de su historia\u00bb, precis\u00f3 la FIFA, \u00abaprovechando la ca\u00edda de dos puestos de Portugal\u00bb, que se queda en el sexto lugar.<\/span><\/p>\n<p><span style=\"color: #000000;\">Espa\u00f1a, por su parte, se mantiene en la und\u00e9cima posici\u00f3n por detr\u00e1s de Francia (10) y B\u00e9lgica (9), que intercambian ubicaciones con respecto a la \u00faltima lista.<\/span><\/p>\n<p><img fetchpriority=\"high\" decoding=\"async\" class=\"aligncenter size-full wp-image-13630\" src=\"http:\/\/elinformanteperu.com\/wp-content\/uploads\/2017\/07\/paolo-bolivia-peru.jpg\" alt=\"\" width=\"1800\" height=\"1012\" srcset=\"https:\/\/elinformanteperu.com\/wp-content\/uploads\/2017\/07\/paolo-bolivia-peru.jpg 1800w, https:\/\/elinformanteperu.com\/wp-content\/uploads\/2017\/07\/paolo-bolivia-peru-300x169.jpg 300w, https:\/\/elinformanteperu.com\/wp-content\/uploads\/2017\/07\/paolo-bolivia-peru-768x432.jpg 768w, https:\/\/elinformanteperu.com\/wp-content\/uploads\/2017\/07\/paolo-bolivia-peru-1024x576.jpg 1024w, https:\/\/elinformanteperu.com\/wp-content\/uploads\/2017\/07\/paolo-bolivia-peru-128x72.jpg 128w, https:\/\/elinformanteperu.com\/wp-content\/uploads\/2017\/07\/paolo-bolivia-peru-32x18.jpg 32w, https:\/\/elinformanteperu.com\/wp-content\/uploads\/2017\/07\/paolo-bolivia-peru-620x350.jpg 620w, https:\/\/elinformanteperu.com\/wp-content\/uploads\/2017\/07\/paolo-bolivia-peru-935x526.jpg 935w\" sizes=\"(max-width: 1800px) 100vw, 1800px\" \/><\/p>\n","protected":false},"excerpt":{"rendered":"<p>La selecci\u00f3n peruana, que dirige el t\u00e9cnico Ricardo Gareca, baj\u00f3 una posici\u00f3n en el \u00abranking\u00bb FIFA, en la antesala al partido con Bolivia y Ecuador. Lima, 10 Agosto 2017, (ANDINA).- La selecci\u00f3n peruana de f\u00fatbol, que dirige el t\u00e9cnico argentino Ricardo Gareca, baj\u00f3 una posici\u00f3n en el \u00abranking\u00bb FIFA, en la antesala al partido con [&hellip;]<\/p>\n","protected":false},"author":1,"featured_media":14245,"comment_status":"open","ping_status":"open","sticky":false,"template":"","format":"standard","meta":{"rop_custom_images_group":[],"rop_custom_messages_group":[],"rop_publish_now":"initial","rop_publish_now_accounts":[],"rop_publish_now_history":[],"rop_publish_now_status":"pending","footnotes":""},"categories":[8],"tags":[168,175,268,137],"class_list":["post-14244","post","type-post","status-publish","format-standard","has-post-thumbnail","hentry","category-disciplinas-deportivas","tag-bolivia","tag-eliminatorias","tag-fifa","tag-seleccion-peruana"],"_links":{"self":[{"href":"https:\/\/elinformanteperu.com\/index.php\/wp-json\/wp\/v2\/posts\/14244","targetHints":{"allow":["GET"]}}],"collection":[{"href":"https:\/\/elinformanteperu.com\/index.php\/wp-json\/wp\/v2\/posts"}],"about":[{"href":"https:\/\/elinformanteperu.com\/index.php\/wp-json\/wp\/v2\/types\/post"}],"author":[{"embeddable":true,"href":"https:\/\/elinformanteperu.com\/index.php\/wp-json\/wp\/v2\/users\/1"}],"replies":[{"embeddable":true,"href":"https:\/\/elinformanteperu.com\/index.php\/wp-json\/wp\/v2\/comments?post=14244"}],"version-history":[{"count":1,"href":"https:\/\/elinformanteperu.com\/index.php\/wp-json\/wp\/v2\/posts\/14244\/revisions"}],"predecessor-version":[{"id":14246,"href":"https:\/\/elinformanteperu.com\/index.php\/wp-json\/wp\/v2\/posts\/14244\/revisions\/14246"}],"wp:featuredmedia":[{"embeddable":true,"href":"https:\/\/elinformanteperu.com\/index.php\/wp-json\/wp\/v2\/media\/14245"}],"wp:attachment":[{"href":"https:\/\/elinformanteperu.com\/index.php\/wp-json\/wp\/v2\/media?parent=14244"}],"wp:term":[{"taxonomy":"category","embeddable":true,"href":"https:\/\/elinformanteperu.com\/index.php\/wp-json\/wp\/v2\/categories?post=14244"},{"taxonomy":"post_tag","embeddable":true,"href":"https:\/\/elinformanteperu.com\/index.php\/wp-json\/wp\/v2\/tags?post=14244"}],"curies":[{"name":"wp","href":"https:\/\/api.w.org\/{rel}","templated":true}]}}