{"id":142299,"date":"2025-09-03T23:16:32","date_gmt":"2025-09-04T04:16:32","guid":{"rendered":"https:\/\/elinformanteperu.com\/?p=142299"},"modified":"2025-09-03T23:16:32","modified_gmt":"2025-09-04T04:16:32","slug":"gallese-dice-que-peru-aun-tiene-la-oportunidad-de-volver-al-mundial","status":"publish","type":"post","link":"https:\/\/elinformanteperu.com\/index.php\/2025\/09\/03\/gallese-dice-que-peru-aun-tiene-la-oportunidad-de-volver-al-mundial\/","title":{"rendered":"Gallese dice que Per\u00fa a\u00fan tiene la oportunidad de volver al Mundial"},"content":{"rendered":"<p><strong><span style=\"color: #000000;\">El arquero dice asegura que el equipo dejar\u00e1 todo en el partido con Uruguay, que se juega el jueves<\/span><\/strong><\/p>\n<p><span style=\"color: #000000;\"><strong>Montevideo, 3 de setiembre 2025 (ANDINA).-<\/strong> El arquero Pedro Gallese asegur\u00f3 este mi\u00e9rcoles que la selecci\u00f3n peruana asume el partido ante Uruguay con la seriedad debida porque significa gran oportunidad de volver al Mundial y que luchar\u00e1n duro porque depende de ellos tomar ese opci\u00f3n.<\/span><\/p>\n<p><span style=\"color: #000000;\">Como capit\u00e1n del equipo nacional, Gallese no quiere dar por perdida la opci\u00f3n de llegar a la \u00faltima fecha de las Eliminatorias con opci\u00f3n de alcanzar la zona de repechaje para as\u00ed intentar llegar al Mundial 2026.<\/span><\/p>\n<p><span style=\"color: #000000;\">En ese sentido, precis\u00f3 que el encuentro ante los uruguayos ser\u00e1 duro, pero que la Blanquirroja tiene jugadores nuevos con ganas de dejarlo todo por lograr el triunfo.<\/span><\/p>\n<p><span style=\"color: #000000;\">\u00abLlegamos a la \u00faltima fecha FIFA con chances, s\u00e9 que ser\u00e1 duro y dif\u00edcil, pero en el f\u00fatbol se han visto muchas cosas dif\u00edciles. El grupo est\u00e1 con ilusi\u00f3n, muchas caras nuevas que tienen ganas de dejar todo por el equipo. Primero enfrentaremos este partido como una final y luego pensaremos en lo que viene\u00bb, asegur\u00f3 en el guardameta.<\/span><\/p>\n<p><span style=\"color: #000000;\">En otro momento, el &#8216;pulpo&#8217; sostuvo que ven el encuentro contra los &#8216;charr\u00faas&#8217; como loa oportunidad de volver a una Copa del Mundo.<\/span><\/p>\n<p><span style=\"color: #000000;\">\u00abM\u00e1s que un recambio, lo veo como una oportunidad, la oportunidad de volver a un Mundial. S\u00e9 que es dif\u00edcil, pero para Per\u00fa siempre lo ha sido. La oportunidad est\u00e1 ah\u00ed, depende de nosotros tomarla, por lo que ma\u00f1ana es el primer paso para dar\u00bb, se\u00f1al\u00f3.<\/span><\/p>\n<p><span style=\"color: #000000;\">Gallese no hizo distinci\u00f3n entre los m\u00e1s experimentados y m\u00e1s j\u00f3venes al se\u00f1alar que todos por igual tienen que dejar el alma por el equipo \u00abCada jugador que est\u00e1 ac\u00e1 se gana su convocatoria. A los m\u00e1s j\u00f3venes, los mayores tratamos de hacerles entender que tienen que dejar todo para el bien del equipo\u00bb.<\/span><\/p>\n<p><span style=\"color: #000000;\">Finalmente, vaticin\u00f3 de que el partido contra los uruguayo se definir\u00e1 por los detalles, ya que ser\u00e1 un partido duro de principio a fin debido a que el conjunto Celeste es una potencia.<\/span><\/p>\n<p><span style=\"color: #000000;\">\u201cSabemos que Uruguay tiene bajas, pero sigue siendo Uruguay, sigue siendo una potencia. Me imagino un partido duro y trabado, las dos selecciones necesitamos ganar, m\u00e1s nosotros, pero veo un partido que se definir\u00e1 en los detalles\u201d.<\/span><\/p>\n<blockquote class=\"twitter-tweet\">\n<p dir=\"ltr\" lang=\"es\">\ud83d\ude03 \ud835\udde8\ud835\uddfb \ud835\uddf1\ud835\uddf6\u0301\ud835\uddee \ud835\uddfa\ud835\uddee\u0301\ud835\ude00 \ud835\uddf7\ud835\ude02\ud835\uddfb\ud835\ude01\ud835\uddfc\ud835\ude00 \ud835\uddf0\ud835\uddfc\ud835\uddfb <a href=\"https:\/\/twitter.com\/hashtag\/%F0%9D%97%9F%F0%9D%97%AE%F0%9D%97%95%F0%9D%97%B6%F0%9D%97%B0%F0%9D%97%BC%F0%9D%97%B9%F0%9D%97%BC%F0%9D%97%BF?src=hash&amp;ref_src=twsrc%5Etfw\">#\ud835\udddf\ud835\uddee\ud835\uddd5\ud835\uddf6\ud835\uddf0\ud835\uddfc\ud835\uddf9\ud835\uddfc\ud835\uddff<\/a> \ud83c\uddf5\ud83c\uddea<\/p>\n<p>\ud83c\udf9f\ufe0f Adquiere tus entradas para alentar a la selecci\u00f3n en Yape y Joinnus aqu\u00ed: <a href=\"https:\/\/t.co\/Q91SRmjEyA\">https:\/\/t.co\/Q91SRmjEyA<\/a><a href=\"https:\/\/twitter.com\/hashtag\/UnSentimientoQueNosUne?src=hash&amp;ref_src=twsrc%5Etfw\">#UnSentimientoQueNosUne<\/a> <a href=\"https:\/\/t.co\/pYlTWq1rv1\">pic.twitter.com\/pYlTWq1rv1<\/a><\/p>\n<p>\u2014 La Bicolor (@SeleccionPeru) <a href=\"https:\/\/twitter.com\/SeleccionPeru\/status\/1963028098175078876?ref_src=twsrc%5Etfw\">September 2, 2025<\/a><\/p><\/blockquote>\n<p><script async src=\"https:\/\/platform.twitter.com\/widgets.js\" charset=\"utf-8\"><\/script><\/p>\n","protected":false},"excerpt":{"rendered":"<p>El arquero dice asegura que el equipo dejar\u00e1 todo en el partido con Uruguay, que se juega el jueves Montevideo, 3 de setiembre 2025 (ANDINA).- El arquero Pedro Gallese asegur\u00f3 este mi\u00e9rcoles que la selecci\u00f3n peruana asume el partido ante Uruguay con la seriedad debida porque significa gran oportunidad de volver al Mundial y que [&hellip;]<\/p>\n","protected":false},"author":1,"featured_media":142300,"comment_status":"closed","ping_status":"closed","sticky":false,"template":"","format":"standard","meta":{"rop_custom_images_group":[],"rop_custom_messages_group":[],"rop_publish_now":"initial","rop_publish_now_accounts":[],"rop_publish_now_history":[],"rop_publish_now_status":"pending","footnotes":""},"categories":[8],"tags":[1198,7043],"class_list":["post-142299","post","type-post","status-publish","format-standard","has-post-thumbnail","hentry","category-disciplinas-deportivas","tag-pedro-gallese","tag-uruguay-peru"],"_links":{"self":[{"href":"https:\/\/elinformanteperu.com\/index.php\/wp-json\/wp\/v2\/posts\/142299","targetHints":{"allow":["GET"]}}],"collection":[{"href":"https:\/\/elinformanteperu.com\/index.php\/wp-json\/wp\/v2\/posts"}],"about":[{"href":"https:\/\/elinformanteperu.com\/index.php\/wp-json\/wp\/v2\/types\/post"}],"author":[{"embeddable":true,"href":"https:\/\/elinformanteperu.com\/index.php\/wp-json\/wp\/v2\/users\/1"}],"replies":[{"embeddable":true,"href":"https:\/\/elinformanteperu.com\/index.php\/wp-json\/wp\/v2\/comments?post=142299"}],"version-history":[{"count":1,"href":"https:\/\/elinformanteperu.com\/index.php\/wp-json\/wp\/v2\/posts\/142299\/revisions"}],"predecessor-version":[{"id":142301,"href":"https:\/\/elinformanteperu.com\/index.php\/wp-json\/wp\/v2\/posts\/142299\/revisions\/142301"}],"wp:featuredmedia":[{"embeddable":true,"href":"https:\/\/elinformanteperu.com\/index.php\/wp-json\/wp\/v2\/media\/142300"}],"wp:attachment":[{"href":"https:\/\/elinformanteperu.com\/index.php\/wp-json\/wp\/v2\/media?parent=142299"}],"wp:term":[{"taxonomy":"category","embeddable":true,"href":"https:\/\/elinformanteperu.com\/index.php\/wp-json\/wp\/v2\/categories?post=142299"},{"taxonomy":"post_tag","embeddable":true,"href":"https:\/\/elinformanteperu.com\/index.php\/wp-json\/wp\/v2\/tags?post=142299"}],"curies":[{"name":"wp","href":"https:\/\/api.w.org\/{rel}","templated":true}]}}