{"id":142252,"date":"2025-09-02T00:53:45","date_gmt":"2025-09-02T05:53:45","guid":{"rendered":"https:\/\/elinformanteperu.com\/?p=142252"},"modified":"2025-09-02T00:53:45","modified_gmt":"2025-09-02T05:53:45","slug":"seleccion-peruana-entreno-con-oliver-sonne-y-kenji-cabrera-en-montevideo","status":"publish","type":"post","link":"https:\/\/elinformanteperu.com\/index.php\/2025\/09\/02\/seleccion-peruana-entreno-con-oliver-sonne-y-kenji-cabrera-en-montevideo\/","title":{"rendered":"Selecci\u00f3n peruana entren\u00f3 con Oliver Sonne y Kenji Cabrera en Montevideo"},"content":{"rendered":"<p><strong><span style=\"color: #000000;\">Los jugadores nacionales que juegan en el extranjero comenzaron a sumarse a los trabajos<\/span><\/strong><\/p>\n<p><span style=\"color: #000000;\"><strong>Lima, 1 de setiembre 2025 (ANDINA).-<\/strong> La selecci\u00f3n peruana contin\u00faa con su preparaci\u00f3n en tierras uruguayas para enfrentar, el jueves 4 de setiembre, a la selecci\u00f3n local en el Estadio Centenario y la novedad de este lunes fue la incorporaci\u00f3n de Oliver Sonne y Kenji Cabrera, quienes se pusieron a las ordenes de \u00d3scar Ib\u00e1\u00f1ez.<\/span><\/p>\n<p><span style=\"color: #000000;\">La escuadra nacional sum\u00f3 su segundo d\u00eda de trabajo en los predios del club Pe\u00f1arol, donde el t\u00e9cnico Ib\u00e1\u00f1ez comenz\u00f3 a bosquejar su equipo titular que mandar\u00e1 al gramado de El Centenario, donde esperan lograr un triunfo milagroso que le permita seguir con respirador artificial en las Eliminatorias al Mundial 2026.<\/span><\/p>\n<p><span style=\"color: #000000;\">Los trabajos de hoy se realizaron en espacios reducidos y los jugadores incidieron mucho en los remates de larga distancia como alternativa de ataque, ya que se vaticina un partido muy cerrado por las caracter\u00edsticas del rival. Se exigieron a los arqueros Carlos C\u00e1ceda y Diego Enr\u00edquez.<\/span><\/p>\n<p><a href=\"https:\/\/elinformanteperu.com\/wp-content\/uploads\/2025\/09\/seleccion-montevideo.jpg\"><img fetchpriority=\"high\" decoding=\"async\" class=\"size-large wp-image-142254 aligncenter\" src=\"https:\/\/elinformanteperu.com\/wp-content\/uploads\/2025\/09\/seleccion-montevideo-1024x683.jpg\" alt=\"\" width=\"615\" height=\"410\" srcset=\"https:\/\/elinformanteperu.com\/wp-content\/uploads\/2025\/09\/seleccion-montevideo-1024x683.jpg 1024w, https:\/\/elinformanteperu.com\/wp-content\/uploads\/2025\/09\/seleccion-montevideo-300x200.jpg 300w, https:\/\/elinformanteperu.com\/wp-content\/uploads\/2025\/09\/seleccion-montevideo-768x512.jpg 768w, https:\/\/elinformanteperu.com\/wp-content\/uploads\/2025\/09\/seleccion-montevideo-1536x1024.jpg 1536w, https:\/\/elinformanteperu.com\/wp-content\/uploads\/2025\/09\/seleccion-montevideo.jpg 1800w\" sizes=\"(max-width: 615px) 100vw, 615px\" \/><\/a><span style=\"color: #000000;\">Los primeros elementos de la legi\u00f3n extranjera en integrarse a los entrenamientos fueron Oliver Sonne y Kenji Cabrera, quienes llegaron procedente de Inglaterra y Estados Unidos, respectivamente.<\/span><\/p>\n<p><span style=\"color: #000000;\">Ambos jugadores fueron sometidos a trabajos diferencias y a un reacondicionamiento f\u00edsico, con la finalidad de que puedan estar a la par con sus dem\u00e1s compa\u00f1eros.<\/span><\/p>\n<p><span style=\"color: #000000;\">En las pr\u00f3ximas horas estar\u00e1n llegando a la capital uruguaya Pedro Gallese, Erick Noriega, Luis Adv\u00edncula, Marcos L\u00f3pez, Renato Tapia, Joao Grimaldo y Luis Ramos, quienes completar\u00e1n el plantel de cara al duelo ante Uruguay.<\/span><\/p>\n<blockquote class=\"twitter-tweet\">\n<p dir=\"ltr\" lang=\"es\">\ud835\udde8\ud835\uddfb \ud835\ude00\ud835\uddfc\ud835\uddf9\ud835\uddfc \ud835\uddf0\ud835\uddfc\ud835\uddff\ud835\uddee\ud835\ude07\ud835\uddfc\u0301\ud835\uddfb, \ud835\ude02\ud835\uddfb\ud835\uddee \ud835\ude00\ud835\uddfc\ud835\uddf9\ud835\uddee \ud835\uddf3\ud835\ude02\ud835\uddf2\ud835\uddff\ud835\ude07\ud835\uddee: \ud835\uddf5\ud835\uddee\ud835\ude00\ud835\ude01\ud835\uddee \ud835\uddf2\ud835\uddf9 \ud835\uddf3\ud835\uddf6\ud835\uddfb\ud835\uddee\ud835\uddf9, \ud835\uddfa\ud835\uddf6 <a href=\"https:\/\/twitter.com\/hashtag\/%F0%9D%97%95%F0%9D%97%B6%F0%9D%97%B0%F0%9D%97%BC%F0%9D%97%B9%F0%9D%97%BC%F0%9D%97%BF?src=hash&amp;ref_src=twsrc%5Etfw\">#\ud835\uddd5\ud835\uddf6\ud835\uddf0\ud835\uddfc\ud835\uddf9\ud835\uddfc\ud835\uddff<\/a> \ud83c\uddf5\ud83c\uddea\u2764\ufe0f\u200d\ud83d\udd25<\/p>\n<p>\ud83c\udf9f\ufe0f \u00daltimo d\u00eda para adquirir tu preventa \ud83c\uddf5\ud83c\uddea \ud83c\udd9a\ud83c\uddf5\ud83c\uddfe en Yape<a href=\"https:\/\/twitter.com\/hashtag\/UnSentimientoQueNosUne?src=hash&amp;ref_src=twsrc%5Etfw\">#UnSentimientoQueNosUne<\/a> <a href=\"https:\/\/t.co\/KDdSZG3crk\">pic.twitter.com\/KDdSZG3crk<\/a><\/p>\n<p>\u2014 La Bicolor (@SeleccionPeru) <a href=\"https:\/\/twitter.com\/SeleccionPeru\/status\/1962250059405299939?ref_src=twsrc%5Etfw\">August 31, 2025<\/a><\/p><\/blockquote>\n<p><script async src=\"https:\/\/platform.twitter.com\/widgets.js\" charset=\"utf-8\"><\/script><\/p>\n","protected":false},"excerpt":{"rendered":"<p>Los jugadores nacionales que juegan en el extranjero comenzaron a sumarse a los trabajos Lima, 1 de setiembre 2025 (ANDINA).- La selecci\u00f3n peruana contin\u00faa con su preparaci\u00f3n en tierras uruguayas para enfrentar, el jueves 4 de setiembre, a la selecci\u00f3n local en el Estadio Centenario y la novedad de este lunes fue la incorporaci\u00f3n de [&hellip;]<\/p>\n","protected":false},"author":1,"featured_media":142253,"comment_status":"closed","ping_status":"closed","sticky":false,"template":"","format":"standard","meta":{"rop_custom_images_group":[],"rop_custom_messages_group":[],"rop_publish_now":"initial","rop_publish_now_accounts":[],"rop_publish_now_history":[],"rop_publish_now_status":"pending","footnotes":""},"categories":[8],"tags":[7282,137,7043],"class_list":["post-142252","post","type-post","status-publish","format-standard","has-post-thumbnail","hentry","category-disciplinas-deportivas","tag-eliminatorias-2026","tag-seleccion-peruana","tag-uruguay-peru"],"_links":{"self":[{"href":"https:\/\/elinformanteperu.com\/index.php\/wp-json\/wp\/v2\/posts\/142252","targetHints":{"allow":["GET"]}}],"collection":[{"href":"https:\/\/elinformanteperu.com\/index.php\/wp-json\/wp\/v2\/posts"}],"about":[{"href":"https:\/\/elinformanteperu.com\/index.php\/wp-json\/wp\/v2\/types\/post"}],"author":[{"embeddable":true,"href":"https:\/\/elinformanteperu.com\/index.php\/wp-json\/wp\/v2\/users\/1"}],"replies":[{"embeddable":true,"href":"https:\/\/elinformanteperu.com\/index.php\/wp-json\/wp\/v2\/comments?post=142252"}],"version-history":[{"count":1,"href":"https:\/\/elinformanteperu.com\/index.php\/wp-json\/wp\/v2\/posts\/142252\/revisions"}],"predecessor-version":[{"id":142255,"href":"https:\/\/elinformanteperu.com\/index.php\/wp-json\/wp\/v2\/posts\/142252\/revisions\/142255"}],"wp:featuredmedia":[{"embeddable":true,"href":"https:\/\/elinformanteperu.com\/index.php\/wp-json\/wp\/v2\/media\/142253"}],"wp:attachment":[{"href":"https:\/\/elinformanteperu.com\/index.php\/wp-json\/wp\/v2\/media?parent=142252"}],"wp:term":[{"taxonomy":"category","embeddable":true,"href":"https:\/\/elinformanteperu.com\/index.php\/wp-json\/wp\/v2\/categories?post=142252"},{"taxonomy":"post_tag","embeddable":true,"href":"https:\/\/elinformanteperu.com\/index.php\/wp-json\/wp\/v2\/tags?post=142252"}],"curies":[{"name":"wp","href":"https:\/\/api.w.org\/{rel}","templated":true}]}}