{"id":142234,"date":"2025-09-01T21:46:07","date_gmt":"2025-09-02T02:46:07","guid":{"rendered":"https:\/\/elinformanteperu.com\/?p=142234"},"modified":"2025-09-01T21:46:07","modified_gmt":"2025-09-02T02:46:07","slug":"seleccion-peruana-entreno-en-montevideo-con-la-presencia-de-carlos-zambrano","status":"publish","type":"post","link":"https:\/\/elinformanteperu.com\/index.php\/2025\/09\/01\/seleccion-peruana-entreno-en-montevideo-con-la-presencia-de-carlos-zambrano\/","title":{"rendered":"Selecci\u00f3n peruana entren\u00f3 en Montevideo con la presencia de Carlos Zambrano"},"content":{"rendered":"<p><strong><span style=\"color: #000000;\">Desde este lunes comenzar\u00e1n a llegar los jugadores que militan en el extranjero<\/span><\/strong><\/p>\n<p><span style=\"color: #000000;\"><strong>Montevideo, 1 de setiembre 2025 (ANDINA).-<\/strong> La selecci\u00f3n peruana realiz\u00f3 este domingo su primer entrenamiento en la ciudad de Montevideo para enfrentar, el jueves 4 de setiembre, a Uruguay por las Eliminatorias al Mundial 2026 y la novedad fue la presencia de Carlos Zambrano, quien se integr\u00f3 a los trabajos tras estar ausente por atender asuntos personales.<\/span><\/p>\n<p><span style=\"color: #000000;\">Con muchas actitud y buen \u00e1nimo, los jugadores peruanos saltaron, en horas de la ma\u00f1ana, al gramado de el campo de entrenamiento 1 del Estadio Campe\u00f3n del Siglo para realizar sus labores de preparaci\u00f3n.<\/span><\/p>\n<p><span style=\"color: #000000;\">A comparaci\u00f3n de d\u00edas previos, se not\u00f3 la presencia del defensor de Alianza Lima, Carlos Zambrano, quien reci\u00e9n se integr\u00f3 al grupo luego de haber estado ausente por atender temas personales.<\/span><\/p>\n<p><span style=\"color: #000000;\">El t\u00e9cnico \u00d3scar Ib\u00e1\u00f1ez mand\u00f3 a realizar juego en espacios reducidos y reci\u00e9n desde este lunes comenzar\u00e1 a ir bosquejando su oncena titular.<\/span><\/p>\n<p><span style=\"color: #000000;\">Desde ma\u00f1ana, los jugadores que militan en el f\u00fatbol extranjeros comenzar\u00e1n a integrarse al grupo. Se espera la presencia de Pedro Gallese, Marco L\u00f3pez, Renato Tapia, Luis Adv\u00edncula, Oliver Sonne, Kenji Cabrera, Luis Ramos y Erick Noriega.<\/span><\/p>\n<p><span style=\"color: #000000;\">Como se sabe, la selecci\u00f3n peruana enfrentar\u00e1 el jueves 4 de setiembre, a las 18:30 horas de Per\u00fa, en el Estadio Centenario a Uruguay con la consigna de ganar para esperar un milagro que le permita abrigar una esperanza de alcanzar la zona de repechaje.<\/span><\/p>\n<p><span style=\"color: #000000;\">Luego de este encuentro, la escuadra nacional retornar\u00e1 a Lima para preparar su partido ante la selecci\u00f3n de Paraguay, que se jugar\u00e1 el martes 9 de setiembre (18:30 horas), en el Estadio Nacional, donde cerrar\u00e1 su participaci\u00f3n en las Eliminatorias al Mundial 2026.<\/span><\/p>\n<p><span style=\"color: #000000;\">Per\u00fa afronta las dos \u00faltimas fechas de las eliminatorias con opciones casi nulas de alcanzar uno de los puestos de clasificaci\u00f3n para el Mundial, al encontrarse pen\u00faltima con 12 puntos, a seis de Venezuela, que tiene 18 unidades y se encuentra en la s\u00e9ptima plaza, que da acceso al repechaje por un cupo mundialista.<\/span><\/p>\n","protected":false},"excerpt":{"rendered":"<p>Desde este lunes comenzar\u00e1n a llegar los jugadores que militan en el extranjero Montevideo, 1 de setiembre 2025 (ANDINA).- La selecci\u00f3n peruana realiz\u00f3 este domingo su primer entrenamiento en la ciudad de Montevideo para enfrentar, el jueves 4 de setiembre, a Uruguay por las Eliminatorias al Mundial 2026 y la novedad fue la presencia de [&hellip;]<\/p>\n","protected":false},"author":1,"featured_media":142235,"comment_status":"closed","ping_status":"closed","sticky":false,"template":"","format":"standard","meta":{"rop_custom_images_group":[],"rop_custom_messages_group":[],"rop_publish_now":"initial","rop_publish_now_accounts":[],"rop_publish_now_history":[],"rop_publish_now_status":"pending","footnotes":""},"categories":[8],"tags":[7282,7043],"class_list":["post-142234","post","type-post","status-publish","format-standard","has-post-thumbnail","hentry","category-disciplinas-deportivas","tag-eliminatorias-2026","tag-uruguay-peru"],"_links":{"self":[{"href":"https:\/\/elinformanteperu.com\/index.php\/wp-json\/wp\/v2\/posts\/142234","targetHints":{"allow":["GET"]}}],"collection":[{"href":"https:\/\/elinformanteperu.com\/index.php\/wp-json\/wp\/v2\/posts"}],"about":[{"href":"https:\/\/elinformanteperu.com\/index.php\/wp-json\/wp\/v2\/types\/post"}],"author":[{"embeddable":true,"href":"https:\/\/elinformanteperu.com\/index.php\/wp-json\/wp\/v2\/users\/1"}],"replies":[{"embeddable":true,"href":"https:\/\/elinformanteperu.com\/index.php\/wp-json\/wp\/v2\/comments?post=142234"}],"version-history":[{"count":1,"href":"https:\/\/elinformanteperu.com\/index.php\/wp-json\/wp\/v2\/posts\/142234\/revisions"}],"predecessor-version":[{"id":142236,"href":"https:\/\/elinformanteperu.com\/index.php\/wp-json\/wp\/v2\/posts\/142234\/revisions\/142236"}],"wp:featuredmedia":[{"embeddable":true,"href":"https:\/\/elinformanteperu.com\/index.php\/wp-json\/wp\/v2\/media\/142235"}],"wp:attachment":[{"href":"https:\/\/elinformanteperu.com\/index.php\/wp-json\/wp\/v2\/media?parent=142234"}],"wp:term":[{"taxonomy":"category","embeddable":true,"href":"https:\/\/elinformanteperu.com\/index.php\/wp-json\/wp\/v2\/categories?post=142234"},{"taxonomy":"post_tag","embeddable":true,"href":"https:\/\/elinformanteperu.com\/index.php\/wp-json\/wp\/v2\/tags?post=142234"}],"curies":[{"name":"wp","href":"https:\/\/api.w.org\/{rel}","templated":true}]}}