{"id":142226,"date":"2025-09-01T21:19:43","date_gmt":"2025-09-02T02:19:43","guid":{"rendered":"https:\/\/elinformanteperu.com\/?p=142226"},"modified":"2025-09-01T21:37:39","modified_gmt":"2025-09-02T02:37:39","slug":"guillermo-del-toro-presenta-en-venecia-un-frankenstein-emotivo-y-personal","status":"publish","type":"post","link":"https:\/\/elinformanteperu.com\/index.php\/2025\/09\/01\/guillermo-del-toro-presenta-en-venecia-un-frankenstein-emotivo-y-personal\/","title":{"rendered":"Guillermo del Toro presenta en Venecia un Frankenstein emotivo y personal"},"content":{"rendered":"<p><strong><span style=\"color: #000000;\">El director mexicano compite por el Le\u00f3n de Oro con una adaptaci\u00f3n g\u00f3tica de la obra de Mary Shelley<\/span><\/strong><\/p>\n<p><span style=\"color: #000000;\"><strong>Venecia, 1 de setiembre 2025 (ANDINA).-<\/strong> Tras el paso por la alfombra roja de cineastas como Yorgos Lanthimos y Noah Baumbach, este s\u00e1bado le lleg\u00f3 el turno a Guillermo del Toro, quien present\u00f3 en la 82\u00aa edici\u00f3n de la Mostra de Venecia su ambiciosa adaptaci\u00f3n de Frankenstein, una historia a la que imprime un marcado tono emotivo y personal.<\/span><\/p>\n<p><span style=\"color: #000000;\">La cinta, producida por Netflix, forma parte de las 21 pel\u00edculas que compiten por el Le\u00f3n de Oro, que se entregar\u00e1 el 6 de setiembre bajo la presidencia del jurado encabezado por el cineasta estadounidense Alexander Payne.<\/span><\/p>\n<p><span style=\"color: #000000;\">Con una est\u00e9tica g\u00f3tica cuidadosamente dise\u00f1ada, Del Toro reinterpreta el cl\u00e1sico de Mary Shelley, centrado en Victor Frankenstein, un cient\u00edfico egoc\u00e9ntrico interpretado por Oscar Isaac, cuyo experimento da vida a una criatura que despierta tanto temor como ternura. La criatura es encarnada por Jacob Elordi (Priscilla), quien aporta matices de fragilidad y humanidad al personaje.<\/span><\/p>\n<p><span style=\"color: #000000;\">\u201cBuscando la vida, cre\u00e9 la muerte\u201d, reflexiona el protagonista en un pasaje del filme, que explora temas de violencia, autoconocimiento e identidad. Para Del Toro, la obra no es una pel\u00edcula de terror, sino \u201cuna historia incre\u00edblemente emocional\u201d sobre la relaci\u00f3n entre padres e hijos.<\/span><\/p>\n<p><span style=\"color: #000000;\">El realizador mexicano, ganador del Oscar y del Le\u00f3n de Oro por La forma del agua, confes\u00f3 que esta pel\u00edcula culmina una b\u00fasqueda personal iniciada en su infancia, cuando descubri\u00f3 las versiones de Frankenstein filmadas por James Whale en los a\u00f1os treinta. \u201cLa obra de Shelley est\u00e1 llena de preguntas existenciales, tiernas y salvajes que me han acompa\u00f1ado desde ni\u00f1o\u201d, declar\u00f3 a la Biennale.<\/span><\/p>\n<p><strong><span style=\"color: #000000;\">Protestas en el festival<\/span><\/strong><\/p>\n<p><span style=\"color: #000000;\">La jornada del s\u00e1bado tambi\u00e9n estuvo marcada por una manifestaci\u00f3n propalestina convocada en el Lido de Venecia bajo el lema \u201cParen el genocidio en Palestina\u201d.<\/span><\/p>\n<p><span style=\"color: #000000;\">La protesta, organizada por el colectivo Venice4Palestine, integrado por profesionales del sector audiovisual, busca \u201cromper el silencio y desviar el foco del festival hacia Palestina\u201d, seg\u00fan se\u00f1alaron en un comunicado.<\/span><\/p>\n<p><span style=\"color: #000000;\">El director art\u00edstico de la Mostra, Alberto Barbera, destac\u00f3 que el festival es un \u201cespacio de apertura y debate\u201d, y reiter\u00f3 su rechazo a la violencia en la regi\u00f3n: \u201cNunca hemos dudado en expresar nuestro enorme sufrimiento frente a lo que est\u00e1 sucediendo en Palestina, sobre todo con la muerte de civiles y ni\u00f1os\u201d.<\/span><\/p>\n<p><span style=\"color: #000000;\">Las manifestaciones continuar\u00e1n el domingo con actividades coordinadas junto al movimiento BDS, que promueve campa\u00f1as de boicot, desinversiones y sanciones contra Israel.<\/span><\/p>\n<p><iframe title=\"YouTube video player\" src=\"https:\/\/www.youtube-nocookie.com\/embed\/lWHBeLH9mfE?si=6AzXZSWvxOPEn721&amp;controls=0\" width=\"520\" height=\"315\" frameborder=\"0\" allowfullscreen=\"allowfullscreen\"><span data-mce-type=\"bookmark\" style=\"display: inline-block; width: 0px; overflow: hidden; line-height: 0;\" class=\"mce_SELRES_start\">\ufeff<\/span><\/iframe><\/p>\n","protected":false},"excerpt":{"rendered":"<p>El director mexicano compite por el Le\u00f3n de Oro con una adaptaci\u00f3n g\u00f3tica de la obra de Mary Shelley Venecia, 1 de setiembre 2025 (ANDINA).- Tras el paso por la alfombra roja de cineastas como Yorgos Lanthimos y Noah Baumbach, este s\u00e1bado le lleg\u00f3 el turno a Guillermo del Toro, quien present\u00f3 en la 82\u00aa [&hellip;]<\/p>\n","protected":false},"author":1,"featured_media":142227,"comment_status":"closed","ping_status":"closed","sticky":false,"template":"","format":"standard","meta":{"rop_custom_images_group":[],"rop_custom_messages_group":[],"rop_publish_now":"initial","rop_publish_now_accounts":[],"rop_publish_now_history":[],"rop_publish_now_status":"pending","footnotes":""},"categories":[7],"tags":[8573,8572,2144],"class_list":["post-142226","post","type-post","status-publish","format-standard","has-post-thumbnail","hentry","category-butaca","tag-festival-de-venecia-2025","tag-frankenstein","tag-guillermo-del-toro"],"_links":{"self":[{"href":"https:\/\/elinformanteperu.com\/index.php\/wp-json\/wp\/v2\/posts\/142226","targetHints":{"allow":["GET"]}}],"collection":[{"href":"https:\/\/elinformanteperu.com\/index.php\/wp-json\/wp\/v2\/posts"}],"about":[{"href":"https:\/\/elinformanteperu.com\/index.php\/wp-json\/wp\/v2\/types\/post"}],"author":[{"embeddable":true,"href":"https:\/\/elinformanteperu.com\/index.php\/wp-json\/wp\/v2\/users\/1"}],"replies":[{"embeddable":true,"href":"https:\/\/elinformanteperu.com\/index.php\/wp-json\/wp\/v2\/comments?post=142226"}],"version-history":[{"count":3,"href":"https:\/\/elinformanteperu.com\/index.php\/wp-json\/wp\/v2\/posts\/142226\/revisions"}],"predecessor-version":[{"id":142230,"href":"https:\/\/elinformanteperu.com\/index.php\/wp-json\/wp\/v2\/posts\/142226\/revisions\/142230"}],"wp:featuredmedia":[{"embeddable":true,"href":"https:\/\/elinformanteperu.com\/index.php\/wp-json\/wp\/v2\/media\/142227"}],"wp:attachment":[{"href":"https:\/\/elinformanteperu.com\/index.php\/wp-json\/wp\/v2\/media?parent=142226"}],"wp:term":[{"taxonomy":"category","embeddable":true,"href":"https:\/\/elinformanteperu.com\/index.php\/wp-json\/wp\/v2\/categories?post=142226"},{"taxonomy":"post_tag","embeddable":true,"href":"https:\/\/elinformanteperu.com\/index.php\/wp-json\/wp\/v2\/tags?post=142226"}],"curies":[{"name":"wp","href":"https:\/\/api.w.org\/{rel}","templated":true}]}}