{"id":142174,"date":"2025-08-29T01:27:18","date_gmt":"2025-08-29T06:27:18","guid":{"rendered":"https:\/\/elinformanteperu.com\/?p=142174"},"modified":"2025-08-29T01:27:18","modified_gmt":"2025-08-29T06:27:18","slug":"ciclo-de-elcine-presenta-cine-internacional-en-el-centro-cultural-pucp","status":"publish","type":"post","link":"https:\/\/elinformanteperu.com\/index.php\/2025\/08\/29\/ciclo-de-elcine-presenta-cine-internacional-en-el-centro-cultural-pucp\/","title":{"rendered":"Ciclo de Elcine presenta: Cine Internacional en el Centro Cultural PUCP"},"content":{"rendered":"<p><strong><span style=\"color: #000000;\">Del 28 de agosto al 17 de setiembre<\/span><\/strong><\/p>\n<p><span style=\"color: #000000;\"><strong>Lima, 28 agosto 2025 (El Informante Per\u00fa).-<\/strong> El Centro Cultural de la Pontificia Universidad Cat\u00f3lica del Per\u00fa presenta una variedad de cintas de inter\u00e9s dentro del ciclo de <strong>Elcine presenta: Cine internacional<\/strong>, disponible en cartelera desde el jueves 28 de agosto hasta el mi\u00e9rcoles 17 de setiembre. El ciclo trae 6 pel\u00edculas que incluyen estrenos, reestrenos recientes y una pel\u00edcula restaurada. En esta selecci\u00f3n encontramos t\u00edtulos de Estados Unidos, Colombia, Irlanda y Palestina, que parten de g\u00e9neros y tem\u00e1ticas diferentes para aportar a la diversidad de la cartelera de nuestra ciudad.<\/span><\/p>\n<p><span style=\"color: #000000;\">Adem\u00e1s, se realizar\u00e1n dos conversatorios al finalizar dos de las funciones del ciclo, tomando a las pel\u00edculas como dispositivos que nos conduzcan al di\u00e1logo sobre temas urgentes. Estos ser\u00e1n de ingreso libre por orden de llegada hasta completar el aforo.<\/span><\/p>\n<p><span style=\"color: #000000;\">El p\u00fablico interesado puede encontrar las entradas en <strong>ccpucpencasa.com<\/strong> y en la boleter\u00eda del <strong>CCPUCP<\/strong> de lunes a domingo de 3:30 a 9:30 p.m.<\/span><\/p>\n<p><strong><span style=\"color: #000000;\">Programaci\u00f3n por pel\u00edcula<\/span><\/strong><\/p>\n<p><strong><span style=\"color: #000000;\">Amores materialistas<\/span><\/strong><br \/>\n<span style=\"color: #000000;\"><strong>Jueves 28 de agosto |<\/strong> 7:00 p.m.<\/span><br \/>\n<span style=\"color: #000000;\"><strong>S\u00e1bado 30 de agosto |<\/strong> 4:00 p.m.<\/span><br \/>\n<span style=\"color: #000000;\"><strong>Domingo 31 de agosto |<\/strong> 8:30 p.m.<\/span><br \/>\n<span style=\"color: #000000;\"><strong>Mi\u00e9rcoles 3 de setiembre |<\/strong> 9:00 p.m.<\/span><br \/>\n<span style=\"color: #000000;\"><strong>S\u00e1bado 6 de setiembre |<\/strong> 6:00 p.m.<\/span><br \/>\n<span style=\"color: #000000;\"><strong>Lunes 8 de setiembre |<\/strong> 5:00 p.m.<\/span><br \/>\n<span style=\"color: #000000;\"><strong>Viernes 12 de setiembre |<\/strong> 6:40 p.m.<\/span><br \/>\n<span style=\"color: #000000;\"><strong>Lunes 15 de setiembre |<\/strong> 9:00 p.m.<\/span><\/p>\n<p><strong><span style=\"color: #000000;\">La vida de Chuck<\/span><\/strong><br \/>\n<span style=\"color: #000000;\"><strong>Martes 2 de setiembre |<\/strong> 9:00 p.m.<\/span><br \/>\n<span style=\"color: #000000;\"><strong>Jueves 4 de setiembre |<\/strong> 6:45 p.m.<\/span><br \/>\n<span style=\"color: #000000;\"><strong>S\u00e1bado 6 de setiembre |<\/strong> 3:30 p.m.<\/span><br \/>\n<span style=\"color: #000000;\"><strong>Mi\u00e9rcoles 10 de setiembre |<\/strong> 6:45 p.m.<\/span><br \/>\n<span style=\"color: #000000;\"><strong>Viernes 12 de setiembre |<\/strong> 9:00 p.m.<\/span><br \/>\n<span style=\"color: #000000;\"><strong>S\u00e1bado 13 de setiembre |<\/strong> 6:30 p.m.<\/span><br \/>\n<span style=\"color: #000000;\"><strong>Lunes 15 de setiembre |<\/strong> 6:30 p.m.<\/span><br \/>\n<span style=\"color: #000000;\"><strong>Mi\u00e9rcoles 17 de setiembre |<\/strong> 9:00 p.m.<\/span><\/p>\n<p><strong><span style=\"color: #000000;\">La salsa vive<\/span><\/strong><br \/>\n<span style=\"color: #000000;\"><strong>Viernes 29 de agosto |<\/strong> 9:00 p.m.<\/span><br \/>\n<span style=\"color: #000000;\"><strong>S\u00e1bado 30 de agosto |<\/strong> 6:30 p.m.<\/span><br \/>\n<span style=\"color: #000000;\"><strong>Martes 2 de setiembre |<\/strong> 6:45 p.m.<\/span><br \/>\n<span style=\"color: #000000;\"><strong>Viernes 5 de setiembre |<\/strong> 7:00 p.m.<\/span><br \/>\n<span style=\"color: #000000;\"><strong>Martes 9 de setiembre |<\/strong> 9:00 p.m.<\/span><br \/>\n<span style=\"color: #000000;\"><strong>S\u00e1bado 13 de setiembre |<\/strong> 4:00 p.m.<\/span><\/p>\n<p><strong><span style=\"color: #000000;\">Peque\u00f1as cosas como esta<\/span><span style=\"color: #000000;\"><br \/>\n<\/span><\/strong><span style=\"color: #000000;\"><strong>Viernes 29 de agosto |<\/strong> 7:00 p.m.<\/span><br \/>\n<span style=\"color: #000000;\"><strong>Domingo 31 de agosto |<\/strong> 4:30 p.m.<\/span><br \/>\n<span style=\"color: #000000;\"><strong>Lunes 1 de setiembre |<\/strong> 5:30 p.m.<\/span><br \/>\n<span style=\"color: #000000;\"><strong>Mi\u00e9rcoles 3 de setiembre |<\/strong> 7:00 p.m.<\/span><br \/>\n<span style=\"color: #000000;\"><strong>Domingo 7 de setiembre |<\/strong> 8:30 p.m.<\/span><br \/>\n<span style=\"color: #000000;\"><strong>Mi\u00e9rcoles 10 de setiembre |<\/strong> 9:15 p.m.<\/span><br \/>\n<span style=\"color: #000000;\"><strong>Domingo 14 de setiembre |<\/strong> 6:30 p.m.<\/span><br \/>\n<span style=\"color: #000000;\"><strong>Martes 16 de setiembre |<\/strong> 7:00 p.m.<\/span><\/p>\n<p><strong><span style=\"color: #000000;\">No other land<\/span><\/strong><br \/>\n<span style=\"color: #000000;\"><strong>Jueves 28 de agosto |<\/strong> 9:15 p.m.<\/span><br \/>\n<span style=\"color: #000000;\"><strong>S\u00e1bado 30 de agosto |<\/strong> 8:30 p.m.<\/span><br \/>\n<span style=\"color: #000000;\"><strong>Domingo 31 de agosto |<\/strong> 6:30 p.m.<\/span><br \/>\n<span style=\"color: #000000;\"><strong>Lunes 1 de setiembre |<\/strong> 7:30 p.m. + conversatorio (ingreso libre)<\/span><br \/>\n<span style=\"color: #000000;\"><strong>Viernes 5 de setiembre |<\/strong> 9:15 p.m.<\/span><br \/>\n<span style=\"color: #000000;\"><strong>Domingo 7 de setiembre |<\/strong> 4:30 p.m.<\/span><br \/>\n<span style=\"color: #000000;\"><strong>Martes 9 de setiembre |<\/strong> 7:00 p.m.<\/span><br \/>\n<span style=\"color: #000000;\"><strong>Jueves 11 de setiembre |<\/strong> 9:00 p.m.<\/span><br \/>\n<span style=\"color: #000000;\"><strong>Domingo 14 de setiembre |<\/strong> 8:30 p.m.<\/span><\/p>\n<p><strong><span style=\"color: #000000;\">La quimera del oro &#8211; 100 A\u00f1os<\/span><\/strong><br \/>\n<span style=\"color: #000000;\"><strong>Jueves 4 de setiembre |<\/strong> 9:00 p.m.<\/span><br \/>\n<span style=\"color: #000000;\"><strong>S\u00e1bado 6 de setiembre |<\/strong> 8:30 p.m.<\/span><br \/>\n<span style=\"color: #000000;\"><strong>Domingo 7 de setiembre |<\/strong> 6:30 p.m.<\/span><br \/>\n<span style=\"color: #000000;\"><strong>Lunes 8 de setiembre |<\/strong> 7:30 p.m. + conversatorio (ingreso libre)<\/span><br \/>\n<span style=\"color: #000000;\"><strong>Jueves 11 de setiembre |<\/strong> 7:00 p.m.<\/span><br \/>\n<span style=\"color: #000000;\"><strong>S\u00e1bado 13 de setiembre |<\/strong> 9:00 p.m.<\/span><br \/>\n<span style=\"color: #000000;\"><strong>Domingo 14 de setiembre |<\/strong> 4:30 p.m.<\/span><br \/>\n<span style=\"color: #000000;\"><strong>Martes 16 de setiembre |<\/strong> 9:00 p.m.<\/span><br \/>\n<span style=\"color: #000000;\"><strong>Mi\u00e9rcoles 17 de setiembre |<\/strong> 7:00 p.m.<\/span><\/p>\n<p><strong><span style=\"color: #000000;\">Conversatorios<\/span><\/strong><br \/>\n<span style=\"color: #000000;\">Ingreso libre por orden de llegada. Aforo limitado<\/span><\/p>\n<p><strong><span style=\"color: #000000;\">Lunes 1 de setiembre<\/span><\/strong><br \/>\n<span style=\"color: #000000;\"><strong>7:30 p.m.<\/strong> NO OTHER LAND<\/span><br \/>\n<span style=\"color: #000000;\"><strong>9:10 p.m.<\/strong> CONVERSATORIO A CARGO DE ARTISTAS POR PALESTINA <\/span><br \/>\n<span style=\"color: #000000;\"><strong>T\u00edtulo:<\/strong> \u201cLa impunidad de la ocupaci\u00f3n\u201d<\/span><br \/>\n<span style=\"color: #000000;\"><strong>Participan:<\/strong> Mariale Bernedo y Juan Carlos Lemus<\/span><br \/>\n<span style=\"color: #000000;\">Modera: Nataniel Furgang<\/span><\/p>\n<p><strong><span style=\"color: #000000;\">Lunes 8 de setiembre<\/span><\/strong><br \/>\n<span style=\"color: #000000;\"><strong>7:30 p.m.<\/strong> LA QUIMERA DEL ORO &#8211; 100 a\u00f1os<\/span><br \/>\n<span style=\"color: #000000;\"><strong>9:10 p.m.<\/strong> CONVERSATORIO<\/span><br \/>\n<span style=\"color: #000000;\"><strong>T\u00edtulo:<\/strong> \u201cChaplin y el arte de formar miradas: Un siglo de La quimera del oro\u201d<\/span><br \/>\n<span style=\"color: #000000;\"><strong>Participan:<\/strong> Sebasti\u00e1n Pimentel y Rossana Diaz Costa<\/span><br \/>\n<span style=\"color: #000000;\"><strong>Modera:<\/strong> Alberto Castro<\/span><\/p>\n<p style=\"text-align: center;\"><strong><span style=\"color: #000000;\">Pel\u00edculas que ser\u00e1n presentadas<\/span><\/strong><\/p>\n<p><strong><span style=\"color: #000000;\">AMORES MATERIALISTAS<\/span><\/strong><br \/>\n<span style=\"color: #000000;\">Estados Unidos | Romance, Comedia | Color | 2025 | 109 min<\/span><\/p>\n<p><span style=\"color: #000000;\"><strong>T\u00edtulo original:<\/strong> MATERIALISTS<\/span><br \/>\n<span style=\"color: #000000;\"><strong>Direcci\u00f3n:<\/strong> Celine Song<\/span><br \/>\n<span style=\"color: #000000;\"><strong>Idioma:<\/strong> Ingl\u00e9s<\/span><br \/>\n<span style=\"color: #000000;\"><strong>Gui\u00f3n:<\/strong> Celine Song<\/span><br \/>\n<span style=\"color: #000000;\"><strong>Fotograf\u00eda:<\/strong> Shabier Kirchner<\/span><br \/>\n<span style=\"color: #000000;\"><strong>M\u00fasica:<\/strong> Daniel Pemberton<\/span><br \/>\n<span style=\"color: #000000;\"><strong>Int\u00e9rpretes:<\/strong> Dakota Johnson, Chris Evans, Pedro Pascal<br \/>\n<\/span><span style=\"color: #000000;\"><strong>P\u00fablico:<\/strong> Apto para mayores de 14 a\u00f1os<\/span><\/p>\n<p><span style=\"color: #000000;\"><strong>Sinopsis:<\/strong> Lucy es una joven casamentera de Nueva York que se encarga de unir solteros para encontrar la pareja perfecta. Sin embargo, su mundo se desestabiliza al encontrarse atrapada en un tri\u00e1ngulo amoroso con Harry, un apuesto financiero multimillonario, y su exnovio John, un actor de poco \u00e9xito.<\/span><\/p>\n<p><strong><span style=\"color: #000000;\">Premios y Festivales<\/span><\/strong><br \/>\n<span style=\"color: #000000;\"><strong>2025 |<\/strong> Astra Midseason Movie Awards | 6 Nominaciones incluyendo mejor pel\u00edcula y mejor direcci\u00f3n<\/span><\/p>\n<p><iframe title=\"Amores Materialistas l Tr\u00e1iler Oficial\" width=\"615\" height=\"346\" src=\"https:\/\/www.youtube.com\/embed\/jJyMcGr6t18?feature=oembed\" frameborder=\"0\" allow=\"accelerometer; autoplay; clipboard-write; encrypted-media; gyroscope; picture-in-picture; web-share\" referrerpolicy=\"strict-origin-when-cross-origin\" allowfullscreen><\/iframe><\/p>\n<p><strong><span style=\"color: #000000;\">LA VIDA DE CHUCK<\/span><\/strong><br \/>\n<span style=\"color: #000000;\">Estados Unidos | Drama | Color | 2025 | 111 min<\/span><\/p>\n<p><span style=\"color: #000000;\"><strong>T\u00edtulo original:<\/strong> THE LIFE OF CHUCK<\/span><br \/>\n<span style=\"color: #000000;\"><strong>Direcci\u00f3n:<\/strong> Mike Flanagan<\/span><br \/>\n<span style=\"color: #000000;\"><strong>Idioma:<\/strong> Ingl\u00e9s<\/span><br \/>\n<span style=\"color: #000000;\"><strong>Gui\u00f3n:<\/strong> Mike Flanagan<\/span><br \/>\n<span style=\"color: #000000;\"><strong>Fotograf\u00eda:<\/strong> Eben Bolter<\/span><br \/>\n<span style=\"color: #000000;\"><strong>M\u00fasica:<\/strong> The Newton Brothers<\/span><br \/>\n<span style=\"color: #000000;\"><strong>Int\u00e9rpretes:<\/strong> Tom Hiddleston, Chiwetel Ejiofor, Karen Gillian, Mark Hamill<br \/>\n<\/span><span style=\"color: #000000;\"><strong>P\u00fablico:<\/strong> Apto para mayores de 14 a\u00f1os<\/span><\/p>\n<p><span style=\"color: #000000;\"><strong>Sinopsis:<\/strong> Una historia optimista basada en la novela corta de Stephen King sobre tres cap\u00edtulos de la vida de un hombre com\u00fan llamado Charles Krantz.<\/span><\/p>\n<p><strong><span style=\"color: #000000;\">Premios y Festivales<\/span><\/strong><br \/>\n<span style=\"color: #000000;\"><strong>2025 |<\/strong> Toronto International Film Festival &#8211; TIFF | Ganador del People\u2019s Choice Award<\/span><br \/>\n<span style=\"color: #000000;\"><strong>2025 |<\/strong> 29 FCL Festival de Cine de Lima PUCP | Aclamadas<\/span><\/p>\n<p><iframe title=\"YouTube video player\" src=\"https:\/\/www.youtube-nocookie.com\/embed\/KSqPzQvc8HU?si=81JN596yObn3i5bp&amp;controls=0\" width=\"520\" height=\"315\" frameborder=\"0\" allowfullscreen=\"allowfullscreen\"><span data-mce-type=\"bookmark\" style=\"display: inline-block; width: 0px; overflow: hidden; line-height: 0;\" class=\"mce_SELRES_start\">\ufeff<\/span><\/iframe><\/p>\n<p><strong><span style=\"color: #000000;\">LA SALSA VIVE<\/span><\/strong><br \/>\n<span style=\"color: #000000;\">Colombia | Documental | Color | 2025 | 101 min<\/span><\/p>\n<p><span style=\"color: #000000;\"><strong>T\u00edtulo original:<\/strong> LA SALSA VIVE<\/span><br \/>\n<span style=\"color: #000000;\"><strong>Direcci\u00f3n:<\/strong> Juan Carvajal<\/span><br \/>\n<span style=\"color: #000000;\"><strong>Idioma:<\/strong> Espa\u00f1ol<\/span><br \/>\n<span style=\"color: #000000;\"><strong>Gui\u00f3n:<\/strong> Juan Carvajal<\/span><br \/>\n<span style=\"color: #000000;\"><strong>Fotograf\u00eda:<\/strong> Mauricio Vidal<\/span><br \/>\n<span style=\"color: #000000;\"><strong>Participantes:<\/strong> Rub\u00e9n Blades, Mauro Castillo, Gary Dominguez<br \/>\n<\/span><span style=\"color: #000000;\"><strong>P\u00fablico:<\/strong> Apto para todo p\u00fablico<\/span><\/p>\n<p><span style=\"color: #000000;\"><strong>Sinopsis:<\/strong> La pel\u00edcula es un recorrido cinematogr\u00e1fico por las ra\u00edces de la salsa en Nueva York, su cuna, y su transformaci\u00f3n en Cali, Colombia, donde este g\u00e9nero musical se vive como una pasi\u00f3n colectiva que define la identidad de la ciudad. Con la participaci\u00f3n de leyendas como Rub\u00e9n Blades, Henry Fiol, Alfredo Linares, \u00c1ngel Lebr\u00f3n, Grupo Niche, y otros grandes exponentes, &#8216;La Salsa Vive&#8217; muestra c\u00f3mo este ritmo ha transformado vidas, convirti\u00e9ndose en refugio e inspiraci\u00f3n para generaciones enteras.<\/span><\/p>\n<p><strong><span style=\"color: #000000;\">Premios y Festivales<\/span><\/strong><br \/>\n<span style=\"color: #000000;\"><strong>2025 |<\/strong> SXSW | World Premier<\/span><\/p>\n<p><iframe title=\"YouTube video player\" src=\"https:\/\/www.youtube-nocookie.com\/embed\/C4ki5GKrX80?si=t7QiBUxUmnXecZp-&amp;controls=0\" width=\"520\" height=\"315\" frameborder=\"0\" allowfullscreen=\"allowfullscreen\"><span data-mce-type=\"bookmark\" style=\"display: inline-block; width: 0px; overflow: hidden; line-height: 0;\" class=\"mce_SELRES_start\">\ufeff<\/span><\/iframe><\/p>\n<p><strong><span style=\"color: #000000;\">PEQUE\u00d1AS COSAS COMO ESTAS<\/span><\/strong><br \/>\n<span style=\"color: #000000;\">Irlanda, B\u00e9lgica, Estados Unidos | Drama | Color | 2024 | 98 min<\/span><\/p>\n<p><span style=\"color: #000000;\"><strong>T\u00edtulo original:<\/strong> SMALL THINGS LIKE THESE<\/span><br \/>\n<span style=\"color: #000000;\"><strong>Direcci\u00f3n:<\/strong> Tim Mielants<\/span><br \/>\n<span style=\"color: #000000;\"><strong>Idioma:<\/strong> Ingl\u00e9s<\/span><br \/>\n<span style=\"color: #000000;\"><strong>Gui\u00f3n:<\/strong> Enda Walsh<\/span><br \/>\n<span style=\"color: #000000;\"><strong>Fotograf\u00eda:<\/strong> Frank van den Eeden<\/span><br \/>\n<span style=\"color: #000000;\"><strong>M\u00fasica:<\/strong> Senjan Jansen<\/span><br \/>\n<span style=\"color: #000000;\"><strong>Int\u00e9rpretes:<\/strong> Cillian Murphy, Eileen Walsh, Emily Watson<br \/>\n<\/span><span style=\"color: #000000;\"><strong>P\u00fablico:<\/strong> Apto para mayores de 12 a\u00f1os<\/span><\/p>\n<p><span style=\"color: #000000;\"><strong>Sinopsis:<\/strong> Bill Furlong trabaja como comerciante de carb\u00f3n para mantenerse a s\u00ed mismo, a su esposa y a sus cinco hijas. Una ma\u00f1ana temprano, mientras reparte carb\u00f3n en el convento local, hace un descubrimiento que lo obliga a enfrentarse a su pasado y al silencio c\u00f3mplice de un pueblo controlado por la Iglesia Cat\u00f3lica.<\/span><\/p>\n<p><strong><span style=\"color: #000000;\">Premios y Festivales<\/span><\/strong><br \/>\n<span style=\"color: #000000;\"><strong>2024 |<\/strong> Berlin International Film Festival | Premio a mejor actriz de reparto<\/span><br \/>\n<span style=\"color: #000000;\"><strong>2025 |<\/strong> Irish Film and Television Awards | Premio a mejor pel\u00edcula, mejor guion y mejor actor<\/span><\/p>\n<p><iframe title=\"YouTube video player\" src=\"https:\/\/www.youtube-nocookie.com\/embed\/iV1gNhYbgcc?si=MD_encdzMaIVC0Ya&amp;controls=0\" width=\"520\" height=\"315\" frameborder=\"0\" allowfullscreen=\"allowfullscreen\"><span data-mce-type=\"bookmark\" style=\"display: inline-block; width: 0px; overflow: hidden; line-height: 0;\" class=\"mce_SELRES_start\">\ufeff<\/span><\/iframe><\/p>\n<p><strong><span style=\"color: #000000;\">NO OTHER LAND<\/span><\/strong><br \/>\n<span style=\"color: #000000;\">Palestina, Israel, Alemania, Noruega | Documental | Color | 2024 | 92 min<\/span><\/p>\n<p><span style=\"color: #000000;\"><strong>T\u00edtulo original:<\/strong> NO OTHER LAND<\/span><br \/>\n<span style=\"color: #000000;\"><strong>Direcci\u00f3n:<\/strong> Basel Adra, Hamdan Ballal, Yuval Abraham, Rachel Szor<\/span><br \/>\n<span style=\"color: #000000;\"><strong>Idioma original:<\/strong> \u00c1rabe, Ingl\u00e9s, Hebreo<\/span><br \/>\n<span style=\"color: #000000;\"><strong>Gui\u00f3n:<\/strong> Basel Adra, Rachel Szor, Hamdan Ballal, Yuval Abraham<\/span><br \/>\n<span style=\"color: #000000;\"><strong>Fotograf\u00eda:<\/strong> Rachel Szor<\/span><br \/>\n<span style=\"color: #000000;\"><strong>M\u00fasica:<\/strong> Julius Pollux Rothlaender<\/span><br \/>\n<span style=\"color: #000000;\"><strong>Participantes:<\/strong> Yuval Abraham, Basel Adra, Hamdan Ballal<br \/>\n<strong>P\u00fablico:<\/strong> Apta para mayores de 14 a\u00f1os<br \/>\n<\/span><\/p>\n<p><span style=\"color: #000000;\"><strong>Sinopsis:<\/strong> Durante media d\u00e9cada, Basel Adra, un activista palestino, filma c\u00f3mo su comunidad de Masafer Yatta est\u00e1 siendo destruida por la ocupaci\u00f3n israel\u00ed, mientras construye una alianza improbable con un periodista israel\u00ed que quiere unirse a su lucha.<\/span><\/p>\n<p><strong><span style=\"color: #000000;\">Premios y Festivales<\/span><\/strong><br \/>\n<span style=\"color: #000000;\"><strong>2025 |<\/strong> Premios Oscar | Mejor pel\u00edcula documental<\/span><br \/>\n<span style=\"color: #000000;\"><strong>2025 |<\/strong> Film Independent Spirit Awards | Mejor pel\u00edcula documental<\/span><br \/>\n<span style=\"color: #000000;\"><strong>2025 |<\/strong> Palm Springs International Film Festival | Mejor pel\u00edcula documental<\/span><br \/>\n<span style=\"color: #000000;\"><strong>2024 |<\/strong> Berlin International Film Festival | Premio Panorama Audience y Premio a mejor Documental<\/span><br \/>\n<span style=\"color: #000000;\"><strong>2024 |<\/strong> Gotham Awards | Mejor pel\u00edcula documental<\/span><br \/>\n<span style=\"color: #000000;\"><strong>2024 |<\/strong> S\u00e3o Paulo International Film Festival | Mejor pel\u00edcula documental<\/span><br \/>\n<span style=\"color: #000000;\"><strong>2024 |<\/strong> Visions du R\u00e9el International Film Festival Nyon | Audience Award Grand Angle Competition<\/span><br \/>\n<span style=\"color: #000000;\"><strong>2024 |<\/strong> Busan International Film Festival | Wide Angle Cinephile Award<\/span><br \/>\n<span style=\"color: #000000;\"><strong>2024 |<\/strong> European Film Awards | Mejor documental europeo<\/span><\/p>\n<p><iframe title=\"YouTube video player\" src=\"https:\/\/www.youtube-nocookie.com\/embed\/6RSpIjy72mk?si=TlVI0nVsfI40dJCd&amp;controls=0\" width=\"520\" height=\"315\" frameborder=\"0\" allowfullscreen=\"allowfullscreen\"><span data-mce-type=\"bookmark\" style=\"display: inline-block; width: 0px; overflow: hidden; line-height: 0;\" class=\"mce_SELRES_start\">\ufeff<\/span><\/iframe><\/p>\n<p><strong><span style=\"color: #000000;\">LA QUIMERA DEL ORO &#8211; 100 A\u00d1OS<\/span><\/strong><br \/>\n<span style=\"color: #000000;\">Estados Unidos | Comedia, Drama | B&amp;N | 1925 | 95 min<\/span><\/p>\n<p><span style=\"color: #000000;\"><strong>T\u00edtulo original:<\/strong> THE GOLD RUSH<\/span><br \/>\n<span style=\"color: #000000;\"><strong>Direcci\u00f3n:<\/strong> Charles Chaplin<\/span><br \/>\n<span style=\"color: #000000;\"><strong>Idioma:<\/strong> Sin di\u00e1logos<\/span><br \/>\n<span style=\"color: #000000;\"><strong>Gui\u00f3n:<\/strong> Charles Chaplin<\/span><br \/>\n<span style=\"color: #000000;\"><strong>Fotograf\u00eda:<\/strong> Roland Totheroh, Jack Wilson<\/span><br \/>\n<span style=\"color: #000000;\"><strong>M\u00fasica:<\/strong> Max Terr<\/span><br \/>\n<span style=\"color: #000000;\"><strong>Int\u00e9rpretes:<\/strong> Charles Chaplin, Mack Swain, Tom Murray<br \/>\n<strong>P\u00fablico:<\/strong> Apto para todo p\u00fablico<br \/>\n<\/span><\/p>\n<p><span style=\"color: #000000;\"><strong>Sinopsis:<\/strong> Aniversario 100 de la obra maestra de Chaplin, en la que interpreta a un solitario buscador de oro que llega a Alaska, a principios de siglo, en busca de fortuna. Una fuerte tormenta de nieve le llevar\u00e1 a refugiarse en la caba\u00f1a de un bandido. En 1942 fue reestrenada en versi\u00f3n sonora.<\/span><\/p>\n<p><strong><span style=\"color: #000000;\">Premios y Festivales<\/span><\/strong><br \/>\n<span style=\"color: #000000;\"><strong>1943 |<\/strong> Premios Oscar | Nominada a mejor sonido y mejor musicalizaci\u00f3n<\/span><br \/>\n<span style=\"color: #000000;\"><strong>1992 |<\/strong> National Film Preservation Board, USA | Ganadora al registro nacional f\u00edlmico<\/span><br \/>\n<span style=\"color: #000000;\"><strong>2025 |<\/strong> Festival de Cannes | Cannes Classics &#8211; Selecci\u00f3n oficial<\/span><\/p>\n<p><iframe title=\"YouTube video player\" src=\"https:\/\/www.youtube-nocookie.com\/embed\/hPkNMHZ1bR8?si=hbMEbdNOzH7U5Q2a&amp;controls=0\" width=\"520\" height=\"315\" frameborder=\"0\" allowfullscreen=\"allowfullscreen\"><span data-mce-type=\"bookmark\" style=\"display: inline-block; width: 0px; overflow: hidden; line-height: 0;\" class=\"mce_SELRES_start\">\ufeff<\/span><\/iframe><\/p>\n<p><strong><span style=\"color: #000000;\">CINE CCPUCP<\/span><\/strong><br \/>\n<strong><span style=\"color: #000000;\">ELCINE PRESENTA: CINE INTERNACIONAL<\/span><\/strong><br \/>\n<span style=\"color: #000000;\">Del 28 de agosto al 17 de setiembre<\/span><\/p>\n<p><strong><span style=\"color: #000000;\">LUGAR<\/span><\/strong><br \/>\n<span style=\"color: #000000;\">Sala Azul CCPUCP<\/span><br \/>\n<span style=\"color: #000000;\">Avenida Camino Real 1075, San Isidro.<\/span><\/p>\n<p><strong><span style=\"color: #000000;\">VENTA DE ENTRADAS<\/span><\/strong><br \/>\n<span style=\"color: #000000;\"><strong>S\/ 17.00 |<\/strong> General<\/span><br \/>\n<span style=\"color: #000000;\"><strong>S\/ 15.00 |<\/strong> Estudiantes<\/span><br \/>\n<span style=\"color: #000000;\"><strong>S\/ 13.00 |<\/strong> Precio CONADIS. Presentar carn\u00e9 al ingresar a la sala.<\/span><br \/>\n<span style=\"color: #000000;\"><strong>S\/ 12.00 |<\/strong> Precio Especial PUCP<\/span><br \/>\n<span style=\"color: #000000;\"><strong>S\/ 14.50 |<\/strong> Precio BBVA y Suscriptores El Comercio<\/span><br \/>\n<span style=\"color: #000000;\"><strong>S\/ 10.00 |<\/strong> Espacio silla de ruedas<\/span><br \/>\n<span style=\"color: #000000;\"><strong>S\/ 10.00 |<\/strong> Lunes cin\u00e9filos.<\/span><\/p>\n","protected":false},"excerpt":{"rendered":"<p>Del 28 de agosto al 17 de setiembre Lima, 28 agosto 2025 (El Informante Per\u00fa).- El Centro Cultural de la Pontificia Universidad Cat\u00f3lica del Per\u00fa presenta una variedad de cintas de inter\u00e9s dentro del ciclo de Elcine presenta: Cine internacional, disponible en cartelera desde el jueves 28 de agosto hasta el mi\u00e9rcoles 17 de setiembre. [&hellip;]<\/p>\n","protected":false},"author":1,"featured_media":121354,"comment_status":"closed","ping_status":"closed","sticky":false,"template":"","format":"standard","meta":{"rop_custom_images_group":[],"rop_custom_messages_group":[],"rop_publish_now":"initial","rop_publish_now_accounts":[],"rop_publish_now_history":[],"rop_publish_now_status":"pending","footnotes":""},"categories":[7],"tags":[2736],"class_list":["post-142174","post","type-post","status-publish","format-standard","has-post-thumbnail","hentry","category-butaca","tag-ccpucp"],"_links":{"self":[{"href":"https:\/\/elinformanteperu.com\/index.php\/wp-json\/wp\/v2\/posts\/142174","targetHints":{"allow":["GET"]}}],"collection":[{"href":"https:\/\/elinformanteperu.com\/index.php\/wp-json\/wp\/v2\/posts"}],"about":[{"href":"https:\/\/elinformanteperu.com\/index.php\/wp-json\/wp\/v2\/types\/post"}],"author":[{"embeddable":true,"href":"https:\/\/elinformanteperu.com\/index.php\/wp-json\/wp\/v2\/users\/1"}],"replies":[{"embeddable":true,"href":"https:\/\/elinformanteperu.com\/index.php\/wp-json\/wp\/v2\/comments?post=142174"}],"version-history":[{"count":1,"href":"https:\/\/elinformanteperu.com\/index.php\/wp-json\/wp\/v2\/posts\/142174\/revisions"}],"predecessor-version":[{"id":142175,"href":"https:\/\/elinformanteperu.com\/index.php\/wp-json\/wp\/v2\/posts\/142174\/revisions\/142175"}],"wp:featuredmedia":[{"embeddable":true,"href":"https:\/\/elinformanteperu.com\/index.php\/wp-json\/wp\/v2\/media\/121354"}],"wp:attachment":[{"href":"https:\/\/elinformanteperu.com\/index.php\/wp-json\/wp\/v2\/media?parent=142174"}],"wp:term":[{"taxonomy":"category","embeddable":true,"href":"https:\/\/elinformanteperu.com\/index.php\/wp-json\/wp\/v2\/categories?post=142174"},{"taxonomy":"post_tag","embeddable":true,"href":"https:\/\/elinformanteperu.com\/index.php\/wp-json\/wp\/v2\/tags?post=142174"}],"curies":[{"name":"wp","href":"https:\/\/api.w.org\/{rel}","templated":true}]}}