{"id":142151,"date":"2025-08-28T23:59:04","date_gmt":"2025-08-29T04:59:04","guid":{"rendered":"https:\/\/elinformanteperu.com\/?p=142151"},"modified":"2025-08-28T23:59:04","modified_gmt":"2025-08-29T04:59:04","slug":"nueva-version-de-dracula-ya-en-cines","status":"publish","type":"post","link":"https:\/\/elinformanteperu.com\/index.php\/2025\/08\/28\/nueva-version-de-dracula-ya-en-cines\/","title":{"rendered":"Nueva versi\u00f3n de \u00abDr\u00e1cula\u00bb ya en cines"},"content":{"rendered":"<p><span style=\"color: #000000;\"><strong>Lima, 28 agosto 2025 (El Informante Per\u00fa).-<\/strong> Ya en cartelera \u00abDr\u00e1cula\u00bb, una nueva adaptaci\u00f3n cinematogr\u00e1fica del cl\u00e1sico de Bram Stoker que une el estilo visual inconfundible de Luc Besson con la intensidad actoral de Christoph Waltz (\u00abDjango sin cadenas\u00bb, \u00abBastardos sin gloria\u00bb). Como si fuera poco, el filme cuenta con una banda sonora compuesta por el gran Danny Elfman (\u00abBatman\u00bb, \u00abEl Joven Manos de Tijeras\u00bb).<\/span><\/p>\n<p><span style=\"color: #000000;\">\u00abDr\u00e1cula\u00bb reinterpreta el mito del vampiro a trav\u00e9s de una narrativa profundamente emocional, donde el amor trasciende el tiempo y la muerte. La historia sigue a un pr\u00edncipe del siglo XV que, tras perder a su esposa, desaf\u00eda a Dios y se transforma en vampiro. Siglos despu\u00e9s, en el Londres del siglo XIX, encuentra a una mujer que parece ser el reflejo de su amada perdida, iniciando una persecuci\u00f3n que sellar\u00e1 su destino.<\/span><\/p>\n<p><a href=\"https:\/\/elinformanteperu.com\/wp-content\/uploads\/2025\/08\/dracula-luc-besson2.jpeg\"><img fetchpriority=\"high\" decoding=\"async\" class=\"size-full wp-image-142153 aligncenter\" src=\"https:\/\/elinformanteperu.com\/wp-content\/uploads\/2025\/08\/dracula-luc-besson2.jpeg\" alt=\"\" width=\"800\" height=\"533\" srcset=\"https:\/\/elinformanteperu.com\/wp-content\/uploads\/2025\/08\/dracula-luc-besson2.jpeg 800w, https:\/\/elinformanteperu.com\/wp-content\/uploads\/2025\/08\/dracula-luc-besson2-300x200.jpeg 300w, https:\/\/elinformanteperu.com\/wp-content\/uploads\/2025\/08\/dracula-luc-besson2-768x512.jpeg 768w\" sizes=\"(max-width: 800px) 100vw, 800px\" \/><\/a><span style=\"color: #000000;\">El reparto lo completan Caleb Landry Jones y Matilda De Angelis en una producci\u00f3n internacional entre Francia y Reino Unido que apuesta por una est\u00e9tica g\u00f3tica moderna, efectos visuales impactantes y una narrativa cargada de emociones intensas.<\/span><\/p>\n<p><span style=\"color: #000000;\">Este film se suma a la nueva ola de adaptaciones del terror rom\u00e1ntico, al nivel de producciones recientes como \u00abNosferatu\u00bb (2024) y \u00abCrimson Peak\u00bb (2015).<\/span><\/p>\n<p><strong><span style=\"color: #000000;\">\u00abMe interesaba m\u00e1s su dimensi\u00f3n art\u00edstica que su oscuridad\u00bb<\/span><\/strong><\/p>\n<p><a href=\"https:\/\/elinformanteperu.com\/wp-content\/uploads\/2025\/08\/dracula-luc-besson1.jpeg\"><img decoding=\"async\" class=\"size-full wp-image-142154 aligncenter\" src=\"https:\/\/elinformanteperu.com\/wp-content\/uploads\/2025\/08\/dracula-luc-besson1.jpeg\" alt=\"\" width=\"800\" height=\"533\" srcset=\"https:\/\/elinformanteperu.com\/wp-content\/uploads\/2025\/08\/dracula-luc-besson1.jpeg 800w, https:\/\/elinformanteperu.com\/wp-content\/uploads\/2025\/08\/dracula-luc-besson1-300x200.jpeg 300w, https:\/\/elinformanteperu.com\/wp-content\/uploads\/2025\/08\/dracula-luc-besson1-768x512.jpeg 768w\" sizes=\"(max-width: 800px) 100vw, 800px\" \/><\/a><span style=\"color: #000000;\">\u00abTodo comenz\u00f3 porque Caleb Landry Jones y yo quer\u00edamos volver a trabajar juntos. Un d\u00eda, en el rodaje de \u00abDogman\u00bb, le pregunt\u00e9 qu\u00e9 le gustar\u00eda hacer despu\u00e9s. Hablamos de las grandes figuras cl\u00e1sicas, en particular de los personajes monstruosos, y surgi\u00f3 el entusiasmo compartido por Dr\u00e1cula. Volv\u00ed a leer la novela, lo que reforz\u00f3 mi deseo de embarcarme en este proyecto. El libro, en esencia, es una historia de amor, aunque en su \u00e9poca fascin\u00f3 m\u00e1s por su dimensi\u00f3n fant\u00e1stica y sangrienta. Con el tiempo, el personaje se volvi\u00f3 un monstruo m\u00edtico. Pero para m\u00ed, sigue siendo ante todo una historia de amor: la de un hombre que es capaz de esperar 400 a\u00f1os para volver a ver a la \u00fanica mujer que ha amado y le fue arrebatada por Dios. A partir de ah\u00ed, comenc\u00e9 a escribir el guion, sin la intenci\u00f3n inicial de dirigirlo, pero termin\u00e9 apasion\u00e1ndome tanto que decid\u00ed hacerlo yo mismo\u00bb, destaca Luc Besson y profundiza: \u00abDesde el comienzo, el Conde Dr\u00e1cula tiene un aura real: es el pr\u00edncipe de la regi\u00f3n, y aunque joven, es un l\u00edder nato. Quer\u00eda mostrar que no necesariamente le gusta la guerra: lucha en nombre de Dios, pero preferir\u00eda quedarse con su esposa. De hecho, dice: va a ser una batalla sangrienta. \u00bfDe verdad Dios quiere esto? No entiende por qu\u00e9 debe recurrir a tanta violencia y muerte, pero lo hace por fe. Es comprensible que, al regresar de la guerra, se sienta traicionado\u00bb.<\/span><\/p>\n<p><span style=\"color: #000000;\">El director agrega que no quer\u00eda un personaje con \u00absuperpoderes\u00bb al estilo americano, sino uno con habilidades m\u00e1s plausibles. \u00abPor ejemplo, usa un perfume para atraer a j\u00f3venes mujeres hacia \u00e9l, ya que no puede ir a donde quiera\u00bb, se\u00f1ala. \u00abMe recuerda tambi\u00e9n al magnate exc\u00e9ntrico William Randolph Hearst: como \u00e9l, mi Dr\u00e1cula es un esteta, amante de las cosas bellas, telas sedosas, anillos y viajes. Me inspir\u00e9 m\u00e1s en ese lado dandy que en Nosferatu. Me interesaba m\u00e1s su dimensi\u00f3n art\u00edstica que su oscuridad\u00bb.<\/span><\/p>\n<p><a href=\"https:\/\/elinformanteperu.com\/wp-content\/uploads\/2025\/08\/dracula-luc-besson3.jpeg\"><img decoding=\"async\" class=\"size-full wp-image-142155 aligncenter\" src=\"https:\/\/elinformanteperu.com\/wp-content\/uploads\/2025\/08\/dracula-luc-besson3.jpeg\" alt=\"\" width=\"800\" height=\"533\" srcset=\"https:\/\/elinformanteperu.com\/wp-content\/uploads\/2025\/08\/dracula-luc-besson3.jpeg 800w, https:\/\/elinformanteperu.com\/wp-content\/uploads\/2025\/08\/dracula-luc-besson3-300x200.jpeg 300w, https:\/\/elinformanteperu.com\/wp-content\/uploads\/2025\/08\/dracula-luc-besson3-768x512.jpeg 768w\" sizes=\"(max-width: 800px) 100vw, 800px\" \/><\/a><span style=\"color: #000000;\">Besson decidi\u00f3 tambi\u00e9n ambientar la historia en la capital francesa. \u00abA los ingleses no les molesta convertir &#8216;Los Miserables&#8217; en un musical, \u00bfpor qu\u00e9 habr\u00edan de molestarse porque yo lleve a Dr\u00e1cula a Par\u00eds?\u00bb, se pregunta. \u00abTambi\u00e9n me interesaba la fecha del 14 de julio de 1889: es el centenario de la Revoluci\u00f3n, y Par\u00eds est\u00e1 de celebraci\u00f3n. Todas las trayectorias de los personajes confluyen en ese momento, y fue una fuente de emoci\u00f3n y dinamismo incre\u00edbles. Este contexto tambi\u00e9n puede explicar por qu\u00e9 un vampiro pasa desapercibido en Par\u00eds: la polic\u00eda y la poblaci\u00f3n est\u00e1n ocupadas con otras cosas. Me gusta esa construcci\u00f3n, como una sinfon\u00eda, que culmina en un cl\u00edmax: Mina ha desaparecido, Dr\u00e1cula est\u00e1 en escena, el sacerdote no sabe d\u00f3nde buscarlo. Hab\u00eda ah\u00ed una energ\u00eda que me encant\u00f3. Y para quienes conocen mi filmograf\u00eda, no les pasar\u00e1 desapercibido que amo Par\u00eds\u00bb.<\/span><\/p>\n<p><span style=\"color: #000000;\">El cineasta supo de inmediato que Dr\u00e1cula ser\u00eda Caleb Landry Jones y tambi\u00e9n que Christoph Waltz interpretar\u00eda al sacerdote. \u00abOrganic\u00e9 una proyecci\u00f3n anticipada de \u00abDogman\u00bb para \u00e9l, porque s\u00e9 que a los grandes actores les interesa m\u00e1s el jugador que el juego. Y cuando vio a Caleb, dijo que s\u00ed de inmediato, incluso antes de leer el guion\u00bb, cuenta Besson. \u00abTanto Guillaume como Christoph son muy precisos y siempre est\u00e1n buscando superarse. Personalmente estoy abierto a que los actores me pidan repetir una toma, porque quiero que sientan que el set est\u00e1 a su disposici\u00f3n y que tienen tiempo para expresarse. Christoph se tomaba el tiempo de colocar su voz y sus gestos y para la tercera o cuarta toma ya estaba &#8216;caliente&#8217;. Entonces pod\u00eda pedirle que retomara alg\u00fan elemento de la primera o segunda toma, y lo hac\u00eda. A veces lleg\u00e1bamos a 15 o 20 tomas, no porque no pudiera hacerlo, sino porque iba <\/span><span style=\"color: #000000;\">construyendo la intensidad poco a poco. A veces, durante 5 o 6 tomas, explor\u00e1bamos un matiz, y luego otro distinto durante otras 5 o 6. Ese es el momento m\u00e1s importante, porque despu\u00e9s, en el montaje, tienes una cantidad de material incre\u00edble y el lujo de poder afinar la escena como quieras\u00bb.<\/span><\/p>\n<p><a href=\"https:\/\/elinformanteperu.com\/wp-content\/uploads\/2025\/08\/dracula-luc-besson.jpeg\"><img loading=\"lazy\" decoding=\"async\" class=\"size-full wp-image-142152 aligncenter\" src=\"https:\/\/elinformanteperu.com\/wp-content\/uploads\/2025\/08\/dracula-luc-besson.jpeg\" alt=\"\" width=\"800\" height=\"533\" srcset=\"https:\/\/elinformanteperu.com\/wp-content\/uploads\/2025\/08\/dracula-luc-besson.jpeg 800w, https:\/\/elinformanteperu.com\/wp-content\/uploads\/2025\/08\/dracula-luc-besson-300x200.jpeg 300w, https:\/\/elinformanteperu.com\/wp-content\/uploads\/2025\/08\/dracula-luc-besson-768x512.jpeg 768w\" sizes=\"(max-width: 800px) 100vw, 800px\" \/><\/a><strong><span style=\"color: #000000;\">Ficha T\u00e9cnica<\/span><\/strong><br \/>\n<strong><span style=\"color: #000000;\">\u00abDr\u00e1cula\u00bb<\/span><\/strong><\/p>\n<p><span style=\"color: #000000;\"><strong>T\u00edtulo original:<\/strong> \u00abDracula: A Love Tale\u00bb\u2028<\/span><br \/>\n<span style=\"color: #000000;\"><strong>Fecha de estreno:<\/strong> 14 de agosto\u2028<\/span><br \/>\n<span style=\"color: #000000;\"><strong>Director:<\/strong> Luc Besson\u2028<\/span><br \/>\n<span style=\"color: #000000;\"><strong>Reparto:<\/strong> Christoph Waltz, Caleb Landry Jones, Matilda De Angelis.<\/span><br \/>\n<span style=\"color: #000000;\"><strong>G\u00e9nero:<\/strong> Fantas\u00eda, Horror, Romance<\/span><br \/>\n<span style=\"color: #000000;\"><strong>Distribuci\u00f3n:<\/strong> BF Per\u00fa<\/span><br \/>\n<span style=\"color: #000000;\"><strong>Basada:<\/strong> Novela Dr\u00e1cula de Bram Stoker.<br \/>\n<\/span>\u00a0<a href=\"https:\/\/elinformanteperu.com\/wp-content\/uploads\/2025\/08\/dracula-afiche.jpg\"><img loading=\"lazy\" decoding=\"async\" class=\" wp-image-142157 aligncenter\" src=\"https:\/\/elinformanteperu.com\/wp-content\/uploads\/2025\/08\/dracula-afiche-717x1024.jpg\" alt=\"\" width=\"399\" height=\"570\" srcset=\"https:\/\/elinformanteperu.com\/wp-content\/uploads\/2025\/08\/dracula-afiche-717x1024.jpg 717w, https:\/\/elinformanteperu.com\/wp-content\/uploads\/2025\/08\/dracula-afiche-210x300.jpg 210w, https:\/\/elinformanteperu.com\/wp-content\/uploads\/2025\/08\/dracula-afiche-768x1097.jpg 768w, https:\/\/elinformanteperu.com\/wp-content\/uploads\/2025\/08\/dracula-afiche-1075x1536.jpg 1075w, https:\/\/elinformanteperu.com\/wp-content\/uploads\/2025\/08\/dracula-afiche.jpg 1400w\" sizes=\"(max-width: 399px) 100vw, 399px\" \/><\/a><\/p>\n<p><iframe title=\"YouTube video player\" src=\"https:\/\/www.youtube-nocookie.com\/embed\/ChmAncwjRCQ?si=frNTZpFsdnBGidgb&amp;controls=0\" width=\"520\" height=\"315\" frameborder=\"0\" allowfullscreen=\"allowfullscreen\"><span data-mce-type=\"bookmark\" style=\"display: inline-block; width: 0px; overflow: hidden; line-height: 0;\" class=\"mce_SELRES_start\">\ufeff<\/span><\/iframe><\/p>\n","protected":false},"excerpt":{"rendered":"<p>Lima, 28 agosto 2025 (El Informante Per\u00fa).- Ya en cartelera \u00abDr\u00e1cula\u00bb, una nueva adaptaci\u00f3n cinematogr\u00e1fica del cl\u00e1sico de Bram Stoker que une el estilo visual inconfundible de Luc Besson con la intensidad actoral de Christoph Waltz (\u00abDjango sin cadenas\u00bb, \u00abBastardos sin gloria\u00bb). Como si fuera poco, el filme cuenta con una banda sonora compuesta por [&hellip;]<\/p>\n","protected":false},"author":1,"featured_media":142156,"comment_status":"closed","ping_status":"closed","sticky":false,"template":"","format":"standard","meta":{"rop_custom_images_group":[],"rop_custom_messages_group":[],"rop_publish_now":"initial","rop_publish_now_accounts":[],"rop_publish_now_history":[],"rop_publish_now_status":"pending","footnotes":""},"categories":[7],"tags":[],"class_list":["post-142151","post","type-post","status-publish","format-standard","has-post-thumbnail","hentry","category-butaca"],"_links":{"self":[{"href":"https:\/\/elinformanteperu.com\/index.php\/wp-json\/wp\/v2\/posts\/142151","targetHints":{"allow":["GET"]}}],"collection":[{"href":"https:\/\/elinformanteperu.com\/index.php\/wp-json\/wp\/v2\/posts"}],"about":[{"href":"https:\/\/elinformanteperu.com\/index.php\/wp-json\/wp\/v2\/types\/post"}],"author":[{"embeddable":true,"href":"https:\/\/elinformanteperu.com\/index.php\/wp-json\/wp\/v2\/users\/1"}],"replies":[{"embeddable":true,"href":"https:\/\/elinformanteperu.com\/index.php\/wp-json\/wp\/v2\/comments?post=142151"}],"version-history":[{"count":1,"href":"https:\/\/elinformanteperu.com\/index.php\/wp-json\/wp\/v2\/posts\/142151\/revisions"}],"predecessor-version":[{"id":142158,"href":"https:\/\/elinformanteperu.com\/index.php\/wp-json\/wp\/v2\/posts\/142151\/revisions\/142158"}],"wp:featuredmedia":[{"embeddable":true,"href":"https:\/\/elinformanteperu.com\/index.php\/wp-json\/wp\/v2\/media\/142156"}],"wp:attachment":[{"href":"https:\/\/elinformanteperu.com\/index.php\/wp-json\/wp\/v2\/media?parent=142151"}],"wp:term":[{"taxonomy":"category","embeddable":true,"href":"https:\/\/elinformanteperu.com\/index.php\/wp-json\/wp\/v2\/categories?post=142151"},{"taxonomy":"post_tag","embeddable":true,"href":"https:\/\/elinformanteperu.com\/index.php\/wp-json\/wp\/v2\/tags?post=142151"}],"curies":[{"name":"wp","href":"https:\/\/api.w.org\/{rel}","templated":true}]}}