{"id":14213,"date":"2017-08-09T23:06:22","date_gmt":"2017-08-10T04:06:22","guid":{"rendered":"http:\/\/elinformanteperu.com\/?p=14213"},"modified":"2017-08-09T23:06:22","modified_gmt":"2017-08-10T04:06:22","slug":"medicos-del-ministerio-de-salud-suspenden-huelga","status":"publish","type":"post","link":"https:\/\/elinformanteperu.com\/index.php\/2017\/08\/09\/medicos-del-ministerio-de-salud-suspenden-huelga\/","title":{"rendered":"M\u00e9dicos del Ministerio de Salud suspenden huelga"},"content":{"rendered":"<p><strong><span style=\"color: #000000;\">El presidente de la Federaci\u00f3n M\u00e9dica, Godofredo Talavera, anunci\u00f3 la suspensi\u00f3n de la huelga de los m\u00e9dicos.<\/span><\/strong><\/p>\n<p><span style=\"color: #000000;\"><strong>Lima, 09 Agosto 2017, (ANDINA).-<\/strong> El presidente de la Federaci\u00f3n M\u00e9dica, Godofredo Talavera, anunci\u00f3 la suspensi\u00f3n de la huelga de los m\u00e9dicos, tras llegar a un acuerdo con la ministra de Salud, Patricia Garc\u00eda.<\/span><\/p>\n<p><span style=\"color: #000000;\">Uno de los acuerdos, precis\u00f3, es el compromiso de un mayor presupuesto para el sector Salud, Ministerio que tendr\u00e1 el mayor incremento en el presupuesto de 2018.<\/span><\/p>\n<p><span style=\"color: #000000;\">La medida se tom\u00f3 luego que representantes de la FMP se reuniera con el presidente del Consejo de Ministros, Fernando Zavala, y la ministra de Salud, Patricia Garc\u00eda, con quienes se mantuvo una conversaci\u00f3n alturada.<\/span><\/p>\n<p><span style=\"color: #000000;\">En di\u00e1logo con RPP, el m\u00e9dico Talavera indic\u00f3 que entre los acuerdos se aprob\u00f3 un aumento del presupuesto para el sector salud que implica alzas salariales y mayor abastecimiento de medicinas e implementos en los centros de salud.<\/span><\/p>\n<p><span style=\"color: #000000;\">La ministra de Salud, Patricia Garc\u00eda, confirm\u00f3 que el aumento de la escala salarial se realizar\u00e1 a partir del primero de enero de 2018.<\/span><\/p>\n<p>&nbsp;<\/p>\n","protected":false},"excerpt":{"rendered":"<p>El presidente de la Federaci\u00f3n M\u00e9dica, Godofredo Talavera, anunci\u00f3 la suspensi\u00f3n de la huelga de los m\u00e9dicos. Lima, 09 Agosto 2017, (ANDINA).- El presidente de la Federaci\u00f3n M\u00e9dica, Godofredo Talavera, anunci\u00f3 la suspensi\u00f3n de la huelga de los m\u00e9dicos, tras llegar a un acuerdo con la ministra de Salud, Patricia Garc\u00eda. Uno de los acuerdos, [&hellip;]<\/p>\n","protected":false},"author":1,"featured_media":14214,"comment_status":"open","ping_status":"open","sticky":false,"template":"","format":"standard","meta":{"rop_custom_images_group":[],"rop_custom_messages_group":[],"rop_publish_now":"initial","rop_publish_now_accounts":[],"rop_publish_now_history":[],"rop_publish_now_status":"pending","footnotes":""},"categories":[5],"tags":[2004,388,746],"class_list":["post-14213","post","type-post","status-publish","format-standard","has-post-thumbnail","hentry","category-actualidad-informativa","tag-huelga","tag-ministerio-de-salud","tag-patricia-garcia"],"_links":{"self":[{"href":"https:\/\/elinformanteperu.com\/index.php\/wp-json\/wp\/v2\/posts\/14213","targetHints":{"allow":["GET"]}}],"collection":[{"href":"https:\/\/elinformanteperu.com\/index.php\/wp-json\/wp\/v2\/posts"}],"about":[{"href":"https:\/\/elinformanteperu.com\/index.php\/wp-json\/wp\/v2\/types\/post"}],"author":[{"embeddable":true,"href":"https:\/\/elinformanteperu.com\/index.php\/wp-json\/wp\/v2\/users\/1"}],"replies":[{"embeddable":true,"href":"https:\/\/elinformanteperu.com\/index.php\/wp-json\/wp\/v2\/comments?post=14213"}],"version-history":[{"count":1,"href":"https:\/\/elinformanteperu.com\/index.php\/wp-json\/wp\/v2\/posts\/14213\/revisions"}],"predecessor-version":[{"id":14215,"href":"https:\/\/elinformanteperu.com\/index.php\/wp-json\/wp\/v2\/posts\/14213\/revisions\/14215"}],"wp:featuredmedia":[{"embeddable":true,"href":"https:\/\/elinformanteperu.com\/index.php\/wp-json\/wp\/v2\/media\/14214"}],"wp:attachment":[{"href":"https:\/\/elinformanteperu.com\/index.php\/wp-json\/wp\/v2\/media?parent=14213"}],"wp:term":[{"taxonomy":"category","embeddable":true,"href":"https:\/\/elinformanteperu.com\/index.php\/wp-json\/wp\/v2\/categories?post=14213"},{"taxonomy":"post_tag","embeddable":true,"href":"https:\/\/elinformanteperu.com\/index.php\/wp-json\/wp\/v2\/tags?post=14213"}],"curies":[{"name":"wp","href":"https:\/\/api.w.org\/{rel}","templated":true}]}}