{"id":142093,"date":"2025-08-28T20:11:53","date_gmt":"2025-08-29T01:11:53","guid":{"rendered":"https:\/\/elinformanteperu.com\/?p=142093"},"modified":"2025-08-28T20:11:53","modified_gmt":"2025-08-29T01:11:53","slug":"marcos-lopez-sera-el-unico-peruano-en-la-champions-league-2025-26","status":"publish","type":"post","link":"https:\/\/elinformanteperu.com\/index.php\/2025\/08\/28\/marcos-lopez-sera-el-unico-peruano-en-la-champions-league-2025-26\/","title":{"rendered":"Marcos L\u00f3pez ser\u00e1 el \u00fanico peruano en la Champions League 2025-26"},"content":{"rendered":"<p><strong><span style=\"color: #000000;\">Este jueves se llevar\u00e1 a cabo el sorteo de la fase de grupos en M\u00f3naco, donde se definir\u00e1n a sus rivales.<\/span><\/strong><\/p>\n<p><span style=\"color: #000000;\"><strong>Lima, 27 agosto 2025 (ANDINA).-<\/strong> Marcos L\u00f3pez clasific\u00f3 a la fase de grupos de la UEFA Champions League 2025-2026 con el Copenhague de Dinamarca, tras vencer 2-0 al Basilea de Suiza en el Parken Stadium y cerrar la serie con un global de 3-1. Ser\u00e1 el \u00fanico futbolista peruano en disputar el torneo m\u00e1s importante de clubes en Europa esta temporada.<\/span><\/p>\n<p><span style=\"color: #000000;\">El futbolista peruano fue titular y disput\u00f3 los 90 minutos, consolid\u00e1ndose como pieza clave del conjunto dan\u00e9s. Copenhague super\u00f3 varias rondas de clasificaci\u00f3n para alcanzar esta instancia y, con la victoria en casa, se asegur\u00f3 un lugar entre los 32 mejores equipos del continente.<\/span><\/p>\n<p><span style=\"color: #000000;\">El marcador se abri\u00f3 en el segundo tiempo gracias a Andreas Cornelius, quien aprovech\u00f3 una asistencia del tunecino Elias Achouri y anot\u00f3 de cabeza. Luego, a los 83 minutos, Youssoufa Moukoko sentenci\u00f3 la serie desde el punto de penal, asegurando la clasificaci\u00f3n hist\u00f3rica del equipo n\u00f3rdico.<\/span><\/p>\n<p><strong><span style=\"color: #000000;\">\u00bfC\u00f3mo quedaron los bombos para el sorteo?<\/span><\/strong><\/p>\n<p><span style=\"color: #000000;\"><strong>Bombo 1:<\/strong> PSG, Real Madrid, Manchester City, Bayern Munich, Liverpool, Internazionale, Chelsea, Borussia Dortmund, Barceolna<\/span><\/p>\n<p><span style=\"color: #000000;\"><strong>Bombo 2:<\/strong> Arsenal, Bayer Leverkusen, Atl\u00e9tico de Madrid, Benfica, Atalanta, Villarreal, Juventus, Eintracht Frankfurt, Club Brujas<\/span><\/p>\n<p><span style=\"color: #000000;\"><strong>Bombo 3:<\/strong> Tottenham, PSV Endhoven, Ajax, Napoli, Sporting CP, Olympiacos, Slavia Praga, Bodo\/GLimt, Marsella<\/span><\/p>\n<p><span style=\"color: #000000;\"><strong>Bombo 4:<\/strong> Copenhagen, AS M\u00f3naco, FQ Qarabag, Galatasaray, Union St.-Gilloise, Athletic Club, Newcastle United, Pafos, Kairat Almaty<\/span><\/p>\n<p><strong><span style=\"color: #000000;\">El gran momento de Marcos L\u00f3pez<\/span><\/strong><\/p>\n<p><span style=\"color: #000000;\">L\u00f3pez vive una de sus mejores etapas: ha jugado los 5 partidos de clasificaci\u00f3n en Champions, sumando 403 minutos y aportando una asistencia. En la Superliga danesa, particip\u00f3 en 4 de los 6 encuentros iniciales, consolid\u00e1ndose como uno de los futbolistas m\u00e1s regulares del equipo.<\/span><\/p>\n<p><span style=\"color: #000000;\">Adem\u00e1s, el defensor ha sido convocado por \u00d3scar Ib\u00e1\u00f1ez para la pr\u00f3xima fecha doble de las Eliminatorias Sudamericanas, donde la selecci\u00f3n peruana enfrentar\u00e1 a Uruguay (4 de agosto) y Paraguay (9 de septiembre).<\/span><\/p>\n<p><a href=\"https:\/\/elinformanteperu.com\/wp-content\/uploads\/2025\/08\/marcos-lopez-1.jpg\"><img fetchpriority=\"high\" decoding=\"async\" class=\"size-large wp-image-142095 aligncenter\" src=\"https:\/\/elinformanteperu.com\/wp-content\/uploads\/2025\/08\/marcos-lopez-1-1024x683.jpg\" alt=\"\" width=\"615\" height=\"410\" srcset=\"https:\/\/elinformanteperu.com\/wp-content\/uploads\/2025\/08\/marcos-lopez-1-1024x683.jpg 1024w, https:\/\/elinformanteperu.com\/wp-content\/uploads\/2025\/08\/marcos-lopez-1-300x200.jpg 300w, https:\/\/elinformanteperu.com\/wp-content\/uploads\/2025\/08\/marcos-lopez-1-768x512.jpg 768w, https:\/\/elinformanteperu.com\/wp-content\/uploads\/2025\/08\/marcos-lopez-1-1536x1024.jpg 1536w, https:\/\/elinformanteperu.com\/wp-content\/uploads\/2025\/08\/marcos-lopez-1.jpg 1800w\" sizes=\"(max-width: 615px) 100vw, 615px\" \/><\/a><\/p>\n","protected":false},"excerpt":{"rendered":"<p>Este jueves se llevar\u00e1 a cabo el sorteo de la fase de grupos en M\u00f3naco, donde se definir\u00e1n a sus rivales. Lima, 27 agosto 2025 (ANDINA).- Marcos L\u00f3pez clasific\u00f3 a la fase de grupos de la UEFA Champions League 2025-2026 con el Copenhague de Dinamarca, tras vencer 2-0 al Basilea de Suiza en el Parken [&hellip;]<\/p>\n","protected":false},"author":1,"featured_media":142094,"comment_status":"closed","ping_status":"closed","sticky":false,"template":"","format":"standard","meta":{"rop_custom_images_group":[],"rop_custom_messages_group":[],"rop_publish_now":"initial","rop_publish_now_accounts":[],"rop_publish_now_history":[],"rop_publish_now_status":"pending","footnotes":""},"categories":[8],"tags":[1212,6381],"class_list":["post-142093","post","type-post","status-publish","format-standard","has-post-thumbnail","hentry","category-disciplinas-deportivas","tag-champions","tag-marcos-lopez"],"_links":{"self":[{"href":"https:\/\/elinformanteperu.com\/index.php\/wp-json\/wp\/v2\/posts\/142093","targetHints":{"allow":["GET"]}}],"collection":[{"href":"https:\/\/elinformanteperu.com\/index.php\/wp-json\/wp\/v2\/posts"}],"about":[{"href":"https:\/\/elinformanteperu.com\/index.php\/wp-json\/wp\/v2\/types\/post"}],"author":[{"embeddable":true,"href":"https:\/\/elinformanteperu.com\/index.php\/wp-json\/wp\/v2\/users\/1"}],"replies":[{"embeddable":true,"href":"https:\/\/elinformanteperu.com\/index.php\/wp-json\/wp\/v2\/comments?post=142093"}],"version-history":[{"count":1,"href":"https:\/\/elinformanteperu.com\/index.php\/wp-json\/wp\/v2\/posts\/142093\/revisions"}],"predecessor-version":[{"id":142096,"href":"https:\/\/elinformanteperu.com\/index.php\/wp-json\/wp\/v2\/posts\/142093\/revisions\/142096"}],"wp:featuredmedia":[{"embeddable":true,"href":"https:\/\/elinformanteperu.com\/index.php\/wp-json\/wp\/v2\/media\/142094"}],"wp:attachment":[{"href":"https:\/\/elinformanteperu.com\/index.php\/wp-json\/wp\/v2\/media?parent=142093"}],"wp:term":[{"taxonomy":"category","embeddable":true,"href":"https:\/\/elinformanteperu.com\/index.php\/wp-json\/wp\/v2\/categories?post=142093"},{"taxonomy":"post_tag","embeddable":true,"href":"https:\/\/elinformanteperu.com\/index.php\/wp-json\/wp\/v2\/tags?post=142093"}],"curies":[{"name":"wp","href":"https:\/\/api.w.org\/{rel}","templated":true}]}}