{"id":142044,"date":"2025-08-26T02:57:30","date_gmt":"2025-08-26T07:57:30","guid":{"rendered":"https:\/\/elinformanteperu.com\/?p=142044"},"modified":"2025-08-26T02:57:30","modified_gmt":"2025-08-26T07:57:30","slug":"luz-pacheco-decision-del-tc-no-ha-blindado-a-la-presidenta-de-la-republica","status":"publish","type":"post","link":"https:\/\/elinformanteperu.com\/index.php\/2025\/08\/26\/luz-pacheco-decision-del-tc-no-ha-blindado-a-la-presidenta-de-la-republica\/","title":{"rendered":"Luz Pacheco: decisi\u00f3n del TC no ha blindado a la presidenta de la rep\u00fablica"},"content":{"rendered":"<p><span style=\"color: #000000;\"><strong>Lima, 25 agosto 2025 (ANDINA).-<\/strong> La presidenta del Tribunal Constitucional, Luz Pacheco Zerga, afirm\u00f3 que la decisi\u00f3n de este organismo aut\u00f3nomo sobre la demanda competencial presentada por el Ejecutivo en contra del Ministerio P\u00fablico, no busca blindar a una persona en particular, sino que trata de proteger la figura presidencial.<\/span><\/p>\n<p><span style=\"color: #000000;\">\u00abEs importante que la ciudadan\u00eda sepa que no hemos blindado al presidente, que no tratamos que se investigue, porque como bien dijo la fiscal de la Naci\u00f3n, hemos dicho que investiguen pero que resguarden la figura presidencial\u00bb, manifest\u00f3 en Latina Noticias.<\/span><\/p>\n<p><span style=\"color: #000000;\">En ese sentido, precis\u00f3 que la decisi\u00f3n del TC determin\u00f3 que tres carpetas fiscales que se presentaron como parte de la demanda competencial se suspendan, estableciendo que ya no se puede acusar al presidente en funciones si no es por las causales que aparecen en el art\u00edculo 117 de la Constituci\u00f3n.<\/span><\/p>\n<p><span style=\"color: #000000;\">\u00abHay que preservar la investidura presidencial con la finalidad que el mandatario no pase el tiempo preparando su defensa o agendando citaciones, porque eso crea un clima pol\u00edtico que no ayuda\u00bb, asegur\u00f3.<\/span><\/p>\n<p><span style=\"color: #000000;\">Luz Pacheco asegur\u00f3 que la Presidencia de la Rep\u00fablica debe ver todo lo referente a la pol\u00edtica nacional, por lo que no est\u00e1n de acuerdo con este sistema de investigaci\u00f3n, que, de alg\u00fan modo, interfiere en el trabajo de un presidente de la rep\u00fablica.<\/span><\/p>\n<p><span style=\"color: #000000;\">Asimismo, asegur\u00f3 que a partir de ahora se deber\u00e1n tomar en cuenta los lineamientos establecidos en la sentencia del Tribunal Constitucional, pero ya no habr\u00e1n allanamientos o levantamientos de secreto bancario o de las comunicaciones, porque eso pone en riesgo la seguridad de la figura presidencial.<\/span><\/p>\n<p><span style=\"color: #000000;\">Adem\u00e1s, asegur\u00f3 que el Ministerio P\u00fablico puede seguir persiguiendo el delito y recabando evidencias y pruebas.<\/span><\/p>\n<p><span style=\"color: #000000;\">En otro momento, asegur\u00f3 que la salida del Per\u00fa de la Corte Interamericana de Derechos Humanos (Corte IDH), es un tema delicado que no corresponde al Tribunal Constitucional.<\/span><\/p>\n<p><span style=\"color: #000000;\">\u00abHe visto fallos \u00fatiles y otros realmente ideologizados, pero la competencia supranacional siempre es buena para defender los derechos de las personas\u00bb, agreg\u00f3.<\/span><\/p>\n<p><a href=\"https:\/\/elinformanteperu.com\/wp-content\/uploads\/2024\/08\/tribunal-constitucional-fachada.jpg\"><img fetchpriority=\"high\" decoding=\"async\" class=\"size-large wp-image-123481 aligncenter\" src=\"https:\/\/elinformanteperu.com\/wp-content\/uploads\/2024\/08\/tribunal-constitucional-fachada-1024x683.jpg\" alt=\"\" width=\"615\" height=\"410\" srcset=\"https:\/\/elinformanteperu.com\/wp-content\/uploads\/2024\/08\/tribunal-constitucional-fachada-1024x683.jpg 1024w, https:\/\/elinformanteperu.com\/wp-content\/uploads\/2024\/08\/tribunal-constitucional-fachada-300x200.jpg 300w, https:\/\/elinformanteperu.com\/wp-content\/uploads\/2024\/08\/tribunal-constitucional-fachada-768x512.jpg 768w, https:\/\/elinformanteperu.com\/wp-content\/uploads\/2024\/08\/tribunal-constitucional-fachada-1536x1024.jpg 1536w, https:\/\/elinformanteperu.com\/wp-content\/uploads\/2024\/08\/tribunal-constitucional-fachada.jpg 1800w\" sizes=\"(max-width: 615px) 100vw, 615px\" \/><\/a><\/p>\n","protected":false},"excerpt":{"rendered":"<p>Lima, 25 agosto 2025 (ANDINA).- La presidenta del Tribunal Constitucional, Luz Pacheco Zerga, afirm\u00f3 que la decisi\u00f3n de este organismo aut\u00f3nomo sobre la demanda competencial presentada por el Ejecutivo en contra del Ministerio P\u00fablico, no busca blindar a una persona en particular, sino que trata de proteger la figura presidencial. \u00abEs importante que la ciudadan\u00eda [&hellip;]<\/p>\n","protected":false},"author":1,"featured_media":142045,"comment_status":"closed","ping_status":"closed","sticky":false,"template":"","format":"standard","meta":{"rop_custom_images_group":[],"rop_custom_messages_group":[],"rop_publish_now":"initial","rop_publish_now_accounts":[],"rop_publish_now_history":[],"rop_publish_now_status":"pending","footnotes":""},"categories":[5],"tags":[6528,7150,1402,1401],"class_list":["post-142044","post","type-post","status-publish","format-standard","has-post-thumbnail","hentry","category-actualidad-informativa","tag-dina-boluarte","tag-luz-pacheco-zerga","tag-tc","tag-tribunal-constitucional"],"_links":{"self":[{"href":"https:\/\/elinformanteperu.com\/index.php\/wp-json\/wp\/v2\/posts\/142044","targetHints":{"allow":["GET"]}}],"collection":[{"href":"https:\/\/elinformanteperu.com\/index.php\/wp-json\/wp\/v2\/posts"}],"about":[{"href":"https:\/\/elinformanteperu.com\/index.php\/wp-json\/wp\/v2\/types\/post"}],"author":[{"embeddable":true,"href":"https:\/\/elinformanteperu.com\/index.php\/wp-json\/wp\/v2\/users\/1"}],"replies":[{"embeddable":true,"href":"https:\/\/elinformanteperu.com\/index.php\/wp-json\/wp\/v2\/comments?post=142044"}],"version-history":[{"count":1,"href":"https:\/\/elinformanteperu.com\/index.php\/wp-json\/wp\/v2\/posts\/142044\/revisions"}],"predecessor-version":[{"id":142046,"href":"https:\/\/elinformanteperu.com\/index.php\/wp-json\/wp\/v2\/posts\/142044\/revisions\/142046"}],"wp:featuredmedia":[{"embeddable":true,"href":"https:\/\/elinformanteperu.com\/index.php\/wp-json\/wp\/v2\/media\/142045"}],"wp:attachment":[{"href":"https:\/\/elinformanteperu.com\/index.php\/wp-json\/wp\/v2\/media?parent=142044"}],"wp:term":[{"taxonomy":"category","embeddable":true,"href":"https:\/\/elinformanteperu.com\/index.php\/wp-json\/wp\/v2\/categories?post=142044"},{"taxonomy":"post_tag","embeddable":true,"href":"https:\/\/elinformanteperu.com\/index.php\/wp-json\/wp\/v2\/tags?post=142044"}],"curies":[{"name":"wp","href":"https:\/\/api.w.org\/{rel}","templated":true}]}}