{"id":142039,"date":"2025-08-26T02:52:52","date_gmt":"2025-08-26T07:52:52","guid":{"rendered":"https:\/\/elinformanteperu.com\/?p=142039"},"modified":"2025-08-26T02:52:52","modified_gmt":"2025-08-26T07:52:52","slug":"la-atu-implementa-senalizacion-estandarizada-en-los-omnibus-para-promover-el-orden-y-la-transparencia","status":"publish","type":"post","link":"https:\/\/elinformanteperu.com\/index.php\/2025\/08\/26\/la-atu-implementa-senalizacion-estandarizada-en-los-omnibus-para-promover-el-orden-y-la-transparencia\/","title":{"rendered":"La ATU implementa se\u00f1alizaci\u00f3n estandarizada en los \u00f3mnibus para promover el orden y la transparencia"},"content":{"rendered":"<p><strong><span style=\"color: #000000;\">Medida forma parte del proceso de formalizaci\u00f3n del transporte p\u00fablico y contempla la incorporaci\u00f3n progresiva de elementos como rutas, tarifas, placa, entre otros.<\/span><\/strong><\/p>\n<p><span style=\"color: #000000;\"><strong>Lima, 25 agosto 2025 (El Informante Per\u00fa).-<\/strong> A partir del 1 de septiembre, los pasajeros que aborden un \u00f3mnibus de transporte p\u00fablico formal encontrar\u00e1n informaci\u00f3n clara y precisa sobre la ruta, el tarifario oficial, la placa de rodaje, as\u00ed como los principales datos de la empresa a la cual pertenece el veh\u00edculo.<\/span><\/p>\n<p><span style=\"color: #000000;\">Estos elementos, junto con los canales de atenci\u00f3n para quejas o reclamos, estar\u00e1n ubicados en puntos estrat\u00e9gicos del veh\u00edculo y presentados con colores y dise\u00f1os estandarizados.<\/span><\/p>\n<p><span style=\"color: #000000;\">Esta medida forma parte de la implementaci\u00f3n progresiva del dispositivo de la Autoridad de Transporte Urbano para Lima y Callao (ATU), que unifica la se\u00f1al\u00e9tica y los elementos informativos internos y externos que deben incorporar los veh\u00edculos habilitados para prestar el servicio de transporte p\u00fablico.<\/span><\/p>\n<p><span style=\"color: #000000;\">La se\u00f1al\u00e9tica incluir\u00e1, tambi\u00e9n, un c\u00f3digo QR que permitir\u00e1 acceder a informaci\u00f3n digital del servicio. Adem\u00e1s, los asientos reservados estar\u00e1n debidamente se\u00f1alizados, y se incorporar\u00e1n elementos reglamentarios como la ubicaci\u00f3n del extintor y el aviso de prohibici\u00f3n de fumar, conforme a los est\u00e1ndares t\u00e9cnicos establecidos en la Resoluci\u00f3n Directoral n.\u00b0 D-000001-2025-ATU\/DIR.<\/span><\/p>\n<p><a href=\"https:\/\/elinformanteperu.com\/wp-content\/uploads\/2025\/08\/atu-bus1.jpg\"><img fetchpriority=\"high\" decoding=\"async\" class=\"size-full wp-image-142041 aligncenter\" src=\"https:\/\/elinformanteperu.com\/wp-content\/uploads\/2025\/08\/atu-bus1.jpg\" alt=\"\" width=\"660\" height=\"395\" srcset=\"https:\/\/elinformanteperu.com\/wp-content\/uploads\/2025\/08\/atu-bus1.jpg 660w, https:\/\/elinformanteperu.com\/wp-content\/uploads\/2025\/08\/atu-bus1-300x180.jpg 300w\" sizes=\"(max-width: 660px) 100vw, 660px\" \/><\/a><span style=\"color: #000000;\">Esta disposici\u00f3n se enmarca en el proceso de formalizaci\u00f3n del transporte p\u00fablico, orientado a mejorar la calidad del servicio, promover la transparencia operativa, facilitar la fiscalizaci\u00f3n y reforzar la confianza ciudadana en el sistema de movilidad urbana. La se\u00f1al\u00e9tica estandarizada no solo mejora la experiencia del usuario, sino que tambi\u00e9n contribuye al orden y a la identificaci\u00f3n clara de los veh\u00edculos autorizados.<\/span><\/p>\n<p><span style=\"color: #000000;\">Para el dise\u00f1o de estos elementos, tanto internos como externos, se utilizar\u00e1n los colores azul, celeste, blanco, negro y rojo, de acuerdo con lo establecido en la Resoluci\u00f3n de Presidencia Ejecutiva n.\u00b0 136-2024-ATU\/PE, la Norma T\u00e9cnica Peruana NTP 399.010-11 y la Ley n.\u00b0 287052.<\/span><\/p>\n<p><span style=\"color: #000000;\">Durante una serie de reuniones con los operadores autorizados, en las que se explic\u00f3 la norma que establece la estandarizaci\u00f3n de la se\u00f1al\u00e9tica y los elementos informativos, as\u00ed como sus modificaciones, la ATU reiter\u00f3 que la implementaci\u00f3n de esta medida se realizar\u00e1 de forma progresiva, seg\u00fan la fecha de emisi\u00f3n del t\u00edtulo habilitante de cada operador.<\/span><\/p>\n<p><span style=\"color: #000000;\">En dichas sesiones, la ATU aclar\u00f3 que aquellos transportistas que ya realizaron los cambios conforme a los par\u00e1metros establecidos en la Resoluci\u00f3n Directoral n.\u00b0 D-000001-2025-ATU\/DIR, del 10 de enero, no deber\u00e1n efectuar mayores modificaciones.<\/span><\/p>\n<p><span style=\"color: #000000;\">Asimismo, se enfatiz\u00f3 que las unidades que cuenten con letreros luminosos operativos, en los que se indique informaci\u00f3n como el c\u00f3digo de ruta, el origen y el destino, no estar\u00e1n obligadas a colocar el letrero frontal que, seg\u00fan las normas vigentes, debe incluir los mismos datos.<\/span><\/p>\n<p><a href=\"https:\/\/elinformanteperu.com\/wp-content\/uploads\/2025\/08\/atu-bus2.jpg\"><img decoding=\"async\" class=\"size-full wp-image-142042 aligncenter\" src=\"https:\/\/elinformanteperu.com\/wp-content\/uploads\/2025\/08\/atu-bus2.jpg\" alt=\"\" width=\"660\" height=\"395\" srcset=\"https:\/\/elinformanteperu.com\/wp-content\/uploads\/2025\/08\/atu-bus2.jpg 660w, https:\/\/elinformanteperu.com\/wp-content\/uploads\/2025\/08\/atu-bus2-300x180.jpg 300w\" sizes=\"(max-width: 660px) 100vw, 660px\" \/><\/a><\/p>\n","protected":false},"excerpt":{"rendered":"<p>Medida forma parte del proceso de formalizaci\u00f3n del transporte p\u00fablico y contempla la incorporaci\u00f3n progresiva de elementos como rutas, tarifas, placa, entre otros. Lima, 25 agosto 2025 (El Informante Per\u00fa).- A partir del 1 de septiembre, los pasajeros que aborden un \u00f3mnibus de transporte p\u00fablico formal encontrar\u00e1n informaci\u00f3n clara y precisa sobre la ruta, el [&hellip;]<\/p>\n","protected":false},"author":1,"featured_media":142040,"comment_status":"closed","ping_status":"closed","sticky":false,"template":"","format":"standard","meta":{"rop_custom_images_group":[],"rop_custom_messages_group":[],"rop_publish_now":"initial","rop_publish_now_accounts":[],"rop_publish_now_history":[],"rop_publish_now_status":"pending","footnotes":""},"categories":[10],"tags":[5422,4559],"class_list":["post-142039","post","type-post","status-publish","format-standard","has-post-thumbnail","hentry","category-actualidad-municipal","tag-atu","tag-autoridad-de-transporte-urbano"],"_links":{"self":[{"href":"https:\/\/elinformanteperu.com\/index.php\/wp-json\/wp\/v2\/posts\/142039","targetHints":{"allow":["GET"]}}],"collection":[{"href":"https:\/\/elinformanteperu.com\/index.php\/wp-json\/wp\/v2\/posts"}],"about":[{"href":"https:\/\/elinformanteperu.com\/index.php\/wp-json\/wp\/v2\/types\/post"}],"author":[{"embeddable":true,"href":"https:\/\/elinformanteperu.com\/index.php\/wp-json\/wp\/v2\/users\/1"}],"replies":[{"embeddable":true,"href":"https:\/\/elinformanteperu.com\/index.php\/wp-json\/wp\/v2\/comments?post=142039"}],"version-history":[{"count":1,"href":"https:\/\/elinformanteperu.com\/index.php\/wp-json\/wp\/v2\/posts\/142039\/revisions"}],"predecessor-version":[{"id":142043,"href":"https:\/\/elinformanteperu.com\/index.php\/wp-json\/wp\/v2\/posts\/142039\/revisions\/142043"}],"wp:featuredmedia":[{"embeddable":true,"href":"https:\/\/elinformanteperu.com\/index.php\/wp-json\/wp\/v2\/media\/142040"}],"wp:attachment":[{"href":"https:\/\/elinformanteperu.com\/index.php\/wp-json\/wp\/v2\/media?parent=142039"}],"wp:term":[{"taxonomy":"category","embeddable":true,"href":"https:\/\/elinformanteperu.com\/index.php\/wp-json\/wp\/v2\/categories?post=142039"},{"taxonomy":"post_tag","embeddable":true,"href":"https:\/\/elinformanteperu.com\/index.php\/wp-json\/wp\/v2\/tags?post=142039"}],"curies":[{"name":"wp","href":"https:\/\/api.w.org\/{rel}","templated":true}]}}