{"id":142036,"date":"2025-08-26T02:48:31","date_gmt":"2025-08-26T07:48:31","guid":{"rendered":"https:\/\/elinformanteperu.com\/?p=142036"},"modified":"2025-08-26T02:48:31","modified_gmt":"2025-08-26T07:48:31","slug":"sifilis-una-infeccion-de-transmision-sexual-prevenible-y-curable-si-se-detecta-a-tiempo","status":"publish","type":"post","link":"https:\/\/elinformanteperu.com\/index.php\/2025\/08\/26\/sifilis-una-infeccion-de-transmision-sexual-prevenible-y-curable-si-se-detecta-a-tiempo\/","title":{"rendered":"S\u00edfilis: una infecci\u00f3n de transmisi\u00f3n sexual prevenible y curable si se detecta a tiempo"},"content":{"rendered":"<p><strong><span style=\"color: #000000;\">Especialista advierte que esta enfermedad avanza y puede llevar al infectado hasta la muerte<\/span><\/strong><\/p>\n<p><span style=\"color: #000000;\"><strong>Lima, 25 agosto 2025 (ANDINA).-<\/strong> El Ministerio de Salud (Minsa) recuerda a la poblaci\u00f3n que la s\u00edfilis tiene cura si se diagnostica y trata a tiempo. Sin embargo, si no se atiende, puede avanzar a etapas graves que afectan al coraz\u00f3n, al sistema nervioso e incluso causar la muerte.<\/span><\/p>\n<p><span style=\"color: #000000;\">As\u00ed lo inform\u00f3 la Dra. Yvett Pinedo, m\u00e9dico infect\u00f3logo del Hospital Nacional Arzobispo Loayza.<\/span><\/p>\n<p><span style=\"color: #000000;\">Seg\u00fan la Organizaci\u00f3n Mundial de la Salud (OMS), cada d\u00eda, m\u00e1s de un mill\u00f3n de personas de entre 15 y 49 a\u00f1os contrae una infecci\u00f3n de transmisi\u00f3n sexual (ITS) que se puede curar y la mayor\u00eda de las cuales no causan s\u00edntomas. Dicha entidad estima que unos 8 millones de personas contrajeron s\u00edfilis en el 2022.<\/span><\/p>\n<p><strong><span style=\"color: #000000;\">\u00bfQu\u00e9 es la s\u00edfilis?<\/span><\/strong><\/p>\n<p><span style=\"color: #000000;\">Es una infecci\u00f3n causada por Treponema Pallidum. Se transmite principalmente por relaciones sexuales sin preservativo y tambi\u00e9n puede pasar de madre a hijo durante el embarazo, provocando abortos, muerte fetal o graves complicaciones en el beb\u00e9.<\/span><\/p>\n<p><strong><span style=\"color: #000000;\">\u00bfC\u00f3mo reconocerla?<\/span><\/strong><\/p>\n<p><span style=\"color: #000000;\">Pinedo inform\u00f3 que, en su fase inicial, la s\u00edfilis suele presentarse con una llaga indolora (conocido como chancro) que puede localizarse en los genitales, el ano, la boca o los labios. Muchas veces pasa desapercibida porque no duele y desaparece sola en pocos d\u00edas.<\/span><\/p>\n<p><span style=\"color: #000000;\">Luego, en la fase secundaria, pueden aparecer manchas o lesiones en la piel, sobre todo en las palmas de las manos y plantas de los pies. Si la infecci\u00f3n no recibe tratamiento, entra en una etapa silenciosa (fase latente) que puede durar a\u00f1os.<\/span><\/p>\n<p><span style=\"color: #000000;\">En su forma avanzada (fase terciaria), puede comprometer \u00f3rganos internos como el cerebro, los ojos y el sistema cardiovascular.<\/span><\/p>\n<p><span style=\"color: #000000;\">\u201cLa s\u00edfilis es conocida como \u2018la gran imitadora\u2019, porque puede confundirse con otras enfermedades. Por eso, lo m\u00e1s importante es perder el miedo, hacerse la prueba y recibir tratamiento. Detectarla a tiempo salva vidas y evita complicaciones\u201d, se\u00f1al\u00f3 la especialista.<\/span><\/p>\n<p><span style=\"color: #000000;\">El Minsa reafirma su compromiso con la prevenci\u00f3n, detecci\u00f3n y tratamiento oportuno de la s\u00edfilis, y hace un llamado a la ciudadan\u00eda a cuidar su salud sexual y acudir a centro de salud ante cualquier llaga, lesi\u00f3n o s\u00edntoma sospechoso, as\u00ed como usar preservativo en todas las relaciones sexuales y si eres gestante deben hacerte la prueba para prevenir la s\u00edfilis cong\u00e9nita.<\/span><\/p>\n","protected":false},"excerpt":{"rendered":"<p>Especialista advierte que esta enfermedad avanza y puede llevar al infectado hasta la muerte Lima, 25 agosto 2025 (ANDINA).- El Ministerio de Salud (Minsa) recuerda a la poblaci\u00f3n que la s\u00edfilis tiene cura si se diagnostica y trata a tiempo. Sin embargo, si no se atiende, puede avanzar a etapas graves que afectan al coraz\u00f3n, [&hellip;]<\/p>\n","protected":false},"author":1,"featured_media":142037,"comment_status":"closed","ping_status":"closed","sticky":false,"template":"","format":"standard","meta":{"rop_custom_images_group":[],"rop_custom_messages_group":[],"rop_publish_now":"initial","rop_publish_now_accounts":[],"rop_publish_now_history":[],"rop_publish_now_status":"pending","footnotes":""},"categories":[10,5746,5745,21],"tags":[700,388,431,8565],"class_list":["post-142036","post","type-post","status-publish","format-standard","has-post-thumbnail","hentry","category-actualidad-municipal","category-foto-noticias","category-lo-ultimo","category-orientacion","tag-hospital-arzobispo-loayza","tag-ministerio-de-salud","tag-minsa","tag-sifilis"],"_links":{"self":[{"href":"https:\/\/elinformanteperu.com\/index.php\/wp-json\/wp\/v2\/posts\/142036","targetHints":{"allow":["GET"]}}],"collection":[{"href":"https:\/\/elinformanteperu.com\/index.php\/wp-json\/wp\/v2\/posts"}],"about":[{"href":"https:\/\/elinformanteperu.com\/index.php\/wp-json\/wp\/v2\/types\/post"}],"author":[{"embeddable":true,"href":"https:\/\/elinformanteperu.com\/index.php\/wp-json\/wp\/v2\/users\/1"}],"replies":[{"embeddable":true,"href":"https:\/\/elinformanteperu.com\/index.php\/wp-json\/wp\/v2\/comments?post=142036"}],"version-history":[{"count":1,"href":"https:\/\/elinformanteperu.com\/index.php\/wp-json\/wp\/v2\/posts\/142036\/revisions"}],"predecessor-version":[{"id":142038,"href":"https:\/\/elinformanteperu.com\/index.php\/wp-json\/wp\/v2\/posts\/142036\/revisions\/142038"}],"wp:featuredmedia":[{"embeddable":true,"href":"https:\/\/elinformanteperu.com\/index.php\/wp-json\/wp\/v2\/media\/142037"}],"wp:attachment":[{"href":"https:\/\/elinformanteperu.com\/index.php\/wp-json\/wp\/v2\/media?parent=142036"}],"wp:term":[{"taxonomy":"category","embeddable":true,"href":"https:\/\/elinformanteperu.com\/index.php\/wp-json\/wp\/v2\/categories?post=142036"},{"taxonomy":"post_tag","embeddable":true,"href":"https:\/\/elinformanteperu.com\/index.php\/wp-json\/wp\/v2\/tags?post=142036"}],"curies":[{"name":"wp","href":"https:\/\/api.w.org\/{rel}","templated":true}]}}