{"id":14199,"date":"2017-08-09T22:16:22","date_gmt":"2017-08-10T03:16:22","guid":{"rendered":"http:\/\/elinformanteperu.com\/?p=14199"},"modified":"2017-08-09T22:17:07","modified_gmt":"2017-08-10T03:17:07","slug":"venezuela-estas-son-las-frases-que-dejo-la-cita-de-cancilleres-en-lima","status":"publish","type":"post","link":"https:\/\/elinformanteperu.com\/index.php\/2017\/08\/09\/venezuela-estas-son-las-frases-que-dejo-la-cita-de-cancilleres-en-lima\/","title":{"rendered":"Venezuela: Estas son las frases que dej\u00f3 la cita de cancilleres en Lima"},"content":{"rendered":"<p><strong><span style=\"color: #000000;\">Los cancilleres y representantes diplom\u00e1ticos de 17 pa\u00edses de Am\u00e9rica Latina se reunieron en Lima para evaluar la situaci\u00f3n de Venezuela.<\/span><\/strong><\/p>\n<p><span style=\"color: #000000;\"><strong>Lima, 09 Agosto 2017, (ANDINA).-<\/strong> Los cancilleres y representantes diplom\u00e1ticos de 17 pa\u00edses de Am\u00e9rica Latina se reunieron en Lima para evaluar la situaci\u00f3n de Venezuela tras el inicio de funciones de la Asamblea Nacional Constituyente en ese pa\u00eds, criticada por la oposici\u00f3n venezolana.<\/span><\/p>\n<p><span style=\"color: #000000;\">El encuentro se desarroll\u00f3 en la sede de la Canciller\u00eda del Per\u00fa, en el Centro de Lima, y estuvo encabezada por el ministro de Relaciones Exteriores, Ricardo Luna, acompa\u00f1ado por el vicecanciller N\u00e9stor Popolizio.<\/span><\/p>\n<p><span style=\"color: #000000;\">Al t\u00e9rmino de la cita, los funcionarios emitieron declaraci\u00f3n conjunta en la que, entre otras cosas, condenaron la ruptura del orden democr\u00e1tico en ese pa\u00eds.<\/span><\/p>\n<p><span style=\"color: #000000;\">Conoce a continuaci\u00f3n las frases de algunos de ellos.<\/span><\/p>\n<p><span style=\"color: #000000;\"><strong>Ricardo Luna, canciller del Per\u00fa<\/strong> <\/span><br \/>\n<span style=\"color: #000000;\">\u201cLo que ha pasado en Venezuela es un quiebre definitivo de lo que ten\u00edamos ahora, es decir, el desdibujo de las instituciones democr\u00e1ticas que se ha dado en los \u00faltimos tiempos ha llegado a su culminaci\u00f3n y lo que tenemos en Venezuela es una dictadura\u201d.<\/span><\/p>\n<p><span style=\"color: #000000;\"><strong>Aloysio Nunes, canciller de Brasil<\/strong> <\/span><br \/>\n<span style=\"color: #000000;\">\u201cNo podemos admitir un r\u00e9gimen dictatorial, no podemos admitir la continuidad de ese horror, que vive el pueblo de Venezuela\u201d. Luis Videgaray, canciller de M\u00e9xico \u201cEsta reuni\u00f3n tiene trascendencia pr\u00e1ctica, porque estamos yendo m\u00e1s all\u00e1 de las simples posturas discursivas\u201d.<\/span><\/p>\n<p><span style=\"color: #000000;\"><strong>Heraldo Mu\u00f1oz, canciller de Chile<\/strong> <\/span><br \/>\n<span style=\"color: #000000;\">\u201cQueremos que se restablezca el orden democr\u00e1tico quebrantado mediante una negociaci\u00f3n cre\u00edble, sincera\u201d. <\/span><\/p>\n<p><span style=\"color: #000000;\"><strong>David Morrison, viceministro adjunto de asuntos mundiales de Canad\u00e1<\/strong><br \/>\n\u201cHemos expresado seriamente que existe una ruptura del orden. Apoyamos plenamente esta declaraci\u00f3n\u201d.<br \/>\n<\/span><\/p>\n<p><strong><span style=\"color: #000000;\">Isabel Saint Malo, canciller de Panam\u00e1<\/span><\/strong><\/p>\n<p><span style=\"color: #000000;\">\u201cLa Declaraci\u00f3n es clara, espec\u00edfica y contundente, sobre todo el mensaje es que no dejaremos solo al pueblo venezolano\u201d.<\/span><\/p>\n<p><strong><span style=\"color: #000000;\">Mar\u00eda \u00c1ngela Holgu\u00edn, canciller de Colombia<\/span><\/strong><\/p>\n<p><span style=\"color: #000000;\">\u201c[En Colombia] estamos estudiando la posibilidad de otorgar una visa humanitaria a los hermanos de Venezuela\u201d.<\/span><\/p>\n","protected":false},"excerpt":{"rendered":"<p>Los cancilleres y representantes diplom\u00e1ticos de 17 pa\u00edses de Am\u00e9rica Latina se reunieron en Lima para evaluar la situaci\u00f3n de Venezuela. Lima, 09 Agosto 2017, (ANDINA).- Los cancilleres y representantes diplom\u00e1ticos de 17 pa\u00edses de Am\u00e9rica Latina se reunieron en Lima para evaluar la situaci\u00f3n de Venezuela tras el inicio de funciones de la Asamblea [&hellip;]<\/p>\n","protected":false},"author":1,"featured_media":14200,"comment_status":"open","ping_status":"open","sticky":false,"template":"","format":"standard","meta":{"rop_custom_images_group":[],"rop_custom_messages_group":[],"rop_publish_now":"initial","rop_publish_now_accounts":[],"rop_publish_now_history":[],"rop_publish_now_status":"pending","footnotes":""},"categories":[5],"tags":[294,1974,171],"class_list":["post-14199","post","type-post","status-publish","format-standard","has-post-thumbnail","hentry","category-actualidad-informativa","tag-cancilleria","tag-nicolas-maduro","tag-venezuela"],"_links":{"self":[{"href":"https:\/\/elinformanteperu.com\/index.php\/wp-json\/wp\/v2\/posts\/14199","targetHints":{"allow":["GET"]}}],"collection":[{"href":"https:\/\/elinformanteperu.com\/index.php\/wp-json\/wp\/v2\/posts"}],"about":[{"href":"https:\/\/elinformanteperu.com\/index.php\/wp-json\/wp\/v2\/types\/post"}],"author":[{"embeddable":true,"href":"https:\/\/elinformanteperu.com\/index.php\/wp-json\/wp\/v2\/users\/1"}],"replies":[{"embeddable":true,"href":"https:\/\/elinformanteperu.com\/index.php\/wp-json\/wp\/v2\/comments?post=14199"}],"version-history":[{"count":1,"href":"https:\/\/elinformanteperu.com\/index.php\/wp-json\/wp\/v2\/posts\/14199\/revisions"}],"predecessor-version":[{"id":14201,"href":"https:\/\/elinformanteperu.com\/index.php\/wp-json\/wp\/v2\/posts\/14199\/revisions\/14201"}],"wp:featuredmedia":[{"embeddable":true,"href":"https:\/\/elinformanteperu.com\/index.php\/wp-json\/wp\/v2\/media\/14200"}],"wp:attachment":[{"href":"https:\/\/elinformanteperu.com\/index.php\/wp-json\/wp\/v2\/media?parent=14199"}],"wp:term":[{"taxonomy":"category","embeddable":true,"href":"https:\/\/elinformanteperu.com\/index.php\/wp-json\/wp\/v2\/categories?post=14199"},{"taxonomy":"post_tag","embeddable":true,"href":"https:\/\/elinformanteperu.com\/index.php\/wp-json\/wp\/v2\/tags?post=14199"}],"curies":[{"name":"wp","href":"https:\/\/api.w.org\/{rel}","templated":true}]}}