{"id":14195,"date":"2017-08-09T21:23:48","date_gmt":"2017-08-10T02:23:48","guid":{"rendered":"http:\/\/elinformanteperu.com\/?p=14195"},"modified":"2017-08-09T21:23:48","modified_gmt":"2017-08-10T02:23:48","slug":"gobierno-busca-que-inversion-publica-crezca-mas-de-10-en-lo-que-resta-del-ano","status":"publish","type":"post","link":"https:\/\/elinformanteperu.com\/index.php\/2017\/08\/09\/gobierno-busca-que-inversion-publica-crezca-mas-de-10-en-lo-que-resta-del-ano\/","title":{"rendered":"Gobierno busca que inversi\u00f3n p\u00fablica crezca m\u00e1s de 10% en lo que resta del a\u00f1o"},"content":{"rendered":"<p><strong><span style=\"color: #000000;\">El ministro de Econom\u00eda y Finanzas, Fernando Zavala, anunci\u00f3 que el Gobierno trabaja para que la inversi\u00f3n p\u00fablica se expanda m\u00e1s de 10% en lo que resta del a\u00f1o.<\/span><\/strong><\/p>\n<p><span style=\"color: #000000;\"><strong>Lima, 09 Agosto 2017, (ANDINA).-<\/strong> El ministro de Econom\u00eda y Finanzas, Fernando Zavala, anunci\u00f3 que el Gobierno trabaja para que la inversi\u00f3n p\u00fablica se expanda m\u00e1s de 10% en lo que resta del a\u00f1o, y contribuya al proceso de reactivaci\u00f3n econ\u00f3mica del pa\u00eds.<\/span><\/p>\n<p><span style=\"color: #000000;\">\u201cLo m\u00e1s importante y que depende de nosotros, es que esperamos un rebote importante en t\u00e9rminos de la inversi\u00f3n p\u00fablica, estamos trabajando para que la inversi\u00f3n p\u00fablica, de aqu\u00ed a diciembre crezca por encima del 10%, y eso nos va a ayudar en este proceso de reactivaci\u00f3n\u201d, afirm\u00f3.<\/span><\/p>\n<p><span style=\"color: #000000;\">Asimismo, refiri\u00f3 que el Ejecutivo espera que en junio el Producto Bruto Interno crezca por encima del 3.5%, luego que el Instituto Nacional de Estad\u00edstica e Inform\u00e1tica (INEI) indicara que en mayo la expansi\u00f3n de la actividad productiva alcanz\u00f3 el 3.39%.<\/span><\/p>\n<p><span style=\"color: #000000;\">\u201cAlgunos datos importantes, esperamos un junio creciendo por encima del 3.5% esperamos llegar hasta casi el 3.8% y as\u00ed n\u00fameros positivos en los siguientes meses\u201d, agreg\u00f3.<\/span><\/p>\n<p><strong><span style=\"color: #000000;\">Inversi\u00f3n privada<\/span><\/strong><\/p>\n<p><span style=\"color: #000000;\">Asimismo, se\u00f1al\u00f3 que se espera un rebote de la inversi\u00f3n privada la cual se consolidar\u00e1 en el 2018, y que ya se empiezan a notar el repunte en algunos sectores.<\/span><\/p>\n<p><span style=\"color: #000000;\">\u201cNosotros estamos previendo que el rebote de la inversi\u00f3n privada es en el 2018 como lo hemos venido anunciando, hemos acumulado 14 trimestres de ca\u00edda\u201d, dijo.<\/span><\/p>\n<p><span style=\"color: #000000;\">Se\u00f1al\u00f3 que los esfuerzos del Gobierno se orientan a mejorar las condiciones de inversi\u00f3n a sectores como el de vivienda y construcci\u00f3n.<\/span><\/p>\n<p><span style=\"color: #000000;\">\u201cTambi\u00e9n se est\u00e1 notando un repunte en todo el t\u00e9rmino de las exploraciones en miner\u00eda y esperamos tambi\u00e9n pronto tener ese repunte en lo que significa hidrocarburos, por ejemplo, hace poco ya hemos tenido el anuncio por una empresa internacional la exploraci\u00f3n de tres lotes en la costa de Trujillo\u201d dijo.<\/span><\/p>\n<p><span style=\"color: #000000;\">Asimismo, indic\u00f3 que se encuentran en la fase final de la elaboraci\u00f3n del Marco Macroecon\u00f3mico Multianual (MMM) para dar las proyecciones de crecimiento del pr\u00f3ximo a\u00f1o, y que ya se nota \u201ccambios de tendencia\u201d en la inversi\u00f3n privada.<\/span><\/p>\n<p><span style=\"color: #000000;\">\u201cVemos que vamos a estar por encima del n\u00famero del a\u00f1o 2017 y esperamos seguir contando con buenas noticias que nos permitan una reactivaci\u00f3n. Como bien ha dicho el presidente del Banco Central de Reserva (BCR) ya encontramos un punto de inflexi\u00f3n. lo que nos permite mirar con optimismo el futuro econ\u00f3mico del Per\u00fa\u201d, afirm\u00f3.<\/span><\/p>\n<p><span style=\"color: #000000;\">Respecto al Gasoducto del Sur, se\u00f1al\u00f3 que este proyecto sigue con el cronograma que han establecido. <\/span><\/p>\n<p><span style=\"color: #000000;\">\u201cVenimos trabajando en ese sentido para tener en el futuro operadores importantes que nos ayuden a llevar el gas al sur del Per\u00fa, en paralelo hemos recibido mecanismos de arbitraje y eso se tratar\u00e1 en los mecanismos que est\u00e1n establecidos en la ley\u201d, puntualiz\u00f3.<\/span><\/p>\n","protected":false},"excerpt":{"rendered":"<p>El ministro de Econom\u00eda y Finanzas, Fernando Zavala, anunci\u00f3 que el Gobierno trabaja para que la inversi\u00f3n p\u00fablica se expanda m\u00e1s de 10% en lo que resta del a\u00f1o. Lima, 09 Agosto 2017, (ANDINA).- El ministro de Econom\u00eda y Finanzas, Fernando Zavala, anunci\u00f3 que el Gobierno trabaja para que la inversi\u00f3n p\u00fablica se expanda m\u00e1s [&hellip;]<\/p>\n","protected":false},"author":1,"featured_media":3101,"comment_status":"open","ping_status":"open","sticky":false,"template":"","format":"standard","meta":{"rop_custom_images_group":[],"rop_custom_messages_group":[],"rop_publish_now":"initial","rop_publish_now_accounts":[],"rop_publish_now_history":[],"rop_publish_now_status":"pending","footnotes":""},"categories":[5],"tags":[75,315,314],"class_list":["post-14195","post","type-post","status-publish","format-standard","has-post-thumbnail","hentry","category-actualidad-informativa","tag-fernando-zavala","tag-mef","tag-ministerio-de-economia-y-finanzas"],"_links":{"self":[{"href":"https:\/\/elinformanteperu.com\/index.php\/wp-json\/wp\/v2\/posts\/14195","targetHints":{"allow":["GET"]}}],"collection":[{"href":"https:\/\/elinformanteperu.com\/index.php\/wp-json\/wp\/v2\/posts"}],"about":[{"href":"https:\/\/elinformanteperu.com\/index.php\/wp-json\/wp\/v2\/types\/post"}],"author":[{"embeddable":true,"href":"https:\/\/elinformanteperu.com\/index.php\/wp-json\/wp\/v2\/users\/1"}],"replies":[{"embeddable":true,"href":"https:\/\/elinformanteperu.com\/index.php\/wp-json\/wp\/v2\/comments?post=14195"}],"version-history":[{"count":1,"href":"https:\/\/elinformanteperu.com\/index.php\/wp-json\/wp\/v2\/posts\/14195\/revisions"}],"predecessor-version":[{"id":14196,"href":"https:\/\/elinformanteperu.com\/index.php\/wp-json\/wp\/v2\/posts\/14195\/revisions\/14196"}],"wp:featuredmedia":[{"embeddable":true,"href":"https:\/\/elinformanteperu.com\/index.php\/wp-json\/wp\/v2\/media\/3101"}],"wp:attachment":[{"href":"https:\/\/elinformanteperu.com\/index.php\/wp-json\/wp\/v2\/media?parent=14195"}],"wp:term":[{"taxonomy":"category","embeddable":true,"href":"https:\/\/elinformanteperu.com\/index.php\/wp-json\/wp\/v2\/categories?post=14195"},{"taxonomy":"post_tag","embeddable":true,"href":"https:\/\/elinformanteperu.com\/index.php\/wp-json\/wp\/v2\/tags?post=14195"}],"curies":[{"name":"wp","href":"https:\/\/api.w.org\/{rel}","templated":true}]}}