{"id":141892,"date":"2025-08-19T22:02:15","date_gmt":"2025-08-20T03:02:15","guid":{"rendered":"https:\/\/elinformanteperu.com\/?p=141892"},"modified":"2025-08-19T22:02:15","modified_gmt":"2025-08-20T03:02:15","slug":"alianza-lima-vs-u-catolica-esta-es-la-oncena-titular-sin-erick-noriega","status":"publish","type":"post","link":"https:\/\/elinformanteperu.com\/index.php\/2025\/08\/19\/alianza-lima-vs-u-catolica-esta-es-la-oncena-titular-sin-erick-noriega\/","title":{"rendered":"Alianza Lima vs. U Cat\u00f3lica: Esta es la oncena titular sin Erick Noriega"},"content":{"rendered":"<p><strong><span style=\"color: #000000;\">Carlos Zambrano volver\u00e1 al equipo titular y Paolo Guerrero qued\u00f3 descartado por lesi\u00f3n<\/span><\/strong><\/p>\n<p><span style=\"color: #000000;\"><strong>Lima 19 agosto 2025 (El Informante Per\u00fa).-<\/strong> Alianza Lima enfrentar\u00e1 este mi\u00e9rcoles 20 de agosto a la Universidad Cat\u00f3lica de Ecuador en Quito, en el Estadio Ol\u00edmpico Atahualpa, y el t\u00e9cnico N\u00e9stor Gorosito ya defini\u00f3 al equipo titular que tiene la vuelta de Carlos Zambrano y la ausencia de Erick Noriega, quien emigr\u00f3 al Gremio.<\/span><\/p>\n<p><span style=\"color: #000000;\">El encuentro de vuelta por los octavos de final de la Copa Sudamericana 2025 se jugar\u00e1 ma\u00f1ana, a las 19:30 horas, y el equipo \u00edntimo tiene la tarea de no perder para instalarse en los cuartos de final.<\/span><\/p>\n<p><span style=\"color: #000000;\">Alianza Lima llega a este encuentro con una ligera ventaja tras el triunfo de 2-0 logrado en el partido de ida en el Alejandro Villanueva, por lo que necesita de una empate para seguir avanzando en el torneo internacional.<\/span><\/p>\n<p><span style=\"color: #000000;\">El t\u00e9cnico Gorosito tendr\u00e1 algunas bajas ostensibles como la de Erick Noriega, quien fue pieza clave en el equipo victoriano. Otro futbolista que no estar\u00e1 es Paolo Guerrero al no recuperarse de una lesi\u00f3n.<\/span><\/p>\n<p><span style=\"color: #000000;\">Por Noriega ingresar\u00e1 el ecuatoriano Fernando Gaibor y el &#8216;depredador&#8217; estar\u00e1 Alan Cantero, quien viene de hacer los dos goles del cotejo de ida y haber anotado ante el ADT por el Torneo Clausura.<\/span><\/p>\n<p><span style=\"color: #000000;\">La noticia positiva es el regreso de Carlos Zambrano, quien cumpli\u00f3 su fecha de suspensi\u00f3n tras ser expulsado en la vuelta ante el Gremio por los playoff.<\/span><\/p>\n<p><span style=\"color: #000000;\">Por los visto en los \u00faltimos entrenamientos, Alianza Lima conformar\u00e1 de la siguiente manera: Guillermo Viscarra; Guillermo Enrique, Renzo Garc\u00e9s, Carlos Zambrano, Miguel Trauco; Fernando Gaibor, Sergio Pe\u00f1a, Kevin Quevedo; Eryc Castillo, Alan Cantero y Hern\u00e1n Barcos.<\/span><\/p>\n<p><span style=\"color: #000000;\">El encuentro entre Alianza Lima y la Universidad Cat\u00f3lica de Ecuador se juega este mi\u00e9rcoles, a las 19:30 horas, en Estadio Ol\u00edmpico de Atahualpa de Quito, ciudad ubicada a 2850 metros sobre el nivel del mar.<\/span><\/p>\n<p><span style=\"color: #000000;\">Este partido ser\u00e1 transmitido en directo a todo el pa\u00eds por la se\u00f1al internacional ESPN, DSports (Directv) y los streaming Disney+ y DGo.<\/span><\/p>\n<blockquote class=\"twitter-tweet\">\n<p dir=\"ltr\" lang=\"es\">\u26aa\ufe0f\u00a1\ud835\udc77\ud835\udc79\ud835\udc76\u0301\ud835\udc7f\ud835\udc70\ud835\udc74\ud835\udc76 \ud835\udc77\ud835\udc68\ud835\udc79\ud835\udc7b\ud835\udc70\ud835\udc6b\ud835\udc76!\ud83d\udd35<\/p>\n<p>\ud83c\udd9a: <a href=\"https:\/\/twitter.com\/UCatolicaEC?ref_src=twsrc%5Etfw\">@UCatolicaEC<\/a><br \/>\n\ud83d\udcc6: \ud835\udfd0\ud835\udfce\/\ud835\udfce\ud835\udfd6<br \/>\n\u231a\ufe0f: \ud835\udfd5:\ud835\udfd1\ud835\udfce \ud835\udc29.\ud835\udc26.<br \/>\n\ud83c\udfdf\ufe0f: \ud835\udc0e\ud835\udc25\ud835\udc22\u0301\ud835\udc26\ud835\udc29\ud835\udc22\ud835\udc1c\ud835\udc28 \ud835\udc00\ud835\udc2d\ud835\udc1a\ud835\udc21\ud835\udc2e\ud835\udc1a\ud835\udc25\ud835\udc29\ud835\udc1a- \ud83c\uddea\ud83c\udde8.<br \/>\n\ud83c\udfc6: \ud835\udc0e\ud835\udc1c\ud835\udc2d\ud835\udc1a\ud835\udc2f\ud835\udc28\ud835\udc2c \ud835\udc1d\ud835\udc1e \ud835\udc1f\ud835\udc22\ud835\udc27\ud835\udc1a\ud835\udc25- \ud835\udc2f\ud835\udc2e\ud835\udc1e\ud835\udc25\ud835\udc2d\ud835\udc1a <a href=\"https:\/\/twitter.com\/Sudamericana?ref_src=twsrc%5Etfw\">@Sudamericana<\/a>. <a href=\"https:\/\/twitter.com\/hashtag\/ConAlianzaSiempre?src=hash&amp;ref_src=twsrc%5Etfw\">#ConAlianzaSiempre<\/a><a href=\"https:\/\/twitter.com\/hashtag\/VamosPorM%C3%A1s?src=hash&amp;ref_src=twsrc%5Etfw\">#VamosPorM\u00e1s<\/a><a href=\"https:\/\/twitter.com\/hashtag\/ReafirmaTuLeALtad?src=hash&amp;ref_src=twsrc%5Etfw\">#ReafirmaTuLeALtad<\/a> <a href=\"https:\/\/t.co\/dckOkueh1G\">pic.twitter.com\/dckOkueh1G<\/a><\/p>\n<p>\u2014 Club Alianza Lima (@ClubALoficial) <a href=\"https:\/\/twitter.com\/ClubALoficial\/status\/1957854847560040685?ref_src=twsrc%5Etfw\">August 19, 2025<\/a><\/p><\/blockquote>\n<p><script async src=\"https:\/\/platform.twitter.com\/widgets.js\" charset=\"utf-8\"><\/script><\/p>\n","protected":false},"excerpt":{"rendered":"<p>Carlos Zambrano volver\u00e1 al equipo titular y Paolo Guerrero qued\u00f3 descartado por lesi\u00f3n Lima 19 agosto 2025 (El Informante Per\u00fa).- Alianza Lima enfrentar\u00e1 este mi\u00e9rcoles 20 de agosto a la Universidad Cat\u00f3lica de Ecuador en Quito, en el Estadio Ol\u00edmpico Atahualpa, y el t\u00e9cnico N\u00e9stor Gorosito ya defini\u00f3 al equipo titular que tiene la vuelta [&hellip;]<\/p>\n","protected":false},"author":1,"featured_media":141893,"comment_status":"closed","ping_status":"closed","sticky":false,"template":"","format":"standard","meta":{"rop_custom_images_group":[],"rop_custom_messages_group":[],"rop_publish_now":"initial","rop_publish_now_accounts":[],"rop_publish_now_history":[],"rop_publish_now_status":"pending","footnotes":""},"categories":[8],"tags":[91,1885,8276,7493],"class_list":["post-141892","post","type-post","status-publish","format-standard","has-post-thumbnail","hentry","category-disciplinas-deportivas","tag-alianza-lima","tag-carlos-zambrano","tag-copa-sudamericana-2025","tag-universidad-catolica-de-ecuador"],"_links":{"self":[{"href":"https:\/\/elinformanteperu.com\/index.php\/wp-json\/wp\/v2\/posts\/141892","targetHints":{"allow":["GET"]}}],"collection":[{"href":"https:\/\/elinformanteperu.com\/index.php\/wp-json\/wp\/v2\/posts"}],"about":[{"href":"https:\/\/elinformanteperu.com\/index.php\/wp-json\/wp\/v2\/types\/post"}],"author":[{"embeddable":true,"href":"https:\/\/elinformanteperu.com\/index.php\/wp-json\/wp\/v2\/users\/1"}],"replies":[{"embeddable":true,"href":"https:\/\/elinformanteperu.com\/index.php\/wp-json\/wp\/v2\/comments?post=141892"}],"version-history":[{"count":1,"href":"https:\/\/elinformanteperu.com\/index.php\/wp-json\/wp\/v2\/posts\/141892\/revisions"}],"predecessor-version":[{"id":141894,"href":"https:\/\/elinformanteperu.com\/index.php\/wp-json\/wp\/v2\/posts\/141892\/revisions\/141894"}],"wp:featuredmedia":[{"embeddable":true,"href":"https:\/\/elinformanteperu.com\/index.php\/wp-json\/wp\/v2\/media\/141893"}],"wp:attachment":[{"href":"https:\/\/elinformanteperu.com\/index.php\/wp-json\/wp\/v2\/media?parent=141892"}],"wp:term":[{"taxonomy":"category","embeddable":true,"href":"https:\/\/elinformanteperu.com\/index.php\/wp-json\/wp\/v2\/categories?post=141892"},{"taxonomy":"post_tag","embeddable":true,"href":"https:\/\/elinformanteperu.com\/index.php\/wp-json\/wp\/v2\/tags?post=141892"}],"curies":[{"name":"wp","href":"https:\/\/api.w.org\/{rel}","templated":true}]}}