{"id":141883,"date":"2025-08-19T21:23:40","date_gmt":"2025-08-20T02:23:40","guid":{"rendered":"https:\/\/elinformanteperu.com\/?p=141883"},"modified":"2025-08-19T21:23:40","modified_gmt":"2025-08-20T02:23:40","slug":"erick-noriega-asegura-que-buscara-triunfar-en-gremio-para-emigrar-a-europa","status":"publish","type":"post","link":"https:\/\/elinformanteperu.com\/index.php\/2025\/08\/19\/erick-noriega-asegura-que-buscara-triunfar-en-gremio-para-emigrar-a-europa\/","title":{"rendered":"Erick Noriega asegura que buscar\u00e1 triunfar en Gremio para emigrar a Europa"},"content":{"rendered":"<p><strong><span style=\"color: #000000;\">El volante de Alianza Lima viaj\u00f3 a Brasil para enrolarse al club de Porto Alegre<\/span><\/strong><\/p>\n<p><span style=\"color: #000000;\"><strong>Lima 19 agosto 2025 (ANDINA).-<\/strong> Cargando sus ilusiones de triunfar en el f\u00fatbol internacional, el mediocampista Erick Noriega viaj\u00f3 este martes rumbo a Brasil para enrolarse al Gremio de Porto Alegre y, antes de partir, se\u00f1al\u00f3 que no s\u00f3lo se contenta con llegar a un club grande de Sudam\u00e9rica porque aspira a emigrar al f\u00fatbol europeo<\/span><\/p>\n<p><span style=\"color: #000000;\">M\u00e1s emocionado que de costumbre, Noriega lleg\u00f3 al Aeropuerto Internacional Jorge Ch\u00e1vez para tomar su avi\u00f3n que lo transport\u00f3 a Brasil, donde continuar\u00e1 con su carrera deportiva.<\/span><\/p>\n<p><span style=\"color: #000000;\">Antes de abordar la nave, el ahora exvolante de Alianza Lima asegur\u00f3 que tratar\u00e1 de demostrar su buen nivel en el Gremio porque desea consolidarse para luego emigrar al f\u00fatbol europeo.<\/span><\/p>\n<p><span style=\"color: #000000;\">\u00abEstoy feliz, pero ahora no es s\u00f3lo llegar a Brasil y listo. Queda seguir demostrando y despu\u00e9s llegar a un equipo mucho m\u00e1s grande de Europa\u00bb, dijo el jugador de 23 a\u00f1os.<\/span><\/p>\n<p><span style=\"color: #000000;\">En otro momento, precis\u00f3 le queda exponer en nel Gremio que se encuentra en buen nivel y todo lo que ha mejorado con el pasar del tiempo y de los clubes en el milit\u00f3.<\/span><\/p>\n<p><span style=\"color: #000000;\">\u00abLlegar de Liga 1 y demostrar el talento que tengo, lo que he mejorado en Alianza, lo que he mejorado en Comerciantes, en San Mart\u00edn, en la Sub 23, y llegar a ocupar un puesto\u00bb, se\u00f1al\u00f3.<\/span><\/p>\n<p><span style=\"color: #000000;\">Agreg\u00f3: \u00abQuiero seguir jugando. No quiero que quede ah\u00ed, que llegu\u00e9 a Gremio y listo. As\u00ed, a esforzarme desde el d\u00eda uno y demostrar dentro del campo. Como dije, no es llegar a Brasil y listo. Queda seguir demostrando y despu\u00e9s llegar a un equipo mucho m\u00e1s grande de Europa y seguir en selecci\u00f3n, ganar mucho m\u00e1s minutos y mejorar siempre, que es lo mejor que uno quiere\u00bb, culmin\u00f3.<\/span><\/p>\n<p><strong><span style=\"color: #000000;\">Agradecido con Alianza Lima<\/span><\/strong><\/p>\n<p><span style=\"color: #000000;\">Finalmente, agradeci\u00f3 a Alianza Lima porque asegura que le dio todo desde que entr\u00f3 al club, cuando era peque\u00f1o y no dud\u00f3 en precisar que si en un futuro tiene la oportunidad de volver a vestirse de blanquiazul, lo har\u00e1.<\/span><\/p>\n<p><span style=\"color: #000000;\">\u00abAlianza a m\u00ed me dio todo. Desde chiquito me trataron de la mejor manera, siempre estuvieron ah\u00ed. Tengo muchas personas que amo en el club, que conozco desde que entr\u00e9 a Alianza. Yo siempre voy a estar agradecido con todos los que est\u00e1n dentro del club, con la hinchada que es espectacular, que es la mejor del Per\u00fa, y desearles lo mejor tambi\u00e9n siempre\u00bb<\/span><\/p>\n<p><span style=\"color: #000000;\">\u00abPas\u00e9 una etapa muy bonita en Alianza. No pens\u00e9 que las cosas se iban a dar tan r\u00e1pido, pero bastante contento de que est\u00e9 pasando esto. Si m\u00e1s adelante tengo que volver, as\u00ed va a ser\u00bb, culmin\u00f3.<\/span><\/p>\n<p><span style=\"color: #000000;\">Como se sabe, Alianza Lima y Gremio de Porto Alegre llegaron a un acuerdo para el traspaso de Erick Noriega, quien al llegar a Brasil firmar\u00e1 su contrato.<\/span><\/p>\n<p><span style=\"color: #000000;\">Se habla que la cifra manejada es de un poco m\u00e1s de 2 millones de d\u00f3lares y que Alianza Lima mantendr\u00e1 el 20% del pase para un futura venta a otro club.<\/span><\/p>\n<blockquote class=\"twitter-tweet\">\n<p dir=\"ltr\" lang=\"es\">\ud83c\udf99\ufe0f Erick Noriega: \u00abALIANZA LIMA ME DIO TODO. Agradecido con la hinchada de Alianza, la mejor del Per\u00fa. Me voy con sentimientos encontrados. Lleg\u00f3 para demostrar desde el d\u00eda uno mi talento. No ped\u00ed que me dediquen el cl\u00e1sico, pero los cl\u00e1sicos se ganan\u00bb.<\/p>\n<p>\ud83c\udfa5 <a href=\"https:\/\/twitter.com\/raulchavezpa?ref_src=twsrc%5Etfw\">@raulchavezpa<\/a> <a href=\"https:\/\/t.co\/2YmB6TW4Wp\">pic.twitter.com\/2YmB6TW4Wp<\/a><\/p>\n<p>\u2014 Jax Latin Media (@JaxLatinMedia) <a href=\"https:\/\/twitter.com\/JaxLatinMedia\/status\/1957656590942625822?ref_src=twsrc%5Etfw\">August 19, 2025<\/a><\/p><\/blockquote>\n<p><script async src=\"https:\/\/platform.twitter.com\/widgets.js\" charset=\"utf-8\"><\/script><\/p>\n","protected":false},"excerpt":{"rendered":"<p>El volante de Alianza Lima viaj\u00f3 a Brasil para enrolarse al club de Porto Alegre Lima 19 agosto 2025 (ANDINA).- Cargando sus ilusiones de triunfar en el f\u00fatbol internacional, el mediocampista Erick Noriega viaj\u00f3 este martes rumbo a Brasil para enrolarse al Gremio de Porto Alegre y, antes de partir, se\u00f1al\u00f3 que no s\u00f3lo se [&hellip;]<\/p>\n","protected":false},"author":1,"featured_media":141884,"comment_status":"closed","ping_status":"closed","sticky":false,"template":"","format":"standard","meta":{"rop_custom_images_group":[],"rop_custom_messages_group":[],"rop_publish_now":"initial","rop_publish_now_accounts":[],"rop_publish_now_history":[],"rop_publish_now_status":"pending","footnotes":""},"categories":[8],"tags":[91,8133,8213,887],"class_list":["post-141883","post","type-post","status-publish","format-standard","has-post-thumbnail","hentry","category-disciplinas-deportivas","tag-alianza-lima","tag-alianza-lima-2025","tag-erick-noriega","tag-gremio"],"_links":{"self":[{"href":"https:\/\/elinformanteperu.com\/index.php\/wp-json\/wp\/v2\/posts\/141883","targetHints":{"allow":["GET"]}}],"collection":[{"href":"https:\/\/elinformanteperu.com\/index.php\/wp-json\/wp\/v2\/posts"}],"about":[{"href":"https:\/\/elinformanteperu.com\/index.php\/wp-json\/wp\/v2\/types\/post"}],"author":[{"embeddable":true,"href":"https:\/\/elinformanteperu.com\/index.php\/wp-json\/wp\/v2\/users\/1"}],"replies":[{"embeddable":true,"href":"https:\/\/elinformanteperu.com\/index.php\/wp-json\/wp\/v2\/comments?post=141883"}],"version-history":[{"count":1,"href":"https:\/\/elinformanteperu.com\/index.php\/wp-json\/wp\/v2\/posts\/141883\/revisions"}],"predecessor-version":[{"id":141885,"href":"https:\/\/elinformanteperu.com\/index.php\/wp-json\/wp\/v2\/posts\/141883\/revisions\/141885"}],"wp:featuredmedia":[{"embeddable":true,"href":"https:\/\/elinformanteperu.com\/index.php\/wp-json\/wp\/v2\/media\/141884"}],"wp:attachment":[{"href":"https:\/\/elinformanteperu.com\/index.php\/wp-json\/wp\/v2\/media?parent=141883"}],"wp:term":[{"taxonomy":"category","embeddable":true,"href":"https:\/\/elinformanteperu.com\/index.php\/wp-json\/wp\/v2\/categories?post=141883"},{"taxonomy":"post_tag","embeddable":true,"href":"https:\/\/elinformanteperu.com\/index.php\/wp-json\/wp\/v2\/tags?post=141883"}],"curies":[{"name":"wp","href":"https:\/\/api.w.org\/{rel}","templated":true}]}}