{"id":141602,"date":"2025-08-11T02:22:28","date_gmt":"2025-08-11T07:22:28","guid":{"rendered":"https:\/\/elinformanteperu.com\/?p=141602"},"modified":"2025-08-11T02:22:28","modified_gmt":"2025-08-11T07:22:28","slug":"linea-2-reabren-dos-carriles-del-paseo-colon-por-avance-de-obras-de-la-estacion-central","status":"publish","type":"post","link":"https:\/\/elinformanteperu.com\/index.php\/2025\/08\/11\/linea-2-reabren-dos-carriles-del-paseo-colon-por-avance-de-obras-de-la-estacion-central\/","title":{"rendered":"L\u00ednea 2: reabren dos carriles del Paseo Col\u00f3n por avance de obras de la estaci\u00f3n central"},"content":{"rendered":"<p><strong><span style=\"color: #000000;\">Los dos carriles exclusivos reabiertos permitir\u00e1 la circulaci\u00f3n de los buses de la ruta 404 del corredor Morado<\/span><\/strong><\/p>\n<p><span style=\"color: #000000;\"><strong>Lima, 10 Agosto 2025, (ANDINA).-<\/strong> Desde hoy, domingo 10 de agosto, se reabrieron dos carriles exclusivos para el corredor Morado en la av 9 de Diciembre (ex Paseo Col\u00f3n), entre la Plaza Grau y el jir\u00f3n Washington, con el fin de agilizar el desplazamiento de los buses y reducir los tiempos de viaje de los usuarios.<\/span><\/p>\n<p><span style=\"color: #000000;\">As\u00ed lo inform\u00f3 en su cuenta de X la Autoridad de Transporte Urbano para Lima y Callao (ATU), precisando que la medida forma parte del plan de desv\u00edo vehicular implementado tras los avances de las obras de la estaci\u00f3n Central de la L\u00ednea 2 del Metro de Lima, que se ejecuta en el cruce de las avenidas Garcilaso de la Vega y Paseo Col\u00f3n.<\/span><\/p>\n<p><span style=\"color: #000000;\">El Ministerio de Transportes y Comunicaciones (MTC) se\u00f1al\u00f3 que, con esta reapertura parcial, quedar\u00e1 operativo el carril exclusivo para los buses de la ruta 404 del corredor Morado.<\/span><\/p>\n<p><span style=\"color: #000000;\">Adicionalmente, se activar\u00e1 un nuevo paradero ubicado a la altura de la Plaza Grau, en el sentido hacia San Juan de Lurigancho. Tambi\u00e9n se reactivaron los paraderos Bolognesi y Chota, ubicados cerca de la Plaza Bolognesi.<\/span><\/p>\n<p><span style=\"color: #000000;\">La medida beneficia a 20 mil usuarios que se trasladan diariamente en el servicio del corredor Morado, desde San Juan de Lurigancho hasta Magdalena, y viceversa. Ellos ahorrar\u00e1n hasta 10 minutos de tiempo de viaje, gracias a la implementaci\u00f3n de 2 carriles exclusivos en el Paseo Col\u00f3n.<\/span><\/p>\n<p><span style=\"color: #000000;\">El horario de operaci\u00f3n de los buses del Corredor Morado (ruta 404) en la Av. 9 de diciembre ser\u00e1 de lunes a s\u00e1bado, de 5:00 a. m. a 11:00 p. m. Los domingos, el servicio ser\u00e1 de 5:00 a. m. a 10:00 p. m.<\/span><\/p>\n<p><a href=\"https:\/\/elinformanteperu.com\/wp-content\/uploads\/2025\/08\/linea-2-carriles-abiertos1.jpg\"><img fetchpriority=\"high\" decoding=\"async\" class=\"size-large wp-image-141604 aligncenter\" src=\"https:\/\/elinformanteperu.com\/wp-content\/uploads\/2025\/08\/linea-2-carriles-abiertos1-1024x682.jpg\" alt=\"\" width=\"615\" height=\"410\" srcset=\"https:\/\/elinformanteperu.com\/wp-content\/uploads\/2025\/08\/linea-2-carriles-abiertos1-1024x682.jpg 1024w, https:\/\/elinformanteperu.com\/wp-content\/uploads\/2025\/08\/linea-2-carriles-abiertos1-300x200.jpg 300w, https:\/\/elinformanteperu.com\/wp-content\/uploads\/2025\/08\/linea-2-carriles-abiertos1-768x511.jpg 768w, https:\/\/elinformanteperu.com\/wp-content\/uploads\/2025\/08\/linea-2-carriles-abiertos1-1536x1022.jpg 1536w, https:\/\/elinformanteperu.com\/wp-content\/uploads\/2025\/08\/linea-2-carriles-abiertos1.jpg 1800w\" sizes=\"(max-width: 615px) 100vw, 615px\" \/><\/a><span style=\"color: #000000;\">Es preciso se\u00f1alar que los veh\u00edculos particulares y de transporte p\u00fablico convencional continuar\u00e1n circulando por la avenida 28 de julio.<\/span><\/p>\n<p><span style=\"color: #000000;\">El restablecimiento de la ruta del Corredor Morado cuenta con apoyo de la Polic\u00eda Nacional del Per\u00fa y personal de la ATU.<\/span><\/p>\n<p><span style=\"color: #000000;\">Los carriles exclusivos permitir\u00e1n mantener la operatividad del corredor Morado mientras duren los trabajos, que forman parte de la futura conexi\u00f3n subterr\u00e1nea entre la L\u00ednea 2 y la L\u00ednea 1 del Metro de Lima.<\/span><\/p>\n<p><span style=\"color: #000000;\">Asimismo, el proyecto contempla conexi\u00f3n subterr\u00e1nea entre la estaci\u00f3n central de la L\u00ednea 2 del Metro de Lima con la estaci\u00f3n central del Metropolitano, a trav\u00e9s de un t\u00fanel.<\/span><\/p>\n<p><span style=\"color: #000000;\">De acuerdo con informaci\u00f3n de la Agencia Andina, la estaci\u00f3n Central de la L\u00ednea 2 ser\u00e1 un nodo clave del sistema de transporte integrado, ya que permitir\u00e1 a los pasajeros trasladarse de forma directa desde Ate hasta el Callao, enlazando con la L\u00ednea 1 que recorre Villa El Salvador\u2013San Juan de Lurigancho.<\/span><\/p>\n<p><span style=\"color: #000000;\">La ATU record\u00f3 a los conductores particulares que el uso indebido de los carriles exclusivos ser\u00e1 sancionado y exhort\u00f3 a los usuarios a respetar la se\u00f1alizaci\u00f3n para evitar congesti\u00f3n en la zona.<\/span><\/p>\n<blockquote class=\"twitter-tweet\">\n<p dir=\"ltr\" lang=\"es\">\u00a1\ud835\uddd4\ud835\uddf5\ud835\uddfc\ud835\uddff\ud835\uddff\ud835\uddee \ud835\uddf5\ud835\uddee\ud835\ude00\ud835\ude01\ud835\uddee \ud835\udfed\ud835\udfec \ud835\uddfa\ud835\uddf6\ud835\uddfb\ud835\ude02\ud835\ude01\ud835\uddfc\ud835\ude00 \ud835\uddf2\ud835\uddfb \ud835\ude01\ud835\ude02 \ud835\ude03\ud835\uddf6\ud835\uddee\ud835\uddf7\ud835\uddf2! \u23f1<\/p>\n<p>Con los nuevos carriles exclusivos de la ruta 404 del corredor Morado, en Paseo Col\u00f3n, trabajamos para que tu recorrido sea m\u00e1s r\u00e1pido. <a href=\"https:\/\/t.co\/2AllguRXyn\">pic.twitter.com\/2AllguRXyn<\/a><\/p>\n<p>\u2014 Autoridad de Transporte Urbano (@ATU_GobPeru) <a href=\"https:\/\/twitter.com\/ATU_GobPeru\/status\/1954589063572324730?ref_src=twsrc%5Etfw\">August 10, 2025<\/a><\/p><\/blockquote>\n<p><script async src=\"https:\/\/platform.twitter.com\/widgets.js\" charset=\"utf-8\"><\/script><\/p>\n","protected":false},"excerpt":{"rendered":"<p>Los dos carriles exclusivos reabiertos permitir\u00e1 la circulaci\u00f3n de los buses de la ruta 404 del corredor Morado Lima, 10 Agosto 2025, (ANDINA).- Desde hoy, domingo 10 de agosto, se reabrieron dos carriles exclusivos para el corredor Morado en la av 9 de Diciembre (ex Paseo Col\u00f3n), entre la Plaza Grau y el jir\u00f3n Washington, [&hellip;]<\/p>\n","protected":false},"author":1,"featured_media":141603,"comment_status":"closed","ping_status":"closed","sticky":false,"template":"","format":"standard","meta":{"rop_custom_images_group":[],"rop_custom_messages_group":[],"rop_publish_now":"initial","rop_publish_now_accounts":[],"rop_publish_now_history":[],"rop_publish_now_status":"pending","footnotes":""},"categories":[10],"tags":[5422,4559,7546],"class_list":["post-141602","post","type-post","status-publish","format-standard","has-post-thumbnail","hentry","category-actualidad-municipal","tag-atu","tag-autoridad-de-transporte-urbano","tag-linea-2"],"_links":{"self":[{"href":"https:\/\/elinformanteperu.com\/index.php\/wp-json\/wp\/v2\/posts\/141602","targetHints":{"allow":["GET"]}}],"collection":[{"href":"https:\/\/elinformanteperu.com\/index.php\/wp-json\/wp\/v2\/posts"}],"about":[{"href":"https:\/\/elinformanteperu.com\/index.php\/wp-json\/wp\/v2\/types\/post"}],"author":[{"embeddable":true,"href":"https:\/\/elinformanteperu.com\/index.php\/wp-json\/wp\/v2\/users\/1"}],"replies":[{"embeddable":true,"href":"https:\/\/elinformanteperu.com\/index.php\/wp-json\/wp\/v2\/comments?post=141602"}],"version-history":[{"count":1,"href":"https:\/\/elinformanteperu.com\/index.php\/wp-json\/wp\/v2\/posts\/141602\/revisions"}],"predecessor-version":[{"id":141605,"href":"https:\/\/elinformanteperu.com\/index.php\/wp-json\/wp\/v2\/posts\/141602\/revisions\/141605"}],"wp:featuredmedia":[{"embeddable":true,"href":"https:\/\/elinformanteperu.com\/index.php\/wp-json\/wp\/v2\/media\/141603"}],"wp:attachment":[{"href":"https:\/\/elinformanteperu.com\/index.php\/wp-json\/wp\/v2\/media?parent=141602"}],"wp:term":[{"taxonomy":"category","embeddable":true,"href":"https:\/\/elinformanteperu.com\/index.php\/wp-json\/wp\/v2\/categories?post=141602"},{"taxonomy":"post_tag","embeddable":true,"href":"https:\/\/elinformanteperu.com\/index.php\/wp-json\/wp\/v2\/tags?post=141602"}],"curies":[{"name":"wp","href":"https:\/\/api.w.org\/{rel}","templated":true}]}}