{"id":141539,"date":"2025-08-10T03:09:06","date_gmt":"2025-08-10T08:09:06","guid":{"rendered":"https:\/\/elinformanteperu.com\/?p=141539"},"modified":"2025-08-10T03:09:06","modified_gmt":"2025-08-10T08:09:06","slug":"feria-nacional-con-productos-agroecologicos-de-costa-sierra-y-selva-en-magdalena-del-mar","status":"publish","type":"post","link":"https:\/\/elinformanteperu.com\/index.php\/2025\/08\/10\/feria-nacional-con-productos-agroecologicos-de-costa-sierra-y-selva-en-magdalena-del-mar\/","title":{"rendered":"Feria Nacional con productos agroecol\u00f3gicos de costa, sierra y selva en Magdalena del Mar"},"content":{"rendered":"<p><strong><span style=\"color: #000000;\">\u2022 Desde el 14 al 17 de agosto en Plaza T\u00fapac Amaru, en el marco del 34 Aniversario de FONCODES.<\/span><\/strong><\/p>\n<p><span style=\"color: #000000;\"><strong>Lima, 09 Agosto 2025, (El Informante Per\u00fa).-<\/strong> Una variedad de productos agropecuarios, agroindustriales y artesanales procedentes de comunidades rurales de la costa, sierra y la selva del pa\u00eds, se ofrecer\u00e1 en la III Expo Feria Nacional de Emprendimientos 2025, que se realizar\u00e1 del 14 al 17 de agosto en la Plaza T\u00fapac Amaru, en el distrito de Magdalena del Mar.<\/span><\/p>\n<p><a href=\"https:\/\/elinformanteperu.com\/wp-content\/uploads\/2025\/08\/foncodes-feria-magdalena1.jpg\"><img fetchpriority=\"high\" decoding=\"async\" class=\"size-large wp-image-141541 aligncenter\" src=\"https:\/\/elinformanteperu.com\/wp-content\/uploads\/2025\/08\/foncodes-feria-magdalena1-1024x682.jpg\" alt=\"\" width=\"615\" height=\"410\" srcset=\"https:\/\/elinformanteperu.com\/wp-content\/uploads\/2025\/08\/foncodes-feria-magdalena1-1024x682.jpg 1024w, https:\/\/elinformanteperu.com\/wp-content\/uploads\/2025\/08\/foncodes-feria-magdalena1-300x200.jpg 300w, https:\/\/elinformanteperu.com\/wp-content\/uploads\/2025\/08\/foncodes-feria-magdalena1-768x512.jpg 768w, https:\/\/elinformanteperu.com\/wp-content\/uploads\/2025\/08\/foncodes-feria-magdalena1.jpg 1280w\" sizes=\"(max-width: 615px) 100vw, 615px\" \/><\/a><\/p>\n<p><span style=\"color: #000000;\">La actividad ferial, que congregar\u00e1 a m\u00e1s de 80 peque\u00f1os productores, es organizada por el Fondo de Cooperaci\u00f3n para el Desarrollo Social-FONCODES, programa nacional del Ministerio de Desarrollo e Inclusi\u00f3n Social-MIDIS, para impulsar la comercializaci\u00f3n sostenible de productos producidos por las familias usuarias del proyecto Haku Wi\u00f1ay\/Noa Jayatai y su articulaci\u00f3n a los mercados locales y regionales.<\/span><\/p>\n<p><span style=\"color: #000000;\">Queso, yogurt, helados, manjar blanco; miel de abeja, polen y sus derivados, panader\u00eda y pasteler\u00eda artesanal, frutas procesadas como n\u00e9ctares y mermeladas; sombreros de paja toquilla, prote\u00edna animal empacada al vac\u00edo como la carne de cuy y truchas; productos agr\u00edcolas (ma\u00edz, quinua, frijoles, papa nativa); cacao y caf\u00e9 tostado (en grano o molido); harinas (yuca, pl\u00e1tanos, habas, chu\u00f1o, tocosh), frutas y artesan\u00eda son los productos que se pondr\u00e1n en exhibici\u00f3n y venta en la Expo Feria.<\/span><\/p>\n<p><a href=\"https:\/\/elinformanteperu.com\/wp-content\/uploads\/2025\/08\/foncodes-feria-magdalena3.jpg\"><img decoding=\"async\" class=\"size-large wp-image-141542 aligncenter\" src=\"https:\/\/elinformanteperu.com\/wp-content\/uploads\/2025\/08\/foncodes-feria-magdalena3-1024x682.jpg\" alt=\"\" width=\"615\" height=\"410\" srcset=\"https:\/\/elinformanteperu.com\/wp-content\/uploads\/2025\/08\/foncodes-feria-magdalena3-1024x682.jpg 1024w, https:\/\/elinformanteperu.com\/wp-content\/uploads\/2025\/08\/foncodes-feria-magdalena3-300x200.jpg 300w, https:\/\/elinformanteperu.com\/wp-content\/uploads\/2025\/08\/foncodes-feria-magdalena3-768x512.jpg 768w, https:\/\/elinformanteperu.com\/wp-content\/uploads\/2025\/08\/foncodes-feria-magdalena3.jpg 1280w\" sizes=\"(max-width: 615px) 100vw, 615px\" \/><\/a><\/p>\n<p><span style=\"color: #000000;\">En el marco de las actividades conmemorativas por el 34 aniversario de FONCODES, se busca posicionar productos agr\u00edcolas, pecuarios y artesanales de calidad, inocuos y con valor agregado (preferentemente org\u00e1nicos), fomentando su visibilidad en espacios de promoci\u00f3n y ventas, incentivando la participaci\u00f3n de la ciudadan\u00eda y visitantes, en el marco de la reactivaci\u00f3n econ\u00f3mica regional.<\/span><\/p>\n<p><span style=\"color: #000000;\">El proyecto productivo \u201cHaku Wi\u00f1ay\/Noa Jayatai\u201d (Vamos a crecer) tiene como objetivo desarrollar capacidades productivas y emprendimientos rurales en las familias usuarias para que accedan con mejores oportunidades a los mercados locales y as\u00ed puedan generar sus ingresos econ\u00f3micos de manera aut\u00f3noma y sostenible.<\/span><\/p>\n<p><a href=\"https:\/\/elinformanteperu.com\/wp-content\/uploads\/2025\/08\/foncodes-feria-magdalena2.jpg\"><img decoding=\"async\" class=\"size-large wp-image-141543 aligncenter\" src=\"https:\/\/elinformanteperu.com\/wp-content\/uploads\/2025\/08\/foncodes-feria-magdalena2-1024x682.jpg\" alt=\"\" width=\"615\" height=\"410\" srcset=\"https:\/\/elinformanteperu.com\/wp-content\/uploads\/2025\/08\/foncodes-feria-magdalena2-1024x682.jpg 1024w, https:\/\/elinformanteperu.com\/wp-content\/uploads\/2025\/08\/foncodes-feria-magdalena2-300x200.jpg 300w, https:\/\/elinformanteperu.com\/wp-content\/uploads\/2025\/08\/foncodes-feria-magdalena2-768x512.jpg 768w, https:\/\/elinformanteperu.com\/wp-content\/uploads\/2025\/08\/foncodes-feria-magdalena2.jpg 1280w\" sizes=\"(max-width: 615px) 100vw, 615px\" \/><\/a><\/p>\n","protected":false},"excerpt":{"rendered":"<p>\u2022 Desde el 14 al 17 de agosto en Plaza T\u00fapac Amaru, en el marco del 34 Aniversario de FONCODES. Lima, 09 Agosto 2025, (El Informante Per\u00fa).- Una variedad de productos agropecuarios, agroindustriales y artesanales procedentes de comunidades rurales de la costa, sierra y la selva del pa\u00eds, se ofrecer\u00e1 en la III Expo Feria [&hellip;]<\/p>\n","protected":false},"author":1,"featured_media":141540,"comment_status":"closed","ping_status":"closed","sticky":false,"template":"","format":"standard","meta":{"rop_custom_images_group":[],"rop_custom_messages_group":[],"rop_publish_now":"initial","rop_publish_now_accounts":[],"rop_publish_now_history":[],"rop_publish_now_status":"pending","footnotes":""},"categories":[10],"tags":[3047,3880,153],"class_list":["post-141539","post","type-post","status-publish","format-standard","has-post-thumbnail","hentry","category-actualidad-municipal","tag-foncodes","tag-magdalena-del-mar","tag-midis"],"_links":{"self":[{"href":"https:\/\/elinformanteperu.com\/index.php\/wp-json\/wp\/v2\/posts\/141539","targetHints":{"allow":["GET"]}}],"collection":[{"href":"https:\/\/elinformanteperu.com\/index.php\/wp-json\/wp\/v2\/posts"}],"about":[{"href":"https:\/\/elinformanteperu.com\/index.php\/wp-json\/wp\/v2\/types\/post"}],"author":[{"embeddable":true,"href":"https:\/\/elinformanteperu.com\/index.php\/wp-json\/wp\/v2\/users\/1"}],"replies":[{"embeddable":true,"href":"https:\/\/elinformanteperu.com\/index.php\/wp-json\/wp\/v2\/comments?post=141539"}],"version-history":[{"count":1,"href":"https:\/\/elinformanteperu.com\/index.php\/wp-json\/wp\/v2\/posts\/141539\/revisions"}],"predecessor-version":[{"id":141544,"href":"https:\/\/elinformanteperu.com\/index.php\/wp-json\/wp\/v2\/posts\/141539\/revisions\/141544"}],"wp:featuredmedia":[{"embeddable":true,"href":"https:\/\/elinformanteperu.com\/index.php\/wp-json\/wp\/v2\/media\/141540"}],"wp:attachment":[{"href":"https:\/\/elinformanteperu.com\/index.php\/wp-json\/wp\/v2\/media?parent=141539"}],"wp:term":[{"taxonomy":"category","embeddable":true,"href":"https:\/\/elinformanteperu.com\/index.php\/wp-json\/wp\/v2\/categories?post=141539"},{"taxonomy":"post_tag","embeddable":true,"href":"https:\/\/elinformanteperu.com\/index.php\/wp-json\/wp\/v2\/tags?post=141539"}],"curies":[{"name":"wp","href":"https:\/\/api.w.org\/{rel}","templated":true}]}}