{"id":141530,"date":"2025-08-10T02:53:01","date_gmt":"2025-08-10T07:53:01","guid":{"rendered":"https:\/\/elinformanteperu.com\/?p=141530"},"modified":"2025-08-10T02:53:01","modified_gmt":"2025-08-10T07:53:01","slug":"delegacion-peruana-desfilo-en-la-inauguracion-de-los-juegos-panamericanos-junior-asuncion-2025","status":"publish","type":"post","link":"https:\/\/elinformanteperu.com\/index.php\/2025\/08\/10\/delegacion-peruana-desfilo-en-la-inauguracion-de-los-juegos-panamericanos-junior-asuncion-2025\/","title":{"rendered":"Delegaci\u00f3n peruana desfil\u00f3 en la inauguraci\u00f3n de los Juegos Panamericanos Junior Asunci\u00f3n 2025"},"content":{"rendered":"<p><strong><span style=\"color: #000000;\">Equipo nacional cuenta con atletas del Programa de Apoyo al Deportista (PAD) del Instituto Peruano del Deporte (IPD).<\/span><\/strong><\/p>\n<p><span style=\"color: #000000;\"><strong>Lima, 09 Agosto 2025, (El Informante Per\u00fa).-<\/strong> Toda la alegr\u00eda, trabajo, esperanza y talento de la generaci\u00f3n m\u00e1s prometedora del deporte nacional hizo su aparici\u00f3n en el desfile de la inauguraci\u00f3n de los Juegos Panamericanos Junior Asunci\u00f3n 2025. El Team Per\u00fa en pleno, que lleva a esta edici\u00f3n 115 deportistas.<\/span><\/p>\n<p><span style=\"color: #000000;\">\u201cPer\u00fa, Per\u00fa, Per\u00fa\u2026 \u201d fue el grito de nuestros muchachos al ingresar al m\u00edtico estadio Defensores del Chaco en el barrio de Sajonia, Asunci\u00f3n.<\/span><\/p>\n<p><span style=\"color: #000000;\">Per\u00fa en sus cuatro letras encierra toda una esperanza de nuestros atletas que van por el r\u00e9cord de medallas en el torneo juvenil panamericano. El objetivo es ubicarse en los primeros lugares entre los 41 pa\u00edses de Am\u00e9rica. En la delegaci\u00f3n nacional se encuentra integrantes del Programa de Apoyo al Deportista (PAD) del Instituto Peruano del Deporte (IPD).<\/span><\/p>\n<p><a href=\"https:\/\/elinformanteperu.com\/wp-content\/uploads\/2025\/08\/peru-desfile-panamericanos-junior-asuncion1.jpg\"><img fetchpriority=\"high\" decoding=\"async\" class=\"size-full wp-image-141532 aligncenter\" src=\"https:\/\/elinformanteperu.com\/wp-content\/uploads\/2025\/08\/peru-desfile-panamericanos-junior-asuncion1.jpg\" alt=\"\" width=\"700\" height=\"395\" srcset=\"https:\/\/elinformanteperu.com\/wp-content\/uploads\/2025\/08\/peru-desfile-panamericanos-junior-asuncion1.jpg 700w, https:\/\/elinformanteperu.com\/wp-content\/uploads\/2025\/08\/peru-desfile-panamericanos-junior-asuncion1-300x169.jpg 300w, https:\/\/elinformanteperu.com\/wp-content\/uploads\/2025\/08\/peru-desfile-panamericanos-junior-asuncion1-620x350.jpg 620w\" sizes=\"(max-width: 700px) 100vw, 700px\" \/><\/a><span style=\"color: #000000;\">Nuestros abanderados fueron la promesa (y cada vez m\u00e1s una realidad) de la nataci\u00f3n nacional Yasmin Silva, junto a Lukas Eichhorn de esgrima, que recibieron los aplausos al paso del Team.<\/span><\/p>\n<p><span style=\"color: #000000;\">\u00abEl honor de llevar la bandera quedar\u00e1 para toda mi vida. Mis padres han seguido la transmisi\u00f3n por Panam Chanel y no te imaginas la emoci\u00f3n que uno vive. Gracias al Per\u00fa por este honor, por compartir esta vivencia con atletas de toda Am\u00e9rica\u00bb, fueron las palabras de Lukas.<\/span><\/p>\n<p><span style=\"color: #000000;\">Mientras Yasmin se\u00f1al\u00f3 que \u201cno puedo describir lo que uno vive en este momento. Es un sue\u00f1o y tambi\u00e9n una responsabilidad porque hay que dejar al Per\u00fa en lo m\u00e1s alto\u00bb, recalc\u00f3 Silva<\/span><\/p>\n<p><span style=\"color: #000000;\">La ceremonia cont\u00f3 con la presencia del presidente del IPD, Federico Tong; el presidente de Panam Sports, Neven Ilic; el presidente del Comit\u00e9 Ol\u00edmpico Paraguayo, Camilo P\u00e9rez; el presidente del Comit\u00e9 Ol\u00edmpico Peruano, Renzo Manyari; entre otras autoridades.<\/span><\/p>\n<p><span style=\"color: #000000;\">En Asunci\u00f3n 2025 participan deportistas desde los 18 hasta los 21 a\u00f1os de edad. En la presente edici\u00f3n habr\u00e1 28 deportes y 42 disciplinas deportivas. Se estima que el equipo peruano alcance en esta competencia hasta 45 medallas, de las cuales nueve ser\u00edan de oro.<\/span><\/p>\n<p><strong><span style=\"color: #000000;\">Peruana en la final<\/span><\/strong><\/p>\n<p><span style=\"color: #000000;\">En el primer d\u00eda competencias, la peruana Luciana Zegarra clasific\u00f3 a la final de remo en la modalidad de Par de Remos Cortos Femenino (W1X). Este domingo entrar\u00e1 en competencia desde las 8.15 am (hora peruana) con posibilidad de alcanzar el primero podio para el pa\u00eds.<\/span><\/p>\n","protected":false},"excerpt":{"rendered":"<p>Equipo nacional cuenta con atletas del Programa de Apoyo al Deportista (PAD) del Instituto Peruano del Deporte (IPD). Lima, 09 Agosto 2025, (El Informante Per\u00fa).- Toda la alegr\u00eda, trabajo, esperanza y talento de la generaci\u00f3n m\u00e1s prometedora del deporte nacional hizo su aparici\u00f3n en el desfile de la inauguraci\u00f3n de los Juegos Panamericanos Junior Asunci\u00f3n [&hellip;]<\/p>\n","protected":false},"author":1,"featured_media":141531,"comment_status":"closed","ping_status":"closed","sticky":false,"template":"","format":"standard","meta":{"rop_custom_images_group":[],"rop_custom_messages_group":[],"rop_publish_now":"initial","rop_publish_now_accounts":[],"rop_publish_now_history":[],"rop_publish_now_status":"pending","footnotes":""},"categories":[8],"tags":[920,417,1708],"class_list":["post-141530","post","type-post","status-publish","format-standard","has-post-thumbnail","hentry","category-disciplinas-deportivas","tag-instituto-peruano-del-deporte","tag-ipd","tag-programa-de-apoyo-al-deportista"],"_links":{"self":[{"href":"https:\/\/elinformanteperu.com\/index.php\/wp-json\/wp\/v2\/posts\/141530","targetHints":{"allow":["GET"]}}],"collection":[{"href":"https:\/\/elinformanteperu.com\/index.php\/wp-json\/wp\/v2\/posts"}],"about":[{"href":"https:\/\/elinformanteperu.com\/index.php\/wp-json\/wp\/v2\/types\/post"}],"author":[{"embeddable":true,"href":"https:\/\/elinformanteperu.com\/index.php\/wp-json\/wp\/v2\/users\/1"}],"replies":[{"embeddable":true,"href":"https:\/\/elinformanteperu.com\/index.php\/wp-json\/wp\/v2\/comments?post=141530"}],"version-history":[{"count":1,"href":"https:\/\/elinformanteperu.com\/index.php\/wp-json\/wp\/v2\/posts\/141530\/revisions"}],"predecessor-version":[{"id":141533,"href":"https:\/\/elinformanteperu.com\/index.php\/wp-json\/wp\/v2\/posts\/141530\/revisions\/141533"}],"wp:featuredmedia":[{"embeddable":true,"href":"https:\/\/elinformanteperu.com\/index.php\/wp-json\/wp\/v2\/media\/141531"}],"wp:attachment":[{"href":"https:\/\/elinformanteperu.com\/index.php\/wp-json\/wp\/v2\/media?parent=141530"}],"wp:term":[{"taxonomy":"category","embeddable":true,"href":"https:\/\/elinformanteperu.com\/index.php\/wp-json\/wp\/v2\/categories?post=141530"},{"taxonomy":"post_tag","embeddable":true,"href":"https:\/\/elinformanteperu.com\/index.php\/wp-json\/wp\/v2\/tags?post=141530"}],"curies":[{"name":"wp","href":"https:\/\/api.w.org\/{rel}","templated":true}]}}