{"id":141365,"date":"2025-08-07T01:54:55","date_gmt":"2025-08-07T06:54:55","guid":{"rendered":"https:\/\/elinformanteperu.com\/?p=141365"},"modified":"2025-08-07T01:54:55","modified_gmt":"2025-08-07T06:54:55","slug":"censos-2025-inei-condena-agresion-verbal-a-censista-y-llama-a-colaborar-con-respeto","status":"publish","type":"post","link":"https:\/\/elinformanteperu.com\/index.php\/2025\/08\/07\/censos-2025-inei-condena-agresion-verbal-a-censista-y-llama-a-colaborar-con-respeto\/","title":{"rendered":"Censos 2025: INEI condena agresi\u00f3n verbal a censista y llama a colaborar con respeto"},"content":{"rendered":"<p><span style=\"color: #000000;\"><strong>Lima, 06 Agosto 2025, (ANDINA).-<\/strong> El jefe del Instituto Nacional de Estad\u00edstica e Inform\u00e1tica (INEI), Gaspar Mor\u00e1n, rechaz\u00f3 hoy de manera enf\u00e1tica las agresiones verbales contra una censista mientras realizaba su labor, hecho que se viraliz\u00f3 a trav\u00e9s de las redes sociales, y reafirm\u00f3 el respaldo de la instituci\u00f3n a todo el personal que participa en los Censos Nacionales 2025.<\/span><\/p>\n<p><span style=\"color: #000000;\">\u00abCircula en redes un video donde una de nuestras censistas en pleno trabajo de campo es agredida verbalmente. Desde el INEI rechazamos categ\u00f3ricamente cualquier acto de violencia, hostilidad o desprecio hacia nuestro personal que cumple una labor de servicio al pa\u00eds. Esas expresiones de intolerancia son inaceptables\u00bb, asever\u00f3.<\/span><\/p>\n<p><span style=\"color: #000000;\">El titular del INEI subray\u00f3 que detr\u00e1s de cada censista hay una persona comprometida con el pa\u00eds, que recorre calles, comunidades y hogares para recoger informaci\u00f3n vital para el desarrollo nacional. En ese sentido, expres\u00f3 su solidaridad con la trabajadora afectada y con todos los empadronadores que integran el operativo censal.<\/span><\/p>\n<p><span style=\"color: #000000;\">\u00abEl INEI est\u00e1 con ustedes, defiende su trabajo y valora profundamente su entrega a la ciudadan\u00eda. Le recordamos que la labor de cada censista no es sencilla, implica esfuerzo, vocaci\u00f3n y compromiso\u00bb, destac\u00f3.<\/span><\/p>\n<p><span style=\"color: #000000;\">Mor\u00e1n record\u00f3 que toda la informaci\u00f3n que recogen los censistas est\u00e1 protegida por el secreto estad\u00edstico y se utiliza exclusivamente para dichos fines. Adem\u00e1s, reiter\u00f3 el car\u00e1cter confidencial de los datos personales y el marco legal que garantiza su resguardo.<\/span><\/p>\n<p><span style=\"color: #000000;\">Asimismo, hizo un llamado a la poblaci\u00f3n a colaborar de manera respetuosa con los empadronadores. \u00abRec\u00edbelos con respeto y colabora con responsabilidad, porque este censo es de todos\u00bb, concluy\u00f3.<\/span><\/p>\n<p><strong><span style=\"color: #000000;\">Censista agredida<\/span><\/strong><\/p>\n<p><span style=\"color: #000000;\">En el video, que se viraliz\u00f3 en la plataforma TikTok, se observa a una empadronadora intentando realizar el censo en una vivienda del distrito de San Mart\u00edn de Porres. Sin embargo, el ciudadano, visiblemente inc\u00f3modo, se niega a participar, argumentando que la informaci\u00f3n solicitada podr\u00eda ser mal utilizada. Adem\u00e1s, expresa su total desconfianza hacia el trabajo de los censistas.<\/span><\/p>\n<p><span style=\"color: #000000;\">\u201cUstedes est\u00e1n queriendo informaci\u00f3n de nuestros datos, pero eso no es un censo\u201d, refiere el sujeto. Ante esta respuesta, la censista intenta explicarle la importancia de los censos, pero el hombre insiste en que sus datos pueden ser utilizados para fraudes.<\/span><\/p>\n","protected":false},"excerpt":{"rendered":"<p>Lima, 06 Agosto 2025, (ANDINA).- El jefe del Instituto Nacional de Estad\u00edstica e Inform\u00e1tica (INEI), Gaspar Mor\u00e1n, rechaz\u00f3 hoy de manera enf\u00e1tica las agresiones verbales contra una censista mientras realizaba su labor, hecho que se viraliz\u00f3 a trav\u00e9s de las redes sociales, y reafirm\u00f3 el respaldo de la instituci\u00f3n a todo el personal que participa [&hellip;]<\/p>\n","protected":false},"author":1,"featured_media":141366,"comment_status":"closed","ping_status":"closed","sticky":false,"template":"","format":"standard","meta":{"rop_custom_images_group":[],"rop_custom_messages_group":[],"rop_publish_now":"initial","rop_publish_now_accounts":[],"rop_publish_now_history":[],"rop_publish_now_status":"pending","footnotes":""},"categories":[10,5745],"tags":[8473,845],"class_list":["post-141365","post","type-post","status-publish","format-standard","has-post-thumbnail","hentry","category-actualidad-municipal","category-lo-ultimo","tag-censo-2025","tag-inei"],"_links":{"self":[{"href":"https:\/\/elinformanteperu.com\/index.php\/wp-json\/wp\/v2\/posts\/141365","targetHints":{"allow":["GET"]}}],"collection":[{"href":"https:\/\/elinformanteperu.com\/index.php\/wp-json\/wp\/v2\/posts"}],"about":[{"href":"https:\/\/elinformanteperu.com\/index.php\/wp-json\/wp\/v2\/types\/post"}],"author":[{"embeddable":true,"href":"https:\/\/elinformanteperu.com\/index.php\/wp-json\/wp\/v2\/users\/1"}],"replies":[{"embeddable":true,"href":"https:\/\/elinformanteperu.com\/index.php\/wp-json\/wp\/v2\/comments?post=141365"}],"version-history":[{"count":1,"href":"https:\/\/elinformanteperu.com\/index.php\/wp-json\/wp\/v2\/posts\/141365\/revisions"}],"predecessor-version":[{"id":141367,"href":"https:\/\/elinformanteperu.com\/index.php\/wp-json\/wp\/v2\/posts\/141365\/revisions\/141367"}],"wp:featuredmedia":[{"embeddable":true,"href":"https:\/\/elinformanteperu.com\/index.php\/wp-json\/wp\/v2\/media\/141366"}],"wp:attachment":[{"href":"https:\/\/elinformanteperu.com\/index.php\/wp-json\/wp\/v2\/media?parent=141365"}],"wp:term":[{"taxonomy":"category","embeddable":true,"href":"https:\/\/elinformanteperu.com\/index.php\/wp-json\/wp\/v2\/categories?post=141365"},{"taxonomy":"post_tag","embeddable":true,"href":"https:\/\/elinformanteperu.com\/index.php\/wp-json\/wp\/v2\/tags?post=141365"}],"curies":[{"name":"wp","href":"https:\/\/api.w.org\/{rel}","templated":true}]}}