{"id":141258,"date":"2025-08-05T03:07:43","date_gmt":"2025-08-05T08:07:43","guid":{"rendered":"https:\/\/elinformanteperu.com\/?p=141258"},"modified":"2025-08-05T03:07:43","modified_gmt":"2025-08-05T08:07:43","slug":"congreso-fiscal-jose-domingo-perez-se-presento-ante-la-comision-del-caso-odebrecht","status":"publish","type":"post","link":"https:\/\/elinformanteperu.com\/index.php\/2025\/08\/05\/congreso-fiscal-jose-domingo-perez-se-presento-ante-la-comision-del-caso-odebrecht\/","title":{"rendered":"Congreso: fiscal Jos\u00e9 Domingo P\u00e9rez se present\u00f3 ante la Comisi\u00f3n del caso Odebrecht"},"content":{"rendered":"<p><span style=\"color: #000000;\"><strong>Lima, 04 Agosto 2025, (ANDINA).-<\/strong> El fiscal Jos\u00e9 Domingo P\u00e9rez, miembro del equipo especial del caso Lava Jato, se present\u00f3 ante la comisi\u00f3n del Congreso que investiga el acuerdo de colaboraci\u00f3n eficaz suscrito con la empresa brasile\u00f1a Odebrecht.<\/span><\/p>\n<p><span style=\"color: #000000;\">En la sesi\u00f3n, el congresista Alejandro Mu\u00f1ante Barrios (RP) le pregunt\u00f3 al fiscal sobre qu\u00e9 norma les impidi\u00f3 ampliar o modificar el proyecto del Acuerdo de Colaboraci\u00f3n Eficaz, que fue avanzado por el fiscal Hamilton Castro.<\/span><\/p>\n<p><span style=\"color: #000000;\">Record\u00f3 que ya exist\u00eda un informe de la Contralor\u00eda del a\u00f1o 2017, donde se detectaron pagos o adendas irregulares en m\u00e1s de 25 obras; y hab\u00eda una denuncia por parte de la Procuradur\u00eda General de la Sunat y otras investigaciones en curso, por defraudaci\u00f3n tributaria.<\/span><\/p>\n<p><span style=\"color: #000000;\">\u201cPor qu\u00e9 se decidi\u00f3 en forma posterior cerrar cuatro casos. Por qu\u00e9 no se pudo esperar que se puedan encontrar m\u00e1s pruebas y revelaciones a efectos de que la empresa Odebrecht pueda ampliar las obras en dicho acuerdo. \u00bfPor qu\u00e9 el apuro para cerrar el acuerdo?\u201d, pregunt\u00f3 el legislador.<\/span><\/p>\n<p><span style=\"color: #000000;\">Por su lado, P\u00e9rez G\u00f3mez respondi\u00f3 que el equipo de fiscales actu\u00f3 en funci\u00f3n de la norma 472 numeral 4 del C\u00f3digo Procesal Penal y \u201cporque en un acuerdo de colaboraci\u00f3n eficaz no se puede obligar a que la otra parte acepte todos los cargos\u201d, de lo contrario-indic\u00f3- el Congreso est\u00e1 en capacidad de modificar la ley.<\/span><\/p>\n<p><span style=\"color: #000000;\">Mu\u00f1ante tambi\u00e9n pregunt\u00f3 por qu\u00e9 se archiv\u00f3 el caso del Gasoducto Sur. Al respecto, P\u00e9rez G\u00f3mez dijo que no fue as\u00ed y que el caso actualmente se encuentra como parte de una acusaci\u00f3n y en juicio oral, aunque no dio detalles.<\/span><\/p>\n<p><span style=\"color: #000000;\">Antes, Mu\u00f1ante Barrios inform\u00f3 que dos de los convocados anunciaron que no concurrir\u00edan a la sesi\u00f3n y que a ambos la comisi\u00f3n les inform\u00f3 que dicha citaci\u00f3n les fue hecha en raz\u00f3n al debido proceso y al primer requerimiento que hace una comisi\u00f3n parlamentaria de investigaci\u00f3n y con ella, la obligaci\u00f3n del cumplimiento de su comparecencia.<\/span><\/p>\n<p><span style=\"color: #000000;\">En uno de los casos se refiri\u00f3 al periodista Gustavo Gorritti Ellenbogen, director y fundador de IDL\u2013Reporteros, para tratar sobre asuntos relacionados con el acuerdo de colaboraci\u00f3n eficaz suscrito por la empresa constructora Norberto Odebrecht.<\/span><\/p>\n<p><span style=\"color: #000000;\">El legislador tambi\u00e9n se refiri\u00f3 al caso de Jorge Henrique Sim\u00f5es Barata, exdirector de la empresa constructora Norberto Odebrecht, convocado para tratar sobre los asuntos relacionados con el acuerdo de colaboraci\u00f3n eficaz suscrito por la empresa constructora Norberto Odebrecht.<\/span><\/p>\n<p><span style=\"color: #000000;\">Finalmente, Mu\u00f1ante Barrios indic\u00f3 que se tomar\u00e1 en cuenta el pedido del congresista Ventura \u00c1ngel , para citar nuevamente a P\u00e9rez G\u00f3mez a fin de que asista nuevamente a la comisi\u00f3n y responda por m\u00e1s interrogantes que tienen los congresistas.<\/span><\/p>\n","protected":false},"excerpt":{"rendered":"<p>Lima, 04 Agosto 2025, (ANDINA).- El fiscal Jos\u00e9 Domingo P\u00e9rez, miembro del equipo especial del caso Lava Jato, se present\u00f3 ante la comisi\u00f3n del Congreso que investiga el acuerdo de colaboraci\u00f3n eficaz suscrito con la empresa brasile\u00f1a Odebrecht. En la sesi\u00f3n, el congresista Alejandro Mu\u00f1ante Barrios (RP) le pregunt\u00f3 al fiscal sobre qu\u00e9 norma les [&hellip;]<\/p>\n","protected":false},"author":1,"featured_media":141259,"comment_status":"closed","ping_status":"closed","sticky":false,"template":"","format":"standard","meta":{"rop_custom_images_group":[],"rop_custom_messages_group":[],"rop_publish_now":"initial","rop_publish_now_accounts":[],"rop_publish_now_history":[],"rop_publish_now_status":"pending","footnotes":""},"categories":[5],"tags":[192,2568,619],"class_list":["post-141258","post","type-post","status-publish","format-standard","has-post-thumbnail","hentry","category-actualidad-informativa","tag-congreso","tag-jose-domingo-perez","tag-odebrecht"],"_links":{"self":[{"href":"https:\/\/elinformanteperu.com\/index.php\/wp-json\/wp\/v2\/posts\/141258","targetHints":{"allow":["GET"]}}],"collection":[{"href":"https:\/\/elinformanteperu.com\/index.php\/wp-json\/wp\/v2\/posts"}],"about":[{"href":"https:\/\/elinformanteperu.com\/index.php\/wp-json\/wp\/v2\/types\/post"}],"author":[{"embeddable":true,"href":"https:\/\/elinformanteperu.com\/index.php\/wp-json\/wp\/v2\/users\/1"}],"replies":[{"embeddable":true,"href":"https:\/\/elinformanteperu.com\/index.php\/wp-json\/wp\/v2\/comments?post=141258"}],"version-history":[{"count":1,"href":"https:\/\/elinformanteperu.com\/index.php\/wp-json\/wp\/v2\/posts\/141258\/revisions"}],"predecessor-version":[{"id":141260,"href":"https:\/\/elinformanteperu.com\/index.php\/wp-json\/wp\/v2\/posts\/141258\/revisions\/141260"}],"wp:featuredmedia":[{"embeddable":true,"href":"https:\/\/elinformanteperu.com\/index.php\/wp-json\/wp\/v2\/media\/141259"}],"wp:attachment":[{"href":"https:\/\/elinformanteperu.com\/index.php\/wp-json\/wp\/v2\/media?parent=141258"}],"wp:term":[{"taxonomy":"category","embeddable":true,"href":"https:\/\/elinformanteperu.com\/index.php\/wp-json\/wp\/v2\/categories?post=141258"},{"taxonomy":"post_tag","embeddable":true,"href":"https:\/\/elinformanteperu.com\/index.php\/wp-json\/wp\/v2\/tags?post=141258"}],"curies":[{"name":"wp","href":"https:\/\/api.w.org\/{rel}","templated":true}]}}