{"id":141255,"date":"2025-08-05T03:05:03","date_gmt":"2025-08-05T08:05:03","guid":{"rendered":"https:\/\/elinformanteperu.com\/?p=141255"},"modified":"2025-08-05T03:05:03","modified_gmt":"2025-08-05T08:05:03","slug":"janet-tello-gilardi-ratifica-independencia-del-poder-judicial","status":"publish","type":"post","link":"https:\/\/elinformanteperu.com\/index.php\/2025\/08\/05\/janet-tello-gilardi-ratifica-independencia-del-poder-judicial\/","title":{"rendered":"Janet Tello Gilardi ratifica independencia del Poder Judicial"},"content":{"rendered":"<p><span style=\"color: #000000;\"><strong>Lima, 04 Agosto 2025, (ANDINA).-<\/strong> Tras destacar la independencia con la que act\u00faan juezas y jueces de todo el pa\u00eds, la presidenta del Poder Judicial, Janet Tello Gilardi, ratific\u00f3 que no aceptar\u00e1n injerencias en este poder del Estado ni permitir\u00e1n que se convierta en un instrumento al servicio de la pol\u00edtica.<\/span><\/p>\n<p><span style=\"color: #000000;\">\u201cUna vez m\u00e1s se\u00f1alamos que no aceptaremos injerencias pol\u00edticas, no permitiremos que se repitan episodios tr\u00e1gicos que, en nuestra historia republicana, convirtieron a la judicatura en un instrumento de la pol\u00edtica\u201d, expres\u00f3. <\/span><\/p>\n<p><span style=\"color: #000000;\">Tello Gilardi se\u00f1al\u00f3 que la independencia judicial es indispensable, pero que esta no solo se refiere a la autonom\u00eda individual de cada juez sino tambi\u00e9n a la independencia colectiva del Poder Judicial como instituci\u00f3n. <\/span><\/p>\n<p><span style=\"color: #000000;\">\u201cEsa independencia es la que garantiza que el juez no est\u00e9 subordinado a influencias externas, ni pol\u00edticas ni econ\u00f3micas, y que su funci\u00f3n se ejerza con objetividad, imparcialidad y respeto irrestricto a la Constituci\u00f3n y las leyes\u201d, refiri\u00f3. <\/span><\/p>\n<p><span style=\"color: #000000;\">Asimismo, la m\u00e1xima autoridad judicial explic\u00f3 que el desempe\u00f1o de las juezas y jueces no debe entenderse como un rol de car\u00e1cter pol\u00edtico o que est\u00e1 al servicio de intereses particulares. <\/span><\/p>\n<p><span style=\"color: #000000;\">\u201cNuestra labor es esencial, y exclusivamente, la defensa de la justicia y de los derechos, la justicia no es un juego de poder ni de conveniencias, es la aplicaci\u00f3n equilibrada y justa de la ley para todas y todos, sin distinci\u00f3n\u201d, indic\u00f3. <\/span><\/p>\n<p><strong><span style=\"color: #000000;\">Sobre la CIDH<\/span><\/strong><\/p>\n<p><a href=\"https:\/\/elinformanteperu.com\/wp-content\/uploads\/2025\/08\/dina-discurso-25-dia-del-juez1.jpg\"><img fetchpriority=\"high\" decoding=\"async\" class=\"size-full wp-image-141253 aligncenter\" src=\"https:\/\/elinformanteperu.com\/wp-content\/uploads\/2025\/08\/dina-discurso-25-dia-del-juez1.jpg\" alt=\"\" width=\"500\" height=\"333\" srcset=\"https:\/\/elinformanteperu.com\/wp-content\/uploads\/2025\/08\/dina-discurso-25-dia-del-juez1.jpg 500w, https:\/\/elinformanteperu.com\/wp-content\/uploads\/2025\/08\/dina-discurso-25-dia-del-juez1-300x200.jpg 300w\" sizes=\"(max-width: 500px) 100vw, 500px\" \/><\/a><span style=\"color: #000000;\">La autoridad judicial consider\u00f3 preocupante, tambi\u00e9n, escuchar posiciones sobre el retiro de la Corte Interamericana de Derechos Humanos, lo cual, agreg\u00f3, va en contra de la l\u00ednea hist\u00f3rica que el Per\u00fa asumi\u00f3 como promotor del Derecho Internacional, la seguridad colectiva y los derechos humanos de la regi\u00f3n y el mundo. <\/span><\/p>\n<p><span style=\"color: #000000;\">\u201cNo debemos entender como una injerencia a la soberan\u00eda peruana los mandatos de los tribunales de derechos humanos por tratados de los que el Per\u00fa es parte\u201d, subray\u00f3. <\/span><\/p>\n<p><span style=\"color: #000000;\">Record\u00f3 que nuestro pa\u00eds particip\u00f3 de manera activa en la redacci\u00f3n de la Carta de las Naciones Unidas (en 1945) y que formamos parte del Sistema Interamericano de Justicia, desde 1978.<\/span><\/p>\n<p><span style=\"color: #000000;\">\u201cEl sistema de protecci\u00f3n de derechos humanos solo se acciona cuando cualquier persona considera que no ha encontrado justicia para la protecci\u00f3n de sus derechos en el \u00e1mbito nacional\u201d, anot\u00f3.<\/span><\/p>\n<p><span style=\"color: #000000;\">De otro lado, Tello Gilardi sostuvo que las juezas y jueces est\u00e1n trabajando en un proceso constante de auto reforma para convertirse en instrumentos de cambio.<\/span><\/p>\n<p><span style=\"color: #000000;\">\u201cUna reforma no es un evento aislado, sino una construcci\u00f3n permanente orientada a mejorar la celeridad en la resoluci\u00f3n de los casos, el acceso a la justicia y la incorporaci\u00f3n de las tecnolog\u00edas que permitan una administraci\u00f3n eficiente y transparente\u201d, se\u00f1al\u00f3.<\/span><\/p>\n<p><span style=\"color: #000000;\">La magistrada expres\u00f3 su convencimiento de que lo que se necesita es una reforma que apunte a consolidar una judicatura robusta, tecnol\u00f3gicamente equipada, en continua transformaci\u00f3n hacia la celeridad y la modernidad, y con un presupuesto aut\u00f3nomo y suficiente que no sea menor del 4 % del PBI.<\/span><\/p>\n<p><span style=\"color: #000000;\">En este punto, record\u00f3 las palabras del arzobispo de Lima, Carlos Castillo Mattasoglio, durante la Misa y Te Deum por el D\u00eda del Juez y la Jueza, quien se\u00f1al\u00f3 que en una reforma judicial no puede haber lugar usos partidistas y pol\u00edticos que no vayan en consonancia con las verdadera demandas y necesidades del pueblo.<\/span><\/p>\n","protected":false},"excerpt":{"rendered":"<p>Lima, 04 Agosto 2025, (ANDINA).- Tras destacar la independencia con la que act\u00faan juezas y jueces de todo el pa\u00eds, la presidenta del Poder Judicial, Janet Tello Gilardi, ratific\u00f3 que no aceptar\u00e1n injerencias en este poder del Estado ni permitir\u00e1n que se convierta en un instrumento al servicio de la pol\u00edtica. \u201cUna vez m\u00e1s se\u00f1alamos [&hellip;]<\/p>\n","protected":false},"author":1,"featured_media":141256,"comment_status":"closed","ping_status":"closed","sticky":false,"template":"","format":"standard","meta":{"rop_custom_images_group":[],"rop_custom_messages_group":[],"rop_publish_now":"initial","rop_publish_now_accounts":[],"rop_publish_now_history":[],"rop_publish_now_status":"pending","footnotes":""},"categories":[5],"tags":[8527,8076,163],"class_list":["post-141255","post","type-post","status-publish","format-standard","has-post-thumbnail","hentry","category-actualidad-informativa","tag-dia-del-juez-2025","tag-janet-tello","tag-poder-judicial"],"_links":{"self":[{"href":"https:\/\/elinformanteperu.com\/index.php\/wp-json\/wp\/v2\/posts\/141255","targetHints":{"allow":["GET"]}}],"collection":[{"href":"https:\/\/elinformanteperu.com\/index.php\/wp-json\/wp\/v2\/posts"}],"about":[{"href":"https:\/\/elinformanteperu.com\/index.php\/wp-json\/wp\/v2\/types\/post"}],"author":[{"embeddable":true,"href":"https:\/\/elinformanteperu.com\/index.php\/wp-json\/wp\/v2\/users\/1"}],"replies":[{"embeddable":true,"href":"https:\/\/elinformanteperu.com\/index.php\/wp-json\/wp\/v2\/comments?post=141255"}],"version-history":[{"count":1,"href":"https:\/\/elinformanteperu.com\/index.php\/wp-json\/wp\/v2\/posts\/141255\/revisions"}],"predecessor-version":[{"id":141257,"href":"https:\/\/elinformanteperu.com\/index.php\/wp-json\/wp\/v2\/posts\/141255\/revisions\/141257"}],"wp:featuredmedia":[{"embeddable":true,"href":"https:\/\/elinformanteperu.com\/index.php\/wp-json\/wp\/v2\/media\/141256"}],"wp:attachment":[{"href":"https:\/\/elinformanteperu.com\/index.php\/wp-json\/wp\/v2\/media?parent=141255"}],"wp:term":[{"taxonomy":"category","embeddable":true,"href":"https:\/\/elinformanteperu.com\/index.php\/wp-json\/wp\/v2\/categories?post=141255"},{"taxonomy":"post_tag","embeddable":true,"href":"https:\/\/elinformanteperu.com\/index.php\/wp-json\/wp\/v2\/tags?post=141255"}],"curies":[{"name":"wp","href":"https:\/\/api.w.org\/{rel}","templated":true}]}}