{"id":141251,"date":"2025-08-05T03:01:42","date_gmt":"2025-08-05T08:01:42","guid":{"rendered":"https:\/\/elinformanteperu.com\/?p=141251"},"modified":"2025-08-05T03:01:42","modified_gmt":"2025-08-05T08:01:42","slug":"presidenta-peru-es-y-siempre-sera-respetuoso-y-defensor-de-derechos-fundamentales-y-ddhh","status":"publish","type":"post","link":"https:\/\/elinformanteperu.com\/index.php\/2025\/08\/05\/presidenta-peru-es-y-siempre-sera-respetuoso-y-defensor-de-derechos-fundamentales-y-ddhh\/","title":{"rendered":"Presidenta: Per\u00fa es y siempre ser\u00e1 respetuoso y defensor de derechos fundamentales y DDHH"},"content":{"rendered":"<p><span style=\"color: #000000;\"><strong>Lima, 04 Agosto 2025, (ANDINA).-<\/strong> La presidenta de la rep\u00fablica, Dina Boluarte, resalt\u00f3 que nuestro pa\u00eds es respetuoso de los derechos humanos y de los derechos fundamentales en salvaguarda de sus ciudadanos, incluyendo a los miembros de las Fuerzas Armadas, Polic\u00eda Nacional y comit\u00e9s de autodefensa.<\/span><\/p>\n<p><span style=\"color: #000000;\">La jefa de Estado dio estas palabras durante su discurso en la ceremonia por el D\u00eda del Juez y la Jueza, en la sede del Poder Judicial.<\/span><\/p>\n<p><span style=\"color: #000000;\">As\u00ed lo se\u00f1al\u00f3 al pronunciarse sobre la resoluci\u00f3n de la Corte Interamericana de Derechos Humanos (Corte IDH) que requiere al Estado peruano abstenerse de aplicar la Ley de amnist\u00eda para aquellos que combatieron al terrorismo entre los a\u00f1os 1980 y 2000, ratificada por la Comisi\u00f3n Permanente el pasado 9 de julio.<\/span><\/p>\n<p><span style=\"color: #000000;\">Consider\u00f3 que lo dispuesto por la Corte IDH constituye una amenaza a la soberan\u00eda del Per\u00fa y afirm\u00f3 que no aceptar\u00e1n \u201cque se intente socavar la independencia de las instituciones del Estado con llamados a no aplicar la legislaci\u00f3n peruana\u201d.<\/span><\/p>\n<p><a href=\"https:\/\/elinformanteperu.com\/wp-content\/uploads\/2025\/08\/dina-discurso-25-dia-del-juez1.jpg\"><img fetchpriority=\"high\" decoding=\"async\" class=\"size-full wp-image-141253 aligncenter\" src=\"https:\/\/elinformanteperu.com\/wp-content\/uploads\/2025\/08\/dina-discurso-25-dia-del-juez1.jpg\" alt=\"\" width=\"500\" height=\"333\" srcset=\"https:\/\/elinformanteperu.com\/wp-content\/uploads\/2025\/08\/dina-discurso-25-dia-del-juez1.jpg 500w, https:\/\/elinformanteperu.com\/wp-content\/uploads\/2025\/08\/dina-discurso-25-dia-del-juez1-300x200.jpg 300w\" sizes=\"(max-width: 500px) 100vw, 500px\" \/><\/a><span style=\"color: #000000;\">La jefa de Estado dio estas palabras durante su discurso en la ceremonia por el D\u00eda del Juez y la Jueza, en la sede del Poder Judicial.<\/span><\/p>\n<p><span style=\"color: #000000;\">\u201cEl Per\u00fa es y seguir\u00e1 siendo un pa\u00eds profundamente respetuoso y defensor de los derechos fundamentales y de los derechos humanos, en salvaguarda de los aproximadamente 34 millones de peruanas y peruanos, incluyendo obviamente a los miembros de nuestras Fuerzas Armadas, nuestra Polic\u00eda Nacional y de los comit\u00e9s de autodefensa, quienes defendieron a la patria (\u2026) enfrentando con valent\u00eda a las fuerzas terroristas que unilateralmente declararon la guerra al Estado peruano\u201d, expres\u00f3 la presidenta Dina Boluarte.<\/span><\/p>\n<p><span style=\"color: #000000;\">Asimismo, sostuvo que un Poder Judicial libre de injerencias externas es decisivo en la construcci\u00f3n de la confianza y estabilidad, condiciones b\u00e1sicas para el desarrollo de la naci\u00f3n, al tiempo que hizo un llamado a fortalecer el sistema de justicia.<\/span><\/p>\n<p><span style=\"color: #000000;\">En otro momento, la mandataria resalt\u00f3 el rol de la magistratura como pilar esencial en el progreso del pa\u00eds, al ser garante de la estabilidad jur\u00eddica que permite el crecimiento de la econom\u00eda.<\/span><\/p>\n<p><span style=\"color: #000000;\">\u201cDesde el a\u00f1o 2023 hemos trabajado arduamente para vencer la inflaci\u00f3n y la recesi\u00f3n, logros que se han evidenciado en el a\u00f1o 2024 y en los primeros siete meses de este a\u00f1o 2025. En este esfuerzo nacional las juezas y los jueces han sido grandes aliados para alcanzar los objetivos de progreso y desarrollo que nuestro pueblo merece\u201d, se\u00f1al\u00f3 la jefa de Estado.<\/span><\/p>\n","protected":false},"excerpt":{"rendered":"<p>Lima, 04 Agosto 2025, (ANDINA).- La presidenta de la rep\u00fablica, Dina Boluarte, resalt\u00f3 que nuestro pa\u00eds es respetuoso de los derechos humanos y de los derechos fundamentales en salvaguarda de sus ciudadanos, incluyendo a los miembros de las Fuerzas Armadas, Polic\u00eda Nacional y comit\u00e9s de autodefensa. La jefa de Estado dio estas palabras durante su [&hellip;]<\/p>\n","protected":false},"author":1,"featured_media":141252,"comment_status":"closed","ping_status":"closed","sticky":false,"template":"","format":"standard","meta":{"rop_custom_images_group":[],"rop_custom_messages_group":[],"rop_publish_now":"initial","rop_publish_now_accounts":[],"rop_publish_now_history":[],"rop_publish_now_status":"pending","footnotes":""},"categories":[5],"tags":[8527,6528,163],"class_list":["post-141251","post","type-post","status-publish","format-standard","has-post-thumbnail","hentry","category-actualidad-informativa","tag-dia-del-juez-2025","tag-dina-boluarte","tag-poder-judicial"],"_links":{"self":[{"href":"https:\/\/elinformanteperu.com\/index.php\/wp-json\/wp\/v2\/posts\/141251","targetHints":{"allow":["GET"]}}],"collection":[{"href":"https:\/\/elinformanteperu.com\/index.php\/wp-json\/wp\/v2\/posts"}],"about":[{"href":"https:\/\/elinformanteperu.com\/index.php\/wp-json\/wp\/v2\/types\/post"}],"author":[{"embeddable":true,"href":"https:\/\/elinformanteperu.com\/index.php\/wp-json\/wp\/v2\/users\/1"}],"replies":[{"embeddable":true,"href":"https:\/\/elinformanteperu.com\/index.php\/wp-json\/wp\/v2\/comments?post=141251"}],"version-history":[{"count":1,"href":"https:\/\/elinformanteperu.com\/index.php\/wp-json\/wp\/v2\/posts\/141251\/revisions"}],"predecessor-version":[{"id":141254,"href":"https:\/\/elinformanteperu.com\/index.php\/wp-json\/wp\/v2\/posts\/141251\/revisions\/141254"}],"wp:featuredmedia":[{"embeddable":true,"href":"https:\/\/elinformanteperu.com\/index.php\/wp-json\/wp\/v2\/media\/141252"}],"wp:attachment":[{"href":"https:\/\/elinformanteperu.com\/index.php\/wp-json\/wp\/v2\/media?parent=141251"}],"wp:term":[{"taxonomy":"category","embeddable":true,"href":"https:\/\/elinformanteperu.com\/index.php\/wp-json\/wp\/v2\/categories?post=141251"},{"taxonomy":"post_tag","embeddable":true,"href":"https:\/\/elinformanteperu.com\/index.php\/wp-json\/wp\/v2\/tags?post=141251"}],"curies":[{"name":"wp","href":"https:\/\/api.w.org\/{rel}","templated":true}]}}