{"id":140692,"date":"2025-07-27T15:05:47","date_gmt":"2025-07-27T20:05:47","guid":{"rendered":"https:\/\/elinformanteperu.com\/?p=140692"},"modified":"2025-07-27T15:05:47","modified_gmt":"2025-07-27T20:05:47","slug":"apurimac-nino-personifica-a-san-martin-y-proclamo-independencia-en-quechua","status":"publish","type":"post","link":"https:\/\/elinformanteperu.com\/index.php\/2025\/07\/27\/apurimac-nino-personifica-a-san-martin-y-proclamo-independencia-en-quechua\/","title":{"rendered":"Apur\u00edmac: ni\u00f1o personifica a San Mart\u00edn y proclam\u00f3 independencia en quechua"},"content":{"rendered":"<p><strong><span style=\"color: #000000;\">Acci\u00f3n se dio a m\u00e1s de 3,600 metros sobre el nivel del mar<\/span><\/strong><\/p>\n<p><span style=\"color: #000000;\"><strong>Andahuaylas, 26 Julio 2025, (ANDINA).-<\/strong> A m\u00e1s de ,3600 metros sobre el nivel del mar, en el distrito de San Miguel de Chaccrampa (Andahuaylas), un menor de 10 a\u00f1os, con profundo sentimiento patrio, proclam\u00f3 la independencia en quechua.<\/span><\/p>\n<p><span style=\"color: #000000;\">Este hecho sucedi\u00f3 en el interior del Tambo Virgen del Tambo, en Apur\u00edmac, gestionado por el Programa Nacional PAIS del Ministerio de Desarrollo e Inclusi\u00f3n Social (Midis), donde constantemente acude a reforzar sus estudios. <\/span><\/p>\n<p><span style=\"color: #000000;\">Con emotivo fervor patri\u00f3tico, decidi\u00f3 personificar a Don Jos\u00e9 de San Mart\u00edn y recre\u00f3 con entusiasmo la proclamaci\u00f3n de la Independencia del Per\u00fa, ocurrida hace 204 a\u00f1os. Con traje hist\u00f3rico y voz firme, revivi\u00f3 uno de los momentos m\u00e1s importantes de nuestra historia, al recordar el legado de libertad y patriotismo que marc\u00f3 el inicio de la \u00e9poca republicana en nuestro pa\u00eds.<\/span><\/p>\n<p><span style=\"color: #000000;\">\u00abKunan punchaymanta pacha, Per\u00fa suyu llaqtanchispi, ima sumac kawsay karinqa, imaynatachu ilaqtanchistuna munarqankujina, ima sumaq chaninchayta. Papitundis qarkawasunchis. \u00a1Kawsay Per\u00fa, Kawsay! \u00a1Kawsay, Kausana llaqta! (Desde este momento el Per\u00fa es libre, por la voluntad general de los pueblos y por la justicia de su causa que Dios defiende. \u00a1Viva la Patria!, \u00a1Viva el Per\u00fa!)\u00bb, enton\u00f3.<\/span><\/p>\n<p><span style=\"color: #000000;\">El menor, de la I. E. P. &#8211; 54605 Virgen del Carmen, declam\u00f3 al lado de sus compa\u00f1eros, quienes lo celebraron entre aplausos. Luego de ello, finalizaron la actividad con un peque\u00f1o desfile en el marco de las Fiestas Patrias, ocasi\u00f3n que renueva los sentimientos de amor al Per\u00fa.<\/span><\/p>\n<p><span style=\"color: #000000;\">Al respecto, el director ejecutivo del Programa Nacional PAIS, Fidel Pintado, inform\u00f3 que, con apoyo de los mismos profesores que acuden a los Tambos, se realizan talleres presenciales y virtuales de matem\u00e1tica, comunicaci\u00f3n y cursos donde necesiten mejorar su rendimiento.<\/span><\/p>\n<p><span style=\"color: #000000;\">Esto va acompa\u00f1ado de la promoci\u00f3n de la lectura que se impulsa, sobre todo, en estudiantes del nivel primario. Para ello, los Tambos est\u00e1n implementados con bibliotecas escolares, donde los ni\u00f1os y ni\u00f1as realizan esta buena pr\u00e1ctica.<\/span><\/p>\n<p><span style=\"color: #000000;\">\u201cLos alumnos de diversos centros educativos accedan de manera gratuita al reforzamiento de clases, fortalecimientos de habilidades blandas, orientaci\u00f3n sobre educaci\u00f3n t\u00e9cnica superior y Beca 18, cine educativo y la posibilidad de culminar los estudios\u201d, finaliz\u00f3.<\/span><\/p>\n<blockquote class=\"twitter-tweet\" data-media-max-width=\"560\">\n<p dir=\"ltr\" lang=\"es\">A m\u00e1s de ,3600 metros sobre el nivel del mar, en el distrito de San Miguel de Chaccrampa (Andahuaylas), un menor de 10 a\u00f1os, con profundo sentimiento patrio, proclam\u00f3 la independencia en quechua.<\/p>\n<p>\ud83d\udcf9<a href=\"https:\/\/t.co\/VChNBvhBRR\">https:\/\/t.co\/VChNBvhBRR<\/a><\/p>\n<p>Video: Ministerio de Desarrollo e Inclusi\u00f3n Social <a href=\"https:\/\/t.co\/Rld7RXzxZH\">pic.twitter.com\/Rld7RXzxZH<\/a><\/p>\n<p>\u2014 Agencia Andina (@Agencia_Andina) <a href=\"https:\/\/twitter.com\/Agencia_Andina\/status\/1949325877130506702?ref_src=twsrc%5Etfw\">July 27, 2025<\/a><\/p><\/blockquote>\n<p><script async src=\"https:\/\/platform.twitter.com\/widgets.js\" charset=\"utf-8\"><\/script><\/p>\n","protected":false},"excerpt":{"rendered":"<p>Acci\u00f3n se dio a m\u00e1s de 3,600 metros sobre el nivel del mar Andahuaylas, 26 Julio 2025, (ANDINA).- A m\u00e1s de ,3600 metros sobre el nivel del mar, en el distrito de San Miguel de Chaccrampa (Andahuaylas), un menor de 10 a\u00f1os, con profundo sentimiento patrio, proclam\u00f3 la independencia en quechua. Este hecho sucedi\u00f3 en [&hellip;]<\/p>\n","protected":false},"author":1,"featured_media":140693,"comment_status":"closed","ping_status":"closed","sticky":false,"template":"","format":"standard","meta":{"rop_custom_images_group":[],"rop_custom_messages_group":[],"rop_publish_now":"initial","rop_publish_now_accounts":[],"rop_publish_now_history":[],"rop_publish_now_status":"pending","footnotes":""},"categories":[10],"tags":[1419,717,153],"class_list":["post-140692","post","type-post","status-publish","format-standard","has-post-thumbnail","hentry","category-actualidad-municipal","tag-andahuaylas","tag-apurimac","tag-midis"],"_links":{"self":[{"href":"https:\/\/elinformanteperu.com\/index.php\/wp-json\/wp\/v2\/posts\/140692","targetHints":{"allow":["GET"]}}],"collection":[{"href":"https:\/\/elinformanteperu.com\/index.php\/wp-json\/wp\/v2\/posts"}],"about":[{"href":"https:\/\/elinformanteperu.com\/index.php\/wp-json\/wp\/v2\/types\/post"}],"author":[{"embeddable":true,"href":"https:\/\/elinformanteperu.com\/index.php\/wp-json\/wp\/v2\/users\/1"}],"replies":[{"embeddable":true,"href":"https:\/\/elinformanteperu.com\/index.php\/wp-json\/wp\/v2\/comments?post=140692"}],"version-history":[{"count":1,"href":"https:\/\/elinformanteperu.com\/index.php\/wp-json\/wp\/v2\/posts\/140692\/revisions"}],"predecessor-version":[{"id":140694,"href":"https:\/\/elinformanteperu.com\/index.php\/wp-json\/wp\/v2\/posts\/140692\/revisions\/140694"}],"wp:featuredmedia":[{"embeddable":true,"href":"https:\/\/elinformanteperu.com\/index.php\/wp-json\/wp\/v2\/media\/140693"}],"wp:attachment":[{"href":"https:\/\/elinformanteperu.com\/index.php\/wp-json\/wp\/v2\/media?parent=140692"}],"wp:term":[{"taxonomy":"category","embeddable":true,"href":"https:\/\/elinformanteperu.com\/index.php\/wp-json\/wp\/v2\/categories?post=140692"},{"taxonomy":"post_tag","embeddable":true,"href":"https:\/\/elinformanteperu.com\/index.php\/wp-json\/wp\/v2\/tags?post=140692"}],"curies":[{"name":"wp","href":"https:\/\/api.w.org\/{rel}","templated":true}]}}