{"id":14067,"date":"2017-08-07T00:32:26","date_gmt":"2017-08-07T05:32:26","guid":{"rendered":"http:\/\/elinformanteperu.com\/?p=14067"},"modified":"2017-08-07T00:32:26","modified_gmt":"2017-08-07T05:32:26","slug":"una-fuerza-popular-sin-fujimori","status":"publish","type":"post","link":"https:\/\/elinformanteperu.com\/index.php\/2017\/08\/07\/una-fuerza-popular-sin-fujimori\/","title":{"rendered":"Una Fuerza Popular sin Fujimori"},"content":{"rendered":"<p><strong><span style=\"color: #000000;\">Opini\u00f3n de Carlos Javier Le\u00f3n Ugarte. Luego de m\u00e1s de quince a\u00f1os desde la ca\u00edda de su l\u00edder, el fujimorismo pareciera entrar\u00e1 a una fase de reflexi\u00f3n sobre su futro como partido, me refiero a Fuerza Popular (FP), esto a prop\u00f3sito del divisionismo entre Keiko frente a su padre y su hermano.<\/span><\/strong><\/p>\n<p><span style=\"color: #000000;\"><strong>Madrid, 06 Agosto 2017, (Especial para El Informante Per\u00fa).-<\/strong> Es una pregunta que se ha hecho com\u00fan en estas \u00faltimas semanas. \u00bfPuede vivir en el extracto pol\u00edtico Fuerza Popular sin Alberto, Keiko y Kenji? o quiz\u00e1 la dinast\u00eda Fujimori no sea necesario para encauzar la sustentaci\u00f3n de un importante partido pol\u00edtico que la derecha necesita para verse representado. Mi teor\u00eda es que su partido deber\u00eda prescindir del apellido Fujimori para asegurar su presencia en las pr\u00f3ximas generaciones, aunque en el \u00ednterin haya que batallar dur\u00edsimo para lograrlo.<\/span><\/p>\n<p><span style=\"color: #000000;\">El franquismo y otras ex dictaduras lograron transpolar su esencia ideol\u00f3gica y doctrinaria a partidos fuertes e hist\u00f3ricos, o por lo menos a movimientos democr\u00e1ticos participativos. Esto, sin recuerdo alguno de sus caudillos y de aquellos l\u00edderes que lo fundaron e hicieron de su nombre la conceptualizaci\u00f3n fundamentada de su partido para su acci\u00f3n y ejecuci\u00f3n en el ambiente sociopol\u00edtico.<\/span><\/p>\n<p><span style=\"color: #000000;\">Muchas a\u00fan perduran, les cost\u00f3 trabajo legalizarse, lucharon intensamente por simpatizar a los grandes colectivos democr\u00e1ticos, inclusive y principalmente, convencer sin remilgos a la opini\u00f3n p\u00fablica, quiz\u00e1 la m\u00e1s recalcitrante y reacia en estas lides.<\/span><\/p>\n<p><span style=\"color: #000000;\">Algunas son leg\u00edtimas y mueven masas de adeptos y fervientes militantes, su popularidad es natural. Claro est\u00e1, todas tuvieron que dejar de lado el caudillismo de su g\u00e9nesis para ser colectivos integrados a la institucionalidad, los nombres pasaron a ser parte de su historia, m\u00e1s no de su plataforma conceptual.<\/span><\/p>\n<p><span style=\"color: #000000;\">Luego de m\u00e1s de quince a\u00f1os desde la ca\u00edda de su l\u00edder, el fujimorismo pareciera entrar\u00e1 a una fase de reflexi\u00f3n sobre su futro como partido, me refiero a Fuerza Popular (FP), esto a prop\u00f3sito del divisionismo entre Keiko frente a su padre y su hermano. No bien que la coyuntura resultar\u00eda una nada despreciable oportunidad para consolidar su propuesta democr\u00e1tica dejando de lado la figura enigm\u00e1tica del \u201cchino\u201d y buscar el colectivismo integrado que explicamos l\u00edneas arriba.<\/span><\/p>\n<p><span style=\"color: #000000;\">La situaci\u00f3n es sui generis, pues en ambos bandos est\u00e1 el apellido Fujimori, raz\u00f3n por la cual me animo a pensar que el mismo Alberto presagiando el accionar de su hija y sus ex incondicionales, busc\u00f3 en Kenji quitarle el mando, con lo que asent\u00f3 que las dos derrotas de Keiko, su alica\u00edda popularidad y una nueva estrategia de imagen cercana, confiable y responsable para todas las fuerzas pol\u00edticas de parte de Kenji, le trasladar\u00eda el liderazgo de FP m\u00e1s f\u00e1cil de lo que corresponde, sin elecciones internas ni herramientas democr\u00e1ticas, solo a la fuerza, con el dedo en ciernes, ejercicio normal en la mente de un dictador.<\/span><\/p>\n<p><span style=\"color: #000000;\">Tal como ya han advertido muchos analistas, el menor de los Fujimori est\u00e1 lejos de tomar el liderazgo de FP y mucho menos de lograr la consolidaci\u00f3n del partido en el \u00e1mbito democr\u00e1tico, sus reflejos solo convencen a los anti fujimoristas recalcitrantes pero m\u00e1s por ser adversario de la bancada naranja que por convicci\u00f3n de su cambio, con lo que puede suceder que sin Keiko en carrera, los anti que hoy respaldan o le sonr\u00eden a Kenji, retornen a las huestes del frente con su caracter\u00edstica radicalidad.<\/span><\/p>\n<p><span style=\"color: #000000;\">La estrategia de Kenji es agradar a los fujimoristas identificados con su padre, pero principalmente a ese electorado en movimiento y errante que siempre est\u00e1 a la expectativa cada elecci\u00f3n, sumado a los que dejaron algunos principales viejos partidos pol\u00edticos que desencantaron a sus fieles.<\/span><\/p>\n<p><span style=\"color: #000000;\">Estos no son f\u00e1cil de convencer, pero si tienen gestos continuos de atenci\u00f3n a los nuevos actores pol\u00edticos que aparecen en escena. Estos valiosos electores no comulgan ni con la derecha ni con la izquierda, no tienen ideolog\u00eda, solo buscan en el discurso c\u00f3mo solucionar los problemas grandes del pa\u00eds, que son desempleo, inseguridad, recesi\u00f3n de la econom\u00eda y poco acceso a servicios p\u00fablicos.<\/span><\/p>\n<p><span style=\"color: #000000;\">Sin embargo para Kenji es dif\u00edcil sin partido ni estructura partidaria, la derecha est\u00e1 copada y la izquierda diversificada. Aunque se mimetice y se muestre un h\u00edbrido simp\u00e1tico, el peruano de a pie reconoce que su postura no es cien por ciento real. Su apellido lo condenar\u00e1 eternamente.<\/span><\/p>\n<p><span style=\"color: #000000;\">Keiko busca pasar al retiro a su padre sin perder a los fujimoristas m\u00e1s duros, algo dif\u00edcil pues la tesis sociol\u00f3gica indica que mucha de la popularidad de Fuerza Popular recae gracias a la figura natural del patriarca de los Fujimori, aun estando en la c\u00e1rcel y con todos los activos que carga en su espalda.<\/span><\/p>\n<p><span style=\"color: #000000;\">Alberto Fujimori villano eterno, Keiko con dos derrotas a cuestas y Kenji muy incierto con su futuro pol\u00edtico, m\u00e1s aun ahora que est\u00e1 suspendido y corre el riesgo de salir de su partido, obligan a iniciar un proceso de cambio imperativo en los destinos del partido en referencia.<\/span><\/p>\n<p><span style=\"color: #000000;\">La salubridad y fortalecimiento de FP pasa por un recambio \u00fanico y responsable con sus pr\u00f3ximas generaciones, debe cimentar una plataforma ideol\u00f3gica razonable y coherente a su posici\u00f3n conservadora de derecha, y debe refrescar y vincular algunas propuestas m\u00e1s de centro izquierda para agrandar su espectro de captaci\u00f3n de p\u00fablico, adem\u00e1s de el de conseguir m\u00e1s adeptos.<\/span><\/p>\n<p><span style=\"color: #000000;\">FP debe demostrar que es un nuevo partido, sin el apellido Fujimori de por medio, con hechos genuinos y ver\u00eddicos que cope el frente intelectual, gremial y popular, mostr\u00e1ndose como una oposici\u00f3n s\u00f3lida, seria y responsable, tiene una brillante oportunidad desde el Congreso de la Rep\u00fablica, basado en acciones democr\u00e1ticas que nos convenzan que estamos ante una agrupaci\u00f3n diferente a la que conocimos hace m\u00e1s de veinte a\u00f1os atr\u00e1s.<\/span><\/p>\n<p><span style=\"color: #000000;\">La clave es el sentir oxigenado de mostrarse democr\u00e1tico en todo, en sus decisiones grupales, en sus proyectos de Ley que propongan, en sus elecciones internas, en su vida diaria partidaria. Bien lo dijo el gran Gilbert Keith Chesterton: \u201cNo puedes hacer una revoluci\u00f3n para tener la democracia. Debes tener la democracia para hacer una revoluci\u00f3n\u201d. Clar\u00edsimo, es cuesti\u00f3n que FP se lo proponga.<\/span><\/p>\n<p><strong><span style=\"color: #000000;\">(*) Carlos Javier Le\u00f3n Ugarte. Periodista.<\/span><\/strong><br \/>\n<strong><span style=\"color: #000000;\">Twitter: @carlosjavierlu.<\/span><\/strong><\/p>\n","protected":false},"excerpt":{"rendered":"<p>Opini\u00f3n de Carlos Javier Le\u00f3n Ugarte. Luego de m\u00e1s de quince a\u00f1os desde la ca\u00edda de su l\u00edder, el fujimorismo pareciera entrar\u00e1 a una fase de reflexi\u00f3n sobre su futro como partido, me refiero a Fuerza Popular (FP), esto a prop\u00f3sito del divisionismo entre Keiko frente a su padre y su hermano. Madrid, 06 Agosto [&hellip;]<\/p>\n","protected":false},"author":1,"featured_media":14068,"comment_status":"open","ping_status":"open","sticky":false,"template":"","format":"standard","meta":{"rop_custom_images_group":[],"rop_custom_messages_group":[],"rop_publish_now":"initial","rop_publish_now_accounts":[],"rop_publish_now_history":[],"rop_publish_now_status":"pending","footnotes":""},"categories":[11],"tags":[1705],"class_list":["post-14067","post","type-post","status-publish","format-standard","has-post-thumbnail","hentry","category-opinion-libre","tag-carlos-javier-leon-ugarte"],"_links":{"self":[{"href":"https:\/\/elinformanteperu.com\/index.php\/wp-json\/wp\/v2\/posts\/14067","targetHints":{"allow":["GET"]}}],"collection":[{"href":"https:\/\/elinformanteperu.com\/index.php\/wp-json\/wp\/v2\/posts"}],"about":[{"href":"https:\/\/elinformanteperu.com\/index.php\/wp-json\/wp\/v2\/types\/post"}],"author":[{"embeddable":true,"href":"https:\/\/elinformanteperu.com\/index.php\/wp-json\/wp\/v2\/users\/1"}],"replies":[{"embeddable":true,"href":"https:\/\/elinformanteperu.com\/index.php\/wp-json\/wp\/v2\/comments?post=14067"}],"version-history":[{"count":1,"href":"https:\/\/elinformanteperu.com\/index.php\/wp-json\/wp\/v2\/posts\/14067\/revisions"}],"predecessor-version":[{"id":14069,"href":"https:\/\/elinformanteperu.com\/index.php\/wp-json\/wp\/v2\/posts\/14067\/revisions\/14069"}],"wp:featuredmedia":[{"embeddable":true,"href":"https:\/\/elinformanteperu.com\/index.php\/wp-json\/wp\/v2\/media\/14068"}],"wp:attachment":[{"href":"https:\/\/elinformanteperu.com\/index.php\/wp-json\/wp\/v2\/media?parent=14067"}],"wp:term":[{"taxonomy":"category","embeddable":true,"href":"https:\/\/elinformanteperu.com\/index.php\/wp-json\/wp\/v2\/categories?post=14067"},{"taxonomy":"post_tag","embeddable":true,"href":"https:\/\/elinformanteperu.com\/index.php\/wp-json\/wp\/v2\/tags?post=14067"}],"curies":[{"name":"wp","href":"https:\/\/api.w.org\/{rel}","templated":true}]}}