{"id":14056,"date":"2017-08-06T23:59:58","date_gmt":"2017-08-07T04:59:58","guid":{"rendered":"http:\/\/elinformanteperu.com\/?p=14056"},"modified":"2017-08-06T23:59:58","modified_gmt":"2017-08-07T04:59:58","slug":"in-memoriam-de-una-gran-mujer-medico","status":"publish","type":"post","link":"https:\/\/elinformanteperu.com\/index.php\/2017\/08\/06\/in-memoriam-de-una-gran-mujer-medico\/","title":{"rendered":"In memoriam de una gran mujer m\u00e9dico"},"content":{"rendered":"<p><strong><span style=\"color: #000000;\">Opini\u00f3n de Jos\u00e9 Carlos Garc\u00eda Fajardo. La noticia de su fallecimiento fue para m\u00ed, al mismo tiempo kairol\u00f3gico de dolor y de satisfacci\u00f3n y dicha. Yo hab\u00eda cumplido los 80 y ella me escribi\u00f3 en una tarjeta enviada por correo postal: \u201cAnimo, profesor y amigo, lo que a\u00fan nos queda por trabajar. No te rindas\u201d.<\/span><\/strong><\/p>\n<p><span style=\"color: #000000;\"><strong>Madrid, 06 Agosto 2017, (Especial para El Informante Per\u00fa).<\/strong>&#8211; In memoriam de una gran mujer m\u00e9dico, Imelda San Mart\u00edn, esforzada y gran amiga, que nos acompa\u00f1\u00f3 en varios viajes a \u00c1frica para vacunar a decenas de miles de ni\u00f1os ayudando a los m\u00e9dicos de sus comunidades en Costa de Marfil y ocup\u00e1ndonos de todos los tr\u00e1mites y costos para garantizar la cadena del fr\u00edo desde Bruselas a Abidjean; a instalar y garantizar el servicio por dentistas africanos y enfermeras solidarias catalanas en el gran penal de Yaund\u00e9, capital de Camer\u00fan, con cerca de 5.000 internos, sin derecho a m\u00e1s comida que la que les trajeran sus familias o se procuraran haciendo servicios en la prisi\u00f3n.<\/span><\/p>\n<p><span style=\"color: #000000;\">Muchos de los guardianes eran mujeres grandes como pesos pesados y manejaban una verga terrible retorcida; cada golpe dejaba una huella sangrienta y profunda en espaldas, brazos, espalda, o en pleno rostro; all\u00ed estuvieron voluntarios nuestros con mi hijo Alfonso y el gran cient\u00edfico Joaqu\u00edn Castilla y su esposa Arancha Desojo, la incre\u00edblemente responsable de haber seleccionado y enviado 78 Toneladas de medicamentos seleccionados por la otra farmac\u00e9utica Charo y unos profesores de la Universidad Complutense de Madrid (UCM) ya jubilados que se dedicaban a la selecci\u00f3n, como otros hac\u00edan con los 800.000 seleccionados entre dos millones que fueron en bibliotecas de tres a seis mil ejemplares a las Escuelas de Magisterio de muchos pa\u00edses de Latinoam\u00e9rica y a los departamentos de espa\u00f1ol de universidades de \u00c1frica y de Oriente Medio.<\/span><\/p>\n<p><span style=\"color: #000000;\">Alfonso, Joaqu\u00edn y otros voluntarios una vez pasaron un mes en Yaund\u00e9 dedicando las ma\u00f1anas a arrancar con estropajos y un jab\u00f3n especial la sarna que cubr\u00eda sus cuerpos, y hab\u00eda una parte especial para una treintena de condenados a muerte, con ejecuci\u00f3n en suspenso por presiones de la ONU, a cambio de seguir envi\u00e1ndoles medicamentos\u2026 que nunca llegaban a los encarcelados. A m\u00ed me nombraron el condenado n\u00ba 33 y cuando iba a pasar una hora con ellos lograba que el Director de aquel infierno permitiera que abriesen las celdas de castigo en las que aullaban algunos. Imelda, Alfonso, los voluntarios nuestros y las dos viejecitas catalanas jam\u00e1s podremos olvidarlo.<\/span><\/p>\n<p><span style=\"color: #000000;\">Tambi\u00e9n Imelda vino a Camer\u00fan para codirigir conmigo, sobre todo en la parte m\u00e9dica, el Simposio de M\u00e9dicos de Medicina Preventiva para 50 m\u00e9dicos de 20 universidades de \u00c1frica subsahariana con la presencia activa del Dr. Patarroyo, pionero en la investigaci\u00f3n de la vacuna contra la malaria que manten\u00eda una gran amistad con la Reina Sof\u00eda. Era una eminencia, galardonado con el Pr\u00edncipe de Asturias y que se desplaz\u00f3 all\u00ed por sus medios, y me recuerda mi hijo Alfonso que por eso vino el Embajador de Espa\u00f1a a recogernos al aeropuerto; tambi\u00e9n ten\u00edamos a un profesor de la Facultad de Medicina de la UCM experto en medicina preventiva. \u00bfC\u00f3mo pudimos pagar todo eso? El Rectorado de nuestra UCM nos ayud\u00f3 algo pero viajes, hospedaje, comida de tantas personas\u2026<\/span><\/p>\n<p><span style=\"color: #000000;\">Hasta all\u00ed, mientras com\u00edamos, lleg\u00f3 un d\u00eda una delegaci\u00f3n de misioneras, creo que alemanas, desde el interior de la selva, para pedirme que accediera a que la Doctora sabia Imelda, fuera unos meses a ense\u00f1ar desde el centro m\u00e9dico fundado por europeos a las digamos que matronas tradicionales, que se ocupaban en el interior a asistir en los partos y todo lo dem\u00e1s, un sistema innovador que Imelda conoc\u00eda y practic\u00f3 durante sus a\u00f1os al frente de un hospital en Congo belga, para aquellos casos extremos de episiotom\u00eda doble y otras t\u00e9cnicas cuando era imposible practicar una ces\u00e1rea en condiciones en plena selva y por personas iletradas.<\/span><\/p>\n<p><span style=\"color: #000000;\">Todos los congresistas nos levantamos y primero en silencio y luego con un entra\u00f1able aplauso me \u201cconvencieron\u201d, qu\u00e9 pod\u00eda yo hacer, para que la sabia doctora viajase al interior de la selva camerunesa, pues el eco de su sabidur\u00eda y experiencia durante m\u00e1s de 20 a\u00f1os en un hospital en Congo belga, y luego como directora la \u00fanica persona blanca cuando se alzaron contra los belgas, Lumumba, etc., y no ten\u00eda a otro facultativo europeo en casi 100 km a la redonda. Ella, Imelda y yo no hablamos nada, nos miramos como s\u00f3lo se mira en esos casos, y ella sab\u00eda, as\u00ed como el embajador de Espa\u00f1a all\u00ed presente, que no le faltar\u00eda nuestra ayuda por medio de la embajada.<\/span><\/p>\n<p><span style=\"color: #000000;\">Mi amiga Imelda me acompa\u00f1\u00f3 a visitar las poblaciones y sus problemas de las etnias que habitaban en las riberas de un peque\u00f1o lago bien alimentado por aguas de r\u00edo y que un equipo dirigido por mi hijo Alfonso y dos ancianas voluntarias catalanas, convertir\u00edamos en una de las primeras piscifactor\u00edas no industriales para tilapias del Camer\u00fan; pertenec\u00edan a comunidades diversas que desde hac\u00eda siglos, vaciaban el lago una vez al a\u00f1o para recoger a la rapi\u00f1a los peces muertos; y volver a comenzar cada a\u00f1o. Hoy viven todo el a\u00f1o millares de personas del pescado fresco, del ahumado, salado o secado al sol; de cientos de patos que se comen los huevos de los insectos an\u00f3feles que transmiten la malaria; de la carne de los cerdos para las poblaciones en equidad al esfuerzo de su trabajo en la peque\u00f1a piscifactor\u00eda, cerdos que se alimentan de los maizales con toda clase de restos de verduras y frutos que devuelven al lago con sus heces en grandes cochiqueras que se adentran en el agua como palafitos.<\/span><\/p>\n<p><span style=\"color: #000000;\">Y otros viajes y encuentros y esperas y enriquecedoras conversaciones a la luz de la luna despu\u00e9s de meditar juntos en silencio.<\/span><\/p>\n<p><span style=\"color: #000000;\">La noticia de su fallecimiento fue para m\u00ed, al mismo tiempo kairol\u00f3gico de dolor y de satisfacci\u00f3n y dicha. Yo hab\u00eda cumplido los 80 y ella me escribi\u00f3 en una tarjeta enviada por correo postal: \u201cAnimo, profesor y amigo, lo que a\u00fan nos queda por currar. No te rindas. Imelda.\u201d<\/span><\/p>\n<p><span style=\"color: #000000;\">Ella hac\u00eda a\u00f1os que superara los 90 con inmensa dignidad y esp\u00edritu de servicio. No quiero entristecer a nadie, pero en las Remembranzas que estoy escribiendo desde que me retir\u00e9 a mi casa desde la universidad, donde hab\u00eda seguido dirigiendo Talleres de Periodismo Solidario hasta los 80, s\u00e9 que ella, como otras muchas personas, han enriquecido no s\u00f3lo mi vida, sino las de los nudos de las redes de todos con cuantos nos hemos relacionado y compartido.<\/span><\/p>\n<p><span style=\"color: #000000;\">Palabras de la Dra. Imelda San Mart\u00edn en la presentaci\u00f3n de mi libro \u201cEncender\u00e9 un fuego para ti. Viaje al coraz\u00f3n de los pueblos de \u00c1frica\u201d. Aqu\u00ed van recuperadas no s\u00e9 c\u00f3mo, pero las cosas y las emociones suelen venir cuando las necesitas:<\/span><\/p>\n<p><span style=\"color: #000000;\">\u201cDesde mi vida en \u00c1frica, jalonada de experiencias como persona y como m\u00e9dico director de un Hospital durante 15 a\u00f1os, quiero aportar mi testimonio durante la presentaci\u00f3n de este libro. Este fuego del que habla el autor, no se enciende solo sino, chispa a chispa, vivencia tras vivencia, recuerdos y encuentros, uno tras otro. \u201cEncender\u00e9 un fuego\u2026\u201d con los trozos de \u00e1rboles de la inmensa selva, \u00e1rboles majestuosos, como largos brazos abiertos al infinito\u2026 Con retazos de tu vida, Jos\u00e9 Carlos, dejados caer en el encuentro contigo a la luz de la luna; con la expresi\u00f3n dolorida y triste de esa mam\u00e1 que perdi\u00f3 a su hijito por una simple enteritis, hijo al que llamaba \u201cmon petit bijou\u201d; con la sonrisa grande y de jolgorio con que nos reciben al llegar a sus pueblos; con el abrazo c\u00e1lido y agradecido de esa mam\u00e1 tuberculosa curada en el hospital; con los cadenciosos cantos f\u00fanebres y las danzas de las ancianas que lloran con todo su cuerpo, ellas que son el ritmo y el llanto; con los millones de flores maravillosas, policromas y min\u00fasculas unas, y gigantescas otras, de una belleza sin igual; con el ritmo de la piragua en el r\u00edo que bisbisea, susurra y canta al deslizarse sobre el agua; con la belleza armoniosa, vigorosa, original de la mujer africana, columna vertebral de esas sociedades con las inolvidables experiencias vividas en las c\u00e1rceles africanas, en hospitales y en centros sanitarios o universitarios.<\/span><\/p>\n<p><span style=\"color: #000000;\">Con estos y otros miles de retazos de vida africanos que Jos\u00e9 Carlos se trajo de su largo viaje por veinte pa\u00edses de ese continente, retazos pegados, cosidos a su coraz\u00f3n, sembrados en las entra\u00f1as de su ser inquieto, lanzado al viento- buscando ut\u00f3picamente el sol con todos ellos.<\/span><\/p>\n<p><span style=\"color: #000000;\">He querido sumarme a este acto porque, como m\u00e9dico y miembro de la Junta Directiva de Solidarios, he podido seguir d\u00eda a d\u00eda los esfuerzos que es posible imaginar para hacer realidad un sue\u00f1o que un d\u00eda nuestro Presidente comparti\u00f3 con algunos de nosotros y que, como todas las obras importantes que jalonan la historia, va entrelazado de muchas alegr\u00edas y de no pocos sufrimientos. Pero ha valido la pena al comprobar c\u00f3mo, en 12 pa\u00edses de \u00c1frica se montan los Centros de Medicina preventiva que aliviar\u00e1n el dolor, curar\u00e1n las enfermedades y sobre todo devolver\u00e1n la confianza en la propia estima y facilitar\u00e1n la investigaci\u00f3n cient\u00edfica de enfermedades end\u00e9micas realizada por los mismos m\u00e9dicos africanos.<\/span><\/p>\n<p><span style=\"color: #000000;\">He viajado a \u00c1frica en varias ocasiones con el profesor Garc\u00eda Fajardo y soy testigo de su entrega, de su entusiasmo y de su exigencia de rigor cient\u00edfico y de eficacia profesional al tratar con decanos, rectores, embajadores, alcaldes, obispos, ministros o jefes de Estado. Y el milagro se est\u00e1 realizando porque crey\u00f3 que pod\u00eda ser posible y puso los medios para ello convoc\u00e1ndonos e implic\u00e1ndonos a tantas personas que hemos apostado por la justicia y por la solidaridad. Sin pedir nada a cambio, sino que las personas y los pueblos puedan ser ellos mismos, como sin cesar nos insiste nuestro Presidente.<\/span><\/p>\n<p><span style=\"color: #000000;\">A pesar de los kil\u00f3metros que nos separan, nos unir\u00e1 un Puente Solidario de amor y de justicia en el que todos los corazones se pongan a trabajar, es decir, a amar\u2026 y juntos podremos calentar y aliviar el dolor de las madres apoyadas en pecho amigo; puente que llevar\u00e1 el trozo de pan que falta y sostendr\u00e1 la esperanza para el ma\u00f1ana.<\/span><\/p>\n<p><span style=\"color: #000000;\">Un puente de ida y vuelta, un puente solidario como el abrazo para dar y recibir, puesto que nosotros damos de lo que nos sobra y a cambio recibimos agradecimiento, valoraci\u00f3n humana y reconocimiento. Facetas que nos hacen crecer y nos reafirman por dentro al cambiar los esquemas programados.<\/span><\/p>\n<p><span style=\"color: #000000;\">En resumen: que nuestro dar es infinitamente menor que lo que recibimos pues lo que damos no es m\u00e1s que un simple acto de justicia y de solidaridad. \u00bfSer\u00edamos Solidarios si solamente fu\u00e9ramos capaces de recaudar dinero, medicamentos y libros y gestionarlos eficazmente? \u00bfQu\u00e9 ser\u00eda de Solidarios sin esa utop\u00eda de intentar lo que parece imposible para las personas corrientes? Es un empe\u00f1o de nuestro existir para crear obras que permanezcan\u201d.<\/span><\/p>\n<p><span style=\"color: #000000;\"><strong>(*) Profesor Jos\u00e9 Carlos Garc\u00eda Fajardo. Robador de momentos creadores que cada d\u00eda nos mantienen ocupados y felices.<\/strong><\/span><\/p>\n","protected":false},"excerpt":{"rendered":"<p>Opini\u00f3n de Jos\u00e9 Carlos Garc\u00eda Fajardo. La noticia de su fallecimiento fue para m\u00ed, al mismo tiempo kairol\u00f3gico de dolor y de satisfacci\u00f3n y dicha. Yo hab\u00eda cumplido los 80 y ella me escribi\u00f3 en una tarjeta enviada por correo postal: \u201cAnimo, profesor y amigo, lo que a\u00fan nos queda por trabajar. No te rindas\u201d. [&hellip;]<\/p>\n","protected":false},"author":1,"featured_media":14057,"comment_status":"open","ping_status":"open","sticky":false,"template":"","format":"standard","meta":{"rop_custom_images_group":[],"rop_custom_messages_group":[],"rop_publish_now":"initial","rop_publish_now_accounts":[],"rop_publish_now_history":[],"rop_publish_now_status":"pending","footnotes":""},"categories":[11],"tags":[110,1699],"class_list":["post-14056","post","type-post","status-publish","format-standard","has-post-thumbnail","hentry","category-opinion-libre","tag-jose-carlos-garcia-fajardo","tag-opinion-libre"],"_links":{"self":[{"href":"https:\/\/elinformanteperu.com\/index.php\/wp-json\/wp\/v2\/posts\/14056","targetHints":{"allow":["GET"]}}],"collection":[{"href":"https:\/\/elinformanteperu.com\/index.php\/wp-json\/wp\/v2\/posts"}],"about":[{"href":"https:\/\/elinformanteperu.com\/index.php\/wp-json\/wp\/v2\/types\/post"}],"author":[{"embeddable":true,"href":"https:\/\/elinformanteperu.com\/index.php\/wp-json\/wp\/v2\/users\/1"}],"replies":[{"embeddable":true,"href":"https:\/\/elinformanteperu.com\/index.php\/wp-json\/wp\/v2\/comments?post=14056"}],"version-history":[{"count":1,"href":"https:\/\/elinformanteperu.com\/index.php\/wp-json\/wp\/v2\/posts\/14056\/revisions"}],"predecessor-version":[{"id":14058,"href":"https:\/\/elinformanteperu.com\/index.php\/wp-json\/wp\/v2\/posts\/14056\/revisions\/14058"}],"wp:featuredmedia":[{"embeddable":true,"href":"https:\/\/elinformanteperu.com\/index.php\/wp-json\/wp\/v2\/media\/14057"}],"wp:attachment":[{"href":"https:\/\/elinformanteperu.com\/index.php\/wp-json\/wp\/v2\/media?parent=14056"}],"wp:term":[{"taxonomy":"category","embeddable":true,"href":"https:\/\/elinformanteperu.com\/index.php\/wp-json\/wp\/v2\/categories?post=14056"},{"taxonomy":"post_tag","embeddable":true,"href":"https:\/\/elinformanteperu.com\/index.php\/wp-json\/wp\/v2\/tags?post=14056"}],"curies":[{"name":"wp","href":"https:\/\/api.w.org\/{rel}","templated":true}]}}