{"id":140490,"date":"2025-07-22T02:40:17","date_gmt":"2025-07-22T07:40:17","guid":{"rendered":"https:\/\/elinformanteperu.com\/?p=140490"},"modified":"2025-07-22T02:40:17","modified_gmt":"2025-07-22T07:40:17","slug":"fil-2025-fondo-editorial-de-la-municipalidad-de-lima-lanza-coleccion-imperdible","status":"publish","type":"post","link":"https:\/\/elinformanteperu.com\/index.php\/2025\/07\/22\/fil-2025-fondo-editorial-de-la-municipalidad-de-lima-lanza-coleccion-imperdible\/","title":{"rendered":"FIL 2025: Fondo editorial de la Municipalidad de Lima lanza colecci\u00f3n imperdible"},"content":{"rendered":"<p><strong><span style=\"color: #000000;\">La Gerencia de Cultura de la MML presenta novedades en el estand 198, con la historia de los barrios m\u00e1s emblem\u00e1ticos.<\/span><\/strong><\/p>\n<p><span style=\"color: #000000;\"><strong>Lima, 21 Julio 2025, (El Informante Per\u00fa).-<\/strong> Este a\u00f1o, la Gerencia de Cultura de la Municipalidad Metropolitana de Lima, a trav\u00e9s del Fondo Editorial, se presenta en el estand 198 de la 29 Feria Internacional del Libro de Lima con el lanzamiento de nueve textos nuevos como parte de sus colecciones sobre la identidad e historia lime\u00f1as. Los temas elegidos est\u00e1n vinculados al patrimonio hist\u00f3rico de la ciudad y a los personajes que contribuyeron a su desarrollo.<\/span><\/p>\n<p><span style=\"color: #000000;\">En esta edici\u00f3n de la FIL, se presentar\u00e1n nuevos t\u00edtulos en su colecci\u00f3n Munilibro:<\/span><\/p>\n<p><a href=\"https:\/\/elinformanteperu.com\/wp-content\/uploads\/2025\/07\/fil-2025-munilima3.jpeg\"><img fetchpriority=\"high\" decoding=\"async\" class=\"size-large wp-image-140492 aligncenter\" src=\"https:\/\/elinformanteperu.com\/wp-content\/uploads\/2025\/07\/fil-2025-munilima3-1024x768.jpeg\" alt=\"\" width=\"615\" height=\"461\" srcset=\"https:\/\/elinformanteperu.com\/wp-content\/uploads\/2025\/07\/fil-2025-munilima3-1024x768.jpeg 1024w, https:\/\/elinformanteperu.com\/wp-content\/uploads\/2025\/07\/fil-2025-munilima3-300x225.jpeg 300w, https:\/\/elinformanteperu.com\/wp-content\/uploads\/2025\/07\/fil-2025-munilima3-768x576.jpeg 768w, https:\/\/elinformanteperu.com\/wp-content\/uploads\/2025\/07\/fil-2025-munilima3-1536x1152.jpeg 1536w, https:\/\/elinformanteperu.com\/wp-content\/uploads\/2025\/07\/fil-2025-munilima3.jpeg 1600w\" sizes=\"(max-width: 615px) 100vw, 615px\" \/><\/a><span style=\"color: #000000;\"><strong>\u2022 Munilibro n.\u00b0 35<\/strong> Compa\u00f1\u00eda de Bomberos Salvadora Lima, con a\u00f1os de historia y servicio, de la historiadora Cecilia B\u00e1kula.<\/span><br \/>\n<span style=\"color: #000000;\"><strong>\u2022 Munilibro n.\u00b0 36<\/strong> Santa Beatriz, primer espacio urbano e innovador de Lima, de la historiadora Milagros Romero.<\/span><br \/>\n<span style=\"color: #000000;\"><strong>\u2022 Munilibro n.\u00b0 37<\/strong> La cultura lima. <\/span><br \/>\n<span style=\"color: #000000;\"><strong>\u2022 Munilibro n.\u00b0 38<\/strong> Ra\u00fal Porras Barrenechea. Maestro de la peruanidad, del historiador Gabriel Garc\u00eda Higueras.<\/span><br \/>\n<span style=\"color: #000000;\"><strong>\u2022 Munilibro n.\u00b0 39<\/strong> El mirador de Ingunza, del investigador Manuel Augusto de Ingunza Simonetti.<\/span><br \/>\n<span style=\"color: #000000;\"><strong>\u2022 Munilibro Lima de la A a la Z<\/strong>, de la autora Patricia Pati\u00f1o, una especial obra infantil. <\/span><br \/>\n<span style=\"color: #000000;\"><strong>\u2022 Asentamientos, religi\u00f3n y pr\u00e1cticas culturales<\/strong>, del arque\u00f3logo Pieter van Dalen<\/span><\/p>\n<p><a href=\"https:\/\/elinformanteperu.com\/wp-content\/uploads\/2025\/07\/fil-2025-munilima1.jpeg\"><img decoding=\"async\" class=\"size-large wp-image-140493 aligncenter\" src=\"https:\/\/elinformanteperu.com\/wp-content\/uploads\/2025\/07\/fil-2025-munilima1-1024x771.jpeg\" alt=\"\" width=\"615\" height=\"463\" srcset=\"https:\/\/elinformanteperu.com\/wp-content\/uploads\/2025\/07\/fil-2025-munilima1-1024x771.jpeg 1024w, https:\/\/elinformanteperu.com\/wp-content\/uploads\/2025\/07\/fil-2025-munilima1-300x226.jpeg 300w, https:\/\/elinformanteperu.com\/wp-content\/uploads\/2025\/07\/fil-2025-munilima1-768x578.jpeg 768w, https:\/\/elinformanteperu.com\/wp-content\/uploads\/2025\/07\/fil-2025-munilima1-1536x1156.jpeg 1536w, https:\/\/elinformanteperu.com\/wp-content\/uploads\/2025\/07\/fil-2025-munilima1.jpeg 1600w\" sizes=\"(max-width: 615px) 100vw, 615px\" \/><\/a><\/p>\n<p><span style=\"color: #000000;\">En la serie de investigaci\u00f3n se presentar\u00e1 el libro El Osario de Miraflores, de Jos\u00e9 Carlos Ju\u00e1rez Espejo, un interesante texto sobre los h\u00e9roes peruanos ca\u00eddos durante la guerra del Pac\u00edfico, en especial en la batalla de Miraflores.<\/span><\/p>\n<p><span style=\"color: #000000;\">Asimismo, como parte de la serie de Reconocimiento, se presentar\u00e1 el texto Francisco Gonz\u00e1lez Gamarra (1890-1972), un completo recorrido por las m\u00e1s importantes obras pict\u00f3ricas de este reconocido pintor cusque\u00f1o. Y tambi\u00e9n se presentar\u00e1 un bello libro de cr\u00f3nica y fotograf\u00edas de diversos lugares lime\u00f1os, titulado Cr\u00f3nicas de una Lima prodigiosa, de la autora Ana Mar\u00eda Malachowski Rebagliati.<\/span><\/p>\n<p><strong><span style=\"color: #000000;\">Actividades en la FIL<\/span><\/strong><\/p>\n<p><a href=\"https:\/\/elinformanteperu.com\/wp-content\/uploads\/2025\/07\/fil-2025-munilima2.jpeg\"><img decoding=\"async\" class=\"size-large wp-image-140494 aligncenter\" src=\"https:\/\/elinformanteperu.com\/wp-content\/uploads\/2025\/07\/fil-2025-munilima2-1024x768.jpeg\" alt=\"\" width=\"615\" height=\"461\" srcset=\"https:\/\/elinformanteperu.com\/wp-content\/uploads\/2025\/07\/fil-2025-munilima2-1024x768.jpeg 1024w, https:\/\/elinformanteperu.com\/wp-content\/uploads\/2025\/07\/fil-2025-munilima2-300x225.jpeg 300w, https:\/\/elinformanteperu.com\/wp-content\/uploads\/2025\/07\/fil-2025-munilima2-768x576.jpeg 768w, https:\/\/elinformanteperu.com\/wp-content\/uploads\/2025\/07\/fil-2025-munilima2-1536x1152.jpeg 1536w, https:\/\/elinformanteperu.com\/wp-content\/uploads\/2025\/07\/fil-2025-munilima2.jpeg 1600w\" sizes=\"(max-width: 615px) 100vw, 615px\" \/><\/a><span style=\"color: #000000;\">En esta edici\u00f3n de la FIL, el Fondo Editorial de la MML tendr\u00e1 tres actividades, que se realizar\u00e1n los d\u00edas 1, 5 y 6 de agosto.<\/span><\/p>\n<p><strong><span style=\"color: #000000;\">Actividad 1<\/span><\/strong><br \/>\n<span style=\"color: #000000;\"><strong>Auditorio:<\/strong> Mart\u00edn Ad\u00e1n (120 personas)<\/span><br \/>\n<span style=\"color: #000000;\"><strong>Horario y fecha:<\/strong> Viernes 1 de agosto de 2:00 p. m. a 2:45 p. m. <\/span><br \/>\n<span style=\"color: #000000;\"><strong>Presentaci\u00f3n:<\/strong> Munilibro Lima de la A a la Z<\/span><br \/>\n<span style=\"color: #000000;\"><strong>Participa:<\/strong> Patricia Pati\u00f1o<\/span><br \/>\n<span style=\"color: #000000;\"><strong>Organiza:<\/strong> Municipalidad Metropolitana de Lima<\/span><\/p>\n<p><strong><span style=\"color: #000000;\">Actividad 2 <\/span><\/strong><br \/>\n<span style=\"color: #000000;\"><strong>Auditorio:<\/strong> Jorge Eduardo Eielson (90 personas)<\/span><br \/>\n<span style=\"color: #000000;\"><strong>Horario y fecha:<\/strong> Martes 5 de agosto de 2:00 p. m. a 2:45 p. m. <\/span><br \/>\n<span style=\"color: #000000;\"><strong>Presentaci\u00f3n:<\/strong> Cr\u00f3nicas de una Lima prodigiosa, de Ana Mar\u00eda Malachowski y El Osario de Miraflores, de Jos\u00e9 Carlos Ju\u00e1rez Espejo<\/span><br \/>\n<span style=\"color: #000000;\"><strong>Participa:<\/strong> Ana Mar\u00eda Malachowski, Jos\u00e9 Carlos Ju\u00e1rez Espejo<\/span><br \/>\n<span style=\"color: #000000;\"><strong>Organiza:<\/strong> Municipalidad Metropolitana de Lima<\/span><\/p>\n<p><strong><span style=\"color: #000000;\">Actividad 3<\/span><\/strong><br \/>\n<span style=\"color: #000000;\"><strong>Auditorio:<\/strong> Jorge Eduardo Eielson (90 personas)<\/span><br \/>\n<span style=\"color: #000000;\"><strong>Horario y fecha:<\/strong> Mi\u00e9rcoles 6 de agosto de 3:00 p. m. a 3:45 p. m.<\/span><br \/>\n<span style=\"color: #000000;\"><strong>Presentaci\u00f3n:<\/strong> Nuevas obras de la colecci\u00f3n Munilibro<\/span><br \/>\n<span style=\"color: #000000;\"><strong>Participan:<\/strong> Cecilia B\u00e1kula, Milagros Romero, Elizabeth Ingunza, Gabriel Garc\u00eda Higueras y Pieter van Dalen <\/span><br \/>\n<span style=\"color: #000000;\"><strong>Organiza:<\/strong> Municipalidad Metropolitana de Lima<\/span><\/p>\n<p><span style=\"color: #000000;\">Estas actividades buscan promover el conocimiento y la valoraci\u00f3n tanto de la ciudad como de sus personajes m\u00e1s destacados, un objetivo que realiza la Gerencia de Cultura de la Municipalidad de Lima a trav\u00e9s del Fondo Editorial.<\/span><\/p>\n<p><a href=\"https:\/\/elinformanteperu.com\/wp-content\/uploads\/2025\/07\/fil-2025-munilima4.jpeg\"><img loading=\"lazy\" decoding=\"async\" class=\"size-large wp-image-140495 aligncenter\" src=\"https:\/\/elinformanteperu.com\/wp-content\/uploads\/2025\/07\/fil-2025-munilima4-1024x768.jpeg\" alt=\"\" width=\"615\" height=\"461\" srcset=\"https:\/\/elinformanteperu.com\/wp-content\/uploads\/2025\/07\/fil-2025-munilima4-1024x768.jpeg 1024w, https:\/\/elinformanteperu.com\/wp-content\/uploads\/2025\/07\/fil-2025-munilima4-300x225.jpeg 300w, https:\/\/elinformanteperu.com\/wp-content\/uploads\/2025\/07\/fil-2025-munilima4-768x576.jpeg 768w, https:\/\/elinformanteperu.com\/wp-content\/uploads\/2025\/07\/fil-2025-munilima4-1536x1152.jpeg 1536w, https:\/\/elinformanteperu.com\/wp-content\/uploads\/2025\/07\/fil-2025-munilima4.jpeg 1600w\" sizes=\"(max-width: 615px) 100vw, 615px\" \/><\/a><\/p>\n","protected":false},"excerpt":{"rendered":"<p>La Gerencia de Cultura de la MML presenta novedades en el estand 198, con la historia de los barrios m\u00e1s emblem\u00e1ticos. Lima, 21 Julio 2025, (El Informante Per\u00fa).- Este a\u00f1o, la Gerencia de Cultura de la Municipalidad Metropolitana de Lima, a trav\u00e9s del Fondo Editorial, se presenta en el estand 198 de la 29 Feria [&hellip;]<\/p>\n","protected":false},"author":1,"featured_media":140491,"comment_status":"closed","ping_status":"closed","sticky":false,"template":"","format":"standard","meta":{"rop_custom_images_group":[],"rop_custom_messages_group":[],"rop_publish_now":"initial","rop_publish_now_accounts":[],"rop_publish_now_history":[],"rop_publish_now_status":"pending","footnotes":""},"categories":[10],"tags":[8471,122],"class_list":["post-140490","post","type-post","status-publish","format-standard","has-post-thumbnail","hentry","category-actualidad-municipal","tag-fil-2025","tag-municipalidad-de-lima"],"_links":{"self":[{"href":"https:\/\/elinformanteperu.com\/index.php\/wp-json\/wp\/v2\/posts\/140490","targetHints":{"allow":["GET"]}}],"collection":[{"href":"https:\/\/elinformanteperu.com\/index.php\/wp-json\/wp\/v2\/posts"}],"about":[{"href":"https:\/\/elinformanteperu.com\/index.php\/wp-json\/wp\/v2\/types\/post"}],"author":[{"embeddable":true,"href":"https:\/\/elinformanteperu.com\/index.php\/wp-json\/wp\/v2\/users\/1"}],"replies":[{"embeddable":true,"href":"https:\/\/elinformanteperu.com\/index.php\/wp-json\/wp\/v2\/comments?post=140490"}],"version-history":[{"count":1,"href":"https:\/\/elinformanteperu.com\/index.php\/wp-json\/wp\/v2\/posts\/140490\/revisions"}],"predecessor-version":[{"id":140496,"href":"https:\/\/elinformanteperu.com\/index.php\/wp-json\/wp\/v2\/posts\/140490\/revisions\/140496"}],"wp:featuredmedia":[{"embeddable":true,"href":"https:\/\/elinformanteperu.com\/index.php\/wp-json\/wp\/v2\/media\/140491"}],"wp:attachment":[{"href":"https:\/\/elinformanteperu.com\/index.php\/wp-json\/wp\/v2\/media?parent=140490"}],"wp:term":[{"taxonomy":"category","embeddable":true,"href":"https:\/\/elinformanteperu.com\/index.php\/wp-json\/wp\/v2\/categories?post=140490"},{"taxonomy":"post_tag","embeddable":true,"href":"https:\/\/elinformanteperu.com\/index.php\/wp-json\/wp\/v2\/tags?post=140490"}],"curies":[{"name":"wp","href":"https:\/\/api.w.org\/{rel}","templated":true}]}}