{"id":140484,"date":"2025-07-22T02:23:38","date_gmt":"2025-07-22T07:23:38","guid":{"rendered":"https:\/\/elinformanteperu.com\/?p=140484"},"modified":"2025-07-22T02:23:38","modified_gmt":"2025-07-22T07:23:38","slug":"congreso-comision-del-caso-odebrecht-recibe-a-procuradora-carrion-y-a-fiscal-nora-cordova","status":"publish","type":"post","link":"https:\/\/elinformanteperu.com\/index.php\/2025\/07\/22\/congreso-comision-del-caso-odebrecht-recibe-a-procuradora-carrion-y-a-fiscal-nora-cordova\/","title":{"rendered":"Congreso: Comisi\u00f3n del caso Odebrecht recibe a procuradora Carri\u00f3n y a fiscal Nora C\u00f3rdova"},"content":{"rendered":"<p><span style=\"color: #000000;\"><strong>Lima, 21 Julio 2025, (ANDINA).-<\/strong> La comisi\u00f3n investigadora de actos vinculados a la colaboraci\u00f3n eficaz entre la empresa Odebrecht y el Estado, que preside el congresista Alejandro Mu\u00f1ante Barrios (Renovaci\u00f3n Popular), recibi\u00f3 hoy las declaraciones de funcionarias del Ministerio de Justicia y del Ministerio P\u00fablico vinculadas a las investigaciones del caso Lava Jato en el Per\u00fa.<\/span><\/p>\n<p><span style=\"color: #000000;\">El congresista Mu\u00f1ante inform\u00f3 que otro de los convocados para la sexta sesi\u00f3n ordinaria era el fiscal Jos\u00e9 Domingo P\u00e9rez G\u00f3mez, quien solicit\u00f3 la reprogramaci\u00f3n de su asistencia prevista para hoy.<\/span><\/p>\n<p><span style=\"color: #000000;\">La primera en responder a las interrogantes de la comisi\u00f3n fue la procuradora p\u00fablica ad hoc Silvana Carri\u00f3n Ordinola, quien se refiri\u00f3 a los antecedentes de caso desde el 2017 y todo lo hecho por su gesti\u00f3n en referencia a la reparaci\u00f3n civil a favor del Estado en el marco de la colaboraci\u00f3n eficaz.<\/span><\/p>\n<p><span style=\"color: #000000;\">Indic\u00f3 que la empresa brasile\u00f1a est\u00e1 comprometida con nuestro pa\u00eds con el pago de 1,393 millones de soles, de los cuales, ha pagado el 25 %, aunque tiene un plazo de cinco a\u00f1os para cancelarlo.<\/span><\/p>\n<p><span style=\"color: #000000;\">Asimismo, entre otros aspectos, dijo que, en funci\u00f3n al trabajo de la Procuradur\u00eda, se promovi\u00f3 el pago de 568 millones de soles por tributaci\u00f3n a la Sunat, y que gracias al acuerdo de colaboraci\u00f3n eficaz y en virtud de la aplicaci\u00f3n de la Ley 30737, se hizo efectivo el pago de esa deuda tributaria.<\/span><\/p>\n<p><span style=\"color: #000000;\">Carri\u00f3n Ordinola se\u00f1al\u00f3 que, desde el 2017 hasta el presente a\u00f1o, el caso Odebrecht ha significado para el Estado una inversi\u00f3n de 50 millones de soles, pero que los resultados hasta el momento, por intervenci\u00f3n de la Procuradur\u00eda, implica un resarcimiento de 610 millones de soles por reparaci\u00f3n civil.<\/span><\/p>\n<p><span style=\"color: #000000;\">Asimismo, que en virtud de la Ley 30737 se abri\u00f3 el camino para la investigaci\u00f3n de otros casos. Al momento est\u00e1n litigando por 6000 millones de d\u00f3lares: Gasoducto, Loreto, IIRSA Norte, carretera Tarapoto y el de Susana Villar\u00e1n, por supuestos aportes il\u00edcitos.<\/span><\/p>\n<p><span style=\"color: #000000;\">Por su parte, la fiscal provincial titular especializada en delitos de corrupci\u00f3n, Nora C\u00f3rdova Alc\u00e1ntara, indic\u00f3 que no es parte del protocolo el cambio de un fiscal en una diligencia en el caso de intervenci\u00f3n de la sede de IDL Reporteros, que habr\u00eda sido ordenado por el entones fiscal de la naci\u00f3n, Pablo S\u00e1nchez.<\/span><\/p>\n<p><span style=\"color: #000000;\">La intervenci\u00f3n fue para la investigaci\u00f3n de unos audios que hab\u00eda emitido la referida entidad en el 2018. Posteriormente, la sacaron del caso y fue denunciada por distintos hechos.<\/span><\/p>\n<p><a href=\"https:\/\/elinformanteperu.com\/wp-content\/uploads\/2024\/08\/congreso-fachada4.jpg\"><img fetchpriority=\"high\" decoding=\"async\" class=\"size-full wp-image-123843 aligncenter\" src=\"https:\/\/elinformanteperu.com\/wp-content\/uploads\/2024\/08\/congreso-fachada4.jpg\" alt=\"\" width=\"500\" height=\"337\" srcset=\"https:\/\/elinformanteperu.com\/wp-content\/uploads\/2024\/08\/congreso-fachada4.jpg 500w, https:\/\/elinformanteperu.com\/wp-content\/uploads\/2024\/08\/congreso-fachada4-300x202.jpg 300w\" sizes=\"(max-width: 500px) 100vw, 500px\" \/><\/a><\/p>\n","protected":false},"excerpt":{"rendered":"<p>Lima, 21 Julio 2025, (ANDINA).- La comisi\u00f3n investigadora de actos vinculados a la colaboraci\u00f3n eficaz entre la empresa Odebrecht y el Estado, que preside el congresista Alejandro Mu\u00f1ante Barrios (Renovaci\u00f3n Popular), recibi\u00f3 hoy las declaraciones de funcionarias del Ministerio de Justicia y del Ministerio P\u00fablico vinculadas a las investigaciones del caso Lava Jato en el [&hellip;]<\/p>\n","protected":false},"author":1,"featured_media":140485,"comment_status":"closed","ping_status":"closed","sticky":false,"template":"","format":"standard","meta":{"rop_custom_images_group":[],"rop_custom_messages_group":[],"rop_publish_now":"initial","rop_publish_now_accounts":[],"rop_publish_now_history":[],"rop_publish_now_status":"pending","footnotes":""},"categories":[5],"tags":[192,656,619,4738],"class_list":["post-140484","post","type-post","status-publish","format-standard","has-post-thumbnail","hentry","category-actualidad-informativa","tag-congreso","tag-lava-jato","tag-odebrecht","tag-silvana-carrion"],"_links":{"self":[{"href":"https:\/\/elinformanteperu.com\/index.php\/wp-json\/wp\/v2\/posts\/140484","targetHints":{"allow":["GET"]}}],"collection":[{"href":"https:\/\/elinformanteperu.com\/index.php\/wp-json\/wp\/v2\/posts"}],"about":[{"href":"https:\/\/elinformanteperu.com\/index.php\/wp-json\/wp\/v2\/types\/post"}],"author":[{"embeddable":true,"href":"https:\/\/elinformanteperu.com\/index.php\/wp-json\/wp\/v2\/users\/1"}],"replies":[{"embeddable":true,"href":"https:\/\/elinformanteperu.com\/index.php\/wp-json\/wp\/v2\/comments?post=140484"}],"version-history":[{"count":1,"href":"https:\/\/elinformanteperu.com\/index.php\/wp-json\/wp\/v2\/posts\/140484\/revisions"}],"predecessor-version":[{"id":140486,"href":"https:\/\/elinformanteperu.com\/index.php\/wp-json\/wp\/v2\/posts\/140484\/revisions\/140486"}],"wp:featuredmedia":[{"embeddable":true,"href":"https:\/\/elinformanteperu.com\/index.php\/wp-json\/wp\/v2\/media\/140485"}],"wp:attachment":[{"href":"https:\/\/elinformanteperu.com\/index.php\/wp-json\/wp\/v2\/media?parent=140484"}],"wp:term":[{"taxonomy":"category","embeddable":true,"href":"https:\/\/elinformanteperu.com\/index.php\/wp-json\/wp\/v2\/categories?post=140484"},{"taxonomy":"post_tag","embeddable":true,"href":"https:\/\/elinformanteperu.com\/index.php\/wp-json\/wp\/v2\/tags?post=140484"}],"curies":[{"name":"wp","href":"https:\/\/api.w.org\/{rel}","templated":true}]}}