{"id":140363,"date":"2025-07-20T14:12:39","date_gmt":"2025-07-20T19:12:39","guid":{"rendered":"https:\/\/elinformanteperu.com\/?p=140363"},"modified":"2025-07-20T14:12:39","modified_gmt":"2025-07-20T19:12:39","slug":"congreso-archivan-denuncia-contra-presidenta-y-seis-exministros-por-falta-de-pruebas","status":"publish","type":"post","link":"https:\/\/elinformanteperu.com\/index.php\/2025\/07\/20\/congreso-archivan-denuncia-contra-presidenta-y-seis-exministros-por-falta-de-pruebas\/","title":{"rendered":"Congreso: archivan denuncia contra presidenta y seis exministros por falta de pruebas"},"content":{"rendered":"<p><strong><span style=\"color: #000000;\">Se aprob\u00f3 en la Subcomisi\u00f3n de Acusaciones Constitucionales<\/span><\/strong><\/p>\n<p><span style=\"color: #000000;\"><strong>Lima, 18 Julio 2025, (ANDINA).-<\/strong> La Subcomisi\u00f3n de Acusaciones Constitucionales del Congreso archiv\u00f3 la denuncia constitucional interpuesta por el exfiscal de la naci\u00f3n, Juan Carlos Villena, contra la presidente de la rep\u00fablica, Dina Boluarte Zegarra, y los exministros Pedro Angulo Aranda, Alberto Ot\u00e1rola Pe\u00f1aranda, C\u00e9sar Cervantes C\u00e1rdenas, Jorge Luis Ch\u00e1vez Cresta, V\u00edctor Rojas Herrera y Vicente Romero Fern\u00e1ndez.<\/span><\/p>\n<p><span style=\"color: #000000;\">La denuncia constitucional les atribu\u00eda la posible comisi\u00f3n de los delitos de homicidio calificado, lesiones graves y lesiones leves tipificados en los art\u00edculos 108, 121 y 122 del C\u00f3digo Penal.<\/span><\/p>\n<p><span style=\"color: #000000;\">El congresista delegado de esta denuncia, Jos\u00e9 Jer\u00ed Or\u00e9 (SP), sostuvo, luego del an\u00e1lisis integral de los documentos presentados, los descargos formulados por los denunciados y las declaraciones en las audiencias, se evidenci\u00f3 que no hab\u00edan a la fecha elementos de convicci\u00f3n suficientes que acrediten conducta t\u00edpica, antijur\u00eddica y culpable atribuible a los denunciados.<\/span><\/p>\n<p><span style=\"color: #000000;\">Precis\u00f3 que no se hab\u00edan identificado \u00f3rdenes directas, actuaciones dolosas ni un v\u00ednculo causal claro entre sus decisiones y resultados lesivos ocurridos durante las protestas iniciadas el 2022.<\/span><\/p>\n<p><span style=\"color: #000000;\">Por lo tanto, ante la falta de pruebas suficientes para dicha acusaci\u00f3n, recomend\u00f3 el archivo de la referida denuncia, sin perjuicio de que el Ministerio P\u00fablico contin\u00fae con las investigaciones, a fin de establecer las responsabilidades individuales conforme a derecho.<\/span><\/p>\n<p><strong><span style=\"color: #000000;\">Tom\u00e1s G\u00e1lvez<\/span><\/strong><\/p>\n<p><span style=\"color: #000000;\">Previamente, la Subcomisi\u00f3n de Acusaciones Constitucionales presidido por las congresista Mar\u00eda Acu\u00f1a Peralta (APP) posterg\u00f3 el debate y votaci\u00f3n del informe final de la Denuncia Constitucional 387, que interpuso la exfiscal de la naci\u00f3n, Patricia Benavides, contra Tom\u00e1s G\u00e1lvez Villegas, en su actuaci\u00f3n como fiscal supremo titular del Ministerio P\u00fablico.<\/span><\/p>\n<p><span style=\"color: #000000;\">Se le atribu\u00eda ser presunto autor de la comisi\u00f3n del delito contra la tranquilidad p\u00fablica en la modalidad de organizaci\u00f3n criminal, previsto y sancionado por el C\u00f3digo Penal, y por ser presunto autor de la comisi\u00f3n del delito contra la administraci\u00f3n p\u00fablica en la modalidad de tr\u00e1fico de influencias agravado por su condici\u00f3n de funcionario p\u00fablico.<\/span><\/p>\n<p><span style=\"color: #000000;\">El congresista delegado de esta acusaci\u00f3n, Luis Arag\u00f3n Carre\u00f1o (AP), envi\u00f3 un oficio excus\u00e1ndose de asistir a este grupo de trabajo por asuntos urgentes en el \u00faltimo d\u00eda de la semana de representaci\u00f3n, por lo que solicit\u00f3 su reprogramaci\u00f3n para la siguiente sesi\u00f3n.<\/span><\/p>\n<p><a href=\"https:\/\/elinformanteperu.com\/wp-content\/uploads\/2024\/10\/Congreso-Subcomision-de-Acusaciones.jpg\"><img fetchpriority=\"high\" decoding=\"async\" class=\"size-large wp-image-125450 aligncenter\" src=\"https:\/\/elinformanteperu.com\/wp-content\/uploads\/2024\/10\/Congreso-Subcomision-de-Acusaciones-1024x683.jpg\" alt=\"\" width=\"615\" height=\"410\" srcset=\"https:\/\/elinformanteperu.com\/wp-content\/uploads\/2024\/10\/Congreso-Subcomision-de-Acusaciones-1024x683.jpg 1024w, https:\/\/elinformanteperu.com\/wp-content\/uploads\/2024\/10\/Congreso-Subcomision-de-Acusaciones-300x200.jpg 300w, https:\/\/elinformanteperu.com\/wp-content\/uploads\/2024\/10\/Congreso-Subcomision-de-Acusaciones-768x512.jpg 768w, https:\/\/elinformanteperu.com\/wp-content\/uploads\/2024\/10\/Congreso-Subcomision-de-Acusaciones-1536x1024.jpg 1536w, https:\/\/elinformanteperu.com\/wp-content\/uploads\/2024\/10\/Congreso-Subcomision-de-Acusaciones.jpg 1800w\" sizes=\"(max-width: 615px) 100vw, 615px\" \/><\/a><\/p>\n","protected":false},"excerpt":{"rendered":"<p>Se aprob\u00f3 en la Subcomisi\u00f3n de Acusaciones Constitucionales Lima, 18 Julio 2025, (ANDINA).- La Subcomisi\u00f3n de Acusaciones Constitucionales del Congreso archiv\u00f3 la denuncia constitucional interpuesta por el exfiscal de la naci\u00f3n, Juan Carlos Villena, contra la presidente de la rep\u00fablica, Dina Boluarte Zegarra, y los exministros Pedro Angulo Aranda, Alberto Ot\u00e1rola Pe\u00f1aranda, C\u00e9sar Cervantes C\u00e1rdenas, [&hellip;]<\/p>\n","protected":false},"author":1,"featured_media":140364,"comment_status":"closed","ping_status":"closed","sticky":false,"template":"","format":"standard","meta":{"rop_custom_images_group":[],"rop_custom_messages_group":[],"rop_publish_now":"initial","rop_publish_now_accounts":[],"rop_publish_now_history":[],"rop_publish_now_status":"pending","footnotes":""},"categories":[5],"tags":[192,6528],"class_list":["post-140363","post","type-post","status-publish","format-standard","has-post-thumbnail","hentry","category-actualidad-informativa","tag-congreso","tag-dina-boluarte"],"_links":{"self":[{"href":"https:\/\/elinformanteperu.com\/index.php\/wp-json\/wp\/v2\/posts\/140363","targetHints":{"allow":["GET"]}}],"collection":[{"href":"https:\/\/elinformanteperu.com\/index.php\/wp-json\/wp\/v2\/posts"}],"about":[{"href":"https:\/\/elinformanteperu.com\/index.php\/wp-json\/wp\/v2\/types\/post"}],"author":[{"embeddable":true,"href":"https:\/\/elinformanteperu.com\/index.php\/wp-json\/wp\/v2\/users\/1"}],"replies":[{"embeddable":true,"href":"https:\/\/elinformanteperu.com\/index.php\/wp-json\/wp\/v2\/comments?post=140363"}],"version-history":[{"count":1,"href":"https:\/\/elinformanteperu.com\/index.php\/wp-json\/wp\/v2\/posts\/140363\/revisions"}],"predecessor-version":[{"id":140365,"href":"https:\/\/elinformanteperu.com\/index.php\/wp-json\/wp\/v2\/posts\/140363\/revisions\/140365"}],"wp:featuredmedia":[{"embeddable":true,"href":"https:\/\/elinformanteperu.com\/index.php\/wp-json\/wp\/v2\/media\/140364"}],"wp:attachment":[{"href":"https:\/\/elinformanteperu.com\/index.php\/wp-json\/wp\/v2\/media?parent=140363"}],"wp:term":[{"taxonomy":"category","embeddable":true,"href":"https:\/\/elinformanteperu.com\/index.php\/wp-json\/wp\/v2\/categories?post=140363"},{"taxonomy":"post_tag","embeddable":true,"href":"https:\/\/elinformanteperu.com\/index.php\/wp-json\/wp\/v2\/tags?post=140363"}],"curies":[{"name":"wp","href":"https:\/\/api.w.org\/{rel}","templated":true}]}}