{"id":140360,"date":"2025-07-20T14:08:32","date_gmt":"2025-07-20T19:08:32","guid":{"rendered":"https:\/\/elinformanteperu.com\/?p=140360"},"modified":"2025-07-20T14:08:32","modified_gmt":"2025-07-20T19:08:32","slug":"congreso-bancada-bloque-magisterial-se-disuelve-tras-renuncia-de-parlamentarios","status":"publish","type":"post","link":"https:\/\/elinformanteperu.com\/index.php\/2025\/07\/20\/congreso-bancada-bloque-magisterial-se-disuelve-tras-renuncia-de-parlamentarios\/","title":{"rendered":"Congreso: bancada Bloque Magisterial se disuelve tras renuncia de parlamentarios"},"content":{"rendered":"<p><strong><span style=\"color: #000000;\">Con ello, se reducen a 12 los grupos parlamentarios en el Legislativo<\/span><\/strong><\/p>\n<p><span style=\"color: #000000;\"><strong>Lima, 18 Julio 2025, (ANDINA).-<\/strong> La bancada Bloque Magisterial de Concertaci\u00f3n Nacional (BMCN) se disolvi\u00f3 en el Congreso de la Rep\u00fablica tras la renuncia de los parlamentarios \u00d3scar Zea, Alex Paredes y Elizabeth Medina, quienes se integraron a la bancada Somos Per\u00fa.<\/span><\/p>\n<p><span style=\"color: #000000;\">Los congresistas Segundo Quiroz Barbosa, Germ\u00e1n Tacuri Valdivia, Katy Ugarte Mamani y Lucinda V\u00e1squez Vela, quienes formaban parte de este grupo parlamentario, se sumaron al grupo de legisladores no agrupados que son 13.<\/span><\/p>\n<p><span style=\"color: #000000;\">De acuerdo al Reglamento del Congreso, se requiere un m\u00ednimo de cinco parlamentarios para conformar una bancada parlamentaria.<\/span><\/p>\n<p><span style=\"color: #000000;\">El pasado 14 de julio, los congresistas Elizabeth Medina Hermosilla y Alex Paredes Gonzales renunciaron al Bloque Magisterial de Concertaci\u00f3n Nacional , en carta dirigida a su vocero, Germ\u00e1n Tacuri, a quien agradecieron por haberles brindado un espacio dentro del Congreso de la Rep\u00fablica.<\/span><\/p>\n<p><span style=\"color: #000000;\">Asimismo, en carta remitida al congresista H\u00e9ctor Valer, vocero titular de Somos Per\u00fa, ambos legisladores solicitaron ser incorporados a la bancada \u00aben su condici\u00f3n de ciudadanos inscritos en el Partido Pol\u00edtico Somos Per\u00fa\u00bb.<\/span><\/p>\n<p><span style=\"color: #000000;\">En mismo pedido formul\u00f3 luego el congresista \u00d3scar Zea, quien argument\u00f3 su pedido se\u00f1alando su identificaci\u00f3n con los principios, objetivos y agenda legislativa Somos Per\u00fa que ahora cuenta con 9 parlamentarios.<\/span><\/p>\n<p><span style=\"color: #000000;\">Con estos cambios en las bancadas parlamentarias, los grupos parlamentarios acreditados en el Congreso se redujeron a 12:<\/span><\/p>\n<p><span style=\"color: #000000;\"><strong>1.<\/strong> Acci\u00f3n Popular (9 Parlamentarios)<\/span><br \/>\n<span style=\"color: #000000;\"><strong>2.<\/strong> Alianza para el Progreso (14 Parlamentarios)<\/span><br \/>\n<span style=\"color: #000000;\"><strong>3.<\/strong> Avanza Pa\u00eds &#8211; Partido de Integraci\u00f3n Social (6 parlamentarios)<\/span><br \/>\n<span style=\"color: #000000;\"><strong>4.<\/strong> Bancada Socialista (5 parlamentarios)<\/span><br \/>\n<span style=\"color: #000000;\"><strong>5.<\/strong> Bloque Democr\u00e1tico Popular (5 parlamentarios) <\/span><br \/>\n<span style=\"color: #000000;\"><strong>6.<\/strong> Fuerza Popular (21 parlamentarios)<\/span><br \/>\n<span style=\"color: #000000;\"><strong>7.<\/strong> Honor y Democracia (5 parlamentarios)<\/span><br \/>\n<span style=\"color: #000000;\"><strong>8.<\/strong> Juntos por el Per\u00fa &#8211; Voces Del Pueblo (8 parlamentarios)<\/span><br \/>\n<span style=\"color: #000000;\"><strong>9.<\/strong> Per\u00fa Libre (11 parlamentarios)<\/span><br \/>\n<span style=\"color: #000000;\"><strong>10.<\/strong> Podemos Per\u00fa (13 parlamentarios)<\/span><br \/>\n<span style=\"color: #000000;\"><strong>11.<\/strong> Renovaci\u00f3n Popular (11 parlamentarios)<\/span><br \/>\n<span style=\"color: #000000;\"><strong>12.<\/strong> Somos Per\u00fa (9 Parlamentarios).<\/span><\/p>\n<p><a href=\"https:\/\/elinformanteperu.com\/wp-content\/uploads\/2024\/08\/congreso-fachada4.jpg\"><img fetchpriority=\"high\" decoding=\"async\" class=\"size-full wp-image-123843 aligncenter\" src=\"https:\/\/elinformanteperu.com\/wp-content\/uploads\/2024\/08\/congreso-fachada4.jpg\" alt=\"\" width=\"500\" height=\"337\" srcset=\"https:\/\/elinformanteperu.com\/wp-content\/uploads\/2024\/08\/congreso-fachada4.jpg 500w, https:\/\/elinformanteperu.com\/wp-content\/uploads\/2024\/08\/congreso-fachada4-300x202.jpg 300w\" sizes=\"(max-width: 500px) 100vw, 500px\" \/><\/a><\/p>\n","protected":false},"excerpt":{"rendered":"<p>Con ello, se reducen a 12 los grupos parlamentarios en el Legislativo Lima, 18 Julio 2025, (ANDINA).- La bancada Bloque Magisterial de Concertaci\u00f3n Nacional (BMCN) se disolvi\u00f3 en el Congreso de la Rep\u00fablica tras la renuncia de los parlamentarios \u00d3scar Zea, Alex Paredes y Elizabeth Medina, quienes se integraron a la bancada Somos Per\u00fa. Los [&hellip;]<\/p>\n","protected":false},"author":1,"featured_media":140361,"comment_status":"closed","ping_status":"closed","sticky":false,"template":"","format":"standard","meta":{"rop_custom_images_group":[],"rop_custom_messages_group":[],"rop_publish_now":"initial","rop_publish_now_accounts":[],"rop_publish_now_history":[],"rop_publish_now_status":"pending","footnotes":""},"categories":[5],"tags":[8456,192],"class_list":["post-140360","post","type-post","status-publish","format-standard","has-post-thumbnail","hentry","category-actualidad-informativa","tag-bloque-magisterial","tag-congreso"],"_links":{"self":[{"href":"https:\/\/elinformanteperu.com\/index.php\/wp-json\/wp\/v2\/posts\/140360","targetHints":{"allow":["GET"]}}],"collection":[{"href":"https:\/\/elinformanteperu.com\/index.php\/wp-json\/wp\/v2\/posts"}],"about":[{"href":"https:\/\/elinformanteperu.com\/index.php\/wp-json\/wp\/v2\/types\/post"}],"author":[{"embeddable":true,"href":"https:\/\/elinformanteperu.com\/index.php\/wp-json\/wp\/v2\/users\/1"}],"replies":[{"embeddable":true,"href":"https:\/\/elinformanteperu.com\/index.php\/wp-json\/wp\/v2\/comments?post=140360"}],"version-history":[{"count":1,"href":"https:\/\/elinformanteperu.com\/index.php\/wp-json\/wp\/v2\/posts\/140360\/revisions"}],"predecessor-version":[{"id":140362,"href":"https:\/\/elinformanteperu.com\/index.php\/wp-json\/wp\/v2\/posts\/140360\/revisions\/140362"}],"wp:featuredmedia":[{"embeddable":true,"href":"https:\/\/elinformanteperu.com\/index.php\/wp-json\/wp\/v2\/media\/140361"}],"wp:attachment":[{"href":"https:\/\/elinformanteperu.com\/index.php\/wp-json\/wp\/v2\/media?parent=140360"}],"wp:term":[{"taxonomy":"category","embeddable":true,"href":"https:\/\/elinformanteperu.com\/index.php\/wp-json\/wp\/v2\/categories?post=140360"},{"taxonomy":"post_tag","embeddable":true,"href":"https:\/\/elinformanteperu.com\/index.php\/wp-json\/wp\/v2\/tags?post=140360"}],"curies":[{"name":"wp","href":"https:\/\/api.w.org\/{rel}","templated":true}]}}