{"id":140346,"date":"2025-07-20T13:51:07","date_gmt":"2025-07-20T18:51:07","guid":{"rendered":"https:\/\/elinformanteperu.com\/?p=140346"},"modified":"2025-07-20T13:51:07","modified_gmt":"2025-07-20T18:51:07","slug":"censos-2025-con-multitudinario-pasacalle-en-san-luis-se-dio-inicio-a-la-cuenta-regresiva","status":"publish","type":"post","link":"https:\/\/elinformanteperu.com\/index.php\/2025\/07\/20\/censos-2025-con-multitudinario-pasacalle-en-san-luis-se-dio-inicio-a-la-cuenta-regresiva\/","title":{"rendered":"Censos 2025: con multitudinario pasacalle en San Luis se dio inicio a la cuenta regresiva"},"content":{"rendered":"<p><strong><span style=\"color: #000000;\">Actividad se replic\u00f3 de manera simult\u00e1nea en las 26 sedes departamentales y zonales del INEI<\/span><\/strong><\/p>\n<p><span style=\"color: #000000;\"><strong>Lima, 20 Julio 2025, (ANDINA).-<\/strong> Con entusiasmo y compromiso ciudadano, autoridades, funcionarios, trabajadores y vecinos del distrito de San Luis se unieron al gran pasacalle \u201cTodos sumamos Per\u00fa\u201d, organizado por el Instituto Nacional de Estad\u00edstica e Inform\u00e1tica (INEI) como parte de la campa\u00f1a de sensibilizaci\u00f3n rumbo a los Censos Nacionales 2025: XIII de Poblaci\u00f3n, VIII de Vivienda y IV de Comunidades Nativas, inform\u00f3 el ente censal.<\/span><\/p>\n<p><span style=\"color: #000000;\">La colorida jornada arranc\u00f3 en el parque Horacio Pati\u00f1o y recorri\u00f3 las avenidas Circunvalaci\u00f3n, Del Aire, San Juan, Agust\u00edn de la Rosa Toro y el jir\u00f3n Edgar Z\u00fa\u00f1iga, contagiando alegr\u00eda y orgullo a su paso.<\/span><\/p>\n<p><span style=\"color: #000000;\">El evento convoc\u00f3 a cientos de personas que, al ritmo de bandas musicales y danzas t\u00edpicas de diversas regiones del pa\u00eds, difundieron con energ\u00eda el mensaje censal: \u201cTodos sumamos Per\u00fa\u201d.<\/span><\/p>\n<p><span style=\"color: #000000;\">Encabezaron el desfile el jefe del INEI, Gaspar Mor\u00e1n Flores, y el viceministro de Interculturalidad del Ministerio de Cultura, Percy Barranzuela Bombilla, junto a representantes de instituciones p\u00fablicas, privadas y la sociedad civil, quienes reafirmaron su compromiso con el \u00e9xito de esta operaci\u00f3n estad\u00edstica de alcance nacional.<\/span><\/p>\n<p><span style=\"color: #000000;\">Durante su intervenci\u00f3n, el titular del INEI destac\u00f3 que los censos son la actividad estad\u00edstica m\u00e1s importante del pa\u00eds, pues permiten recopilar informaci\u00f3n clave sobre la poblaci\u00f3n y las viviendas en cada rinc\u00f3n del territorio nacional.<\/span><\/p>\n<p><span style=\"color: #000000;\">Asimismo, record\u00f3 que la informaci\u00f3n recolectada ser\u00e1 fundamental para dise\u00f1ar pol\u00edticas p\u00fablicas que mejoren la calidad de vida de todos los peruanos. Por ello, hizo un llamado a abrir las puertas a los censistas desde el 4 de agosto, fecha en que se dar\u00e1 inicio a la jornada censal en todo el pa\u00eds.<\/span><\/p>\n<p><a href=\"https:\/\/elinformanteperu.com\/wp-content\/uploads\/2025\/07\/censos-2025-caminata1.jpg\"><img fetchpriority=\"high\" decoding=\"async\" class=\"size-large wp-image-140348 aligncenter\" src=\"https:\/\/elinformanteperu.com\/wp-content\/uploads\/2025\/07\/censos-2025-caminata1-1024x683.jpg\" alt=\"\" width=\"615\" height=\"410\" srcset=\"https:\/\/elinformanteperu.com\/wp-content\/uploads\/2025\/07\/censos-2025-caminata1-1024x683.jpg 1024w, https:\/\/elinformanteperu.com\/wp-content\/uploads\/2025\/07\/censos-2025-caminata1-300x200.jpg 300w, https:\/\/elinformanteperu.com\/wp-content\/uploads\/2025\/07\/censos-2025-caminata1-768x512.jpg 768w, https:\/\/elinformanteperu.com\/wp-content\/uploads\/2025\/07\/censos-2025-caminata1-1536x1024.jpg 1536w, https:\/\/elinformanteperu.com\/wp-content\/uploads\/2025\/07\/censos-2025-caminata1.jpg 1800w\" sizes=\"(max-width: 615px) 100vw, 615px\" \/><\/a><strong><span style=\"color: #000000;\">Nueva radiograf\u00eda del Per\u00fa<\/span><\/strong><\/p>\n<p><span style=\"color: #000000;\">Los Censos Nacionales 2025 permitir\u00e1n conocer la realidad actual del pa\u00eds tras los efectos de la pandemia por la covid-19, el aumento de la migraci\u00f3n internacional y el crecimiento urbano vertical. Esta informaci\u00f3n ser\u00e1 esencial para entender los cambios demogr\u00e1ficos, sociales y econ\u00f3micos que vive el Per\u00fa.<\/span><\/p>\n<p><span style=\"color: #000000;\">El pasacalle se replic\u00f3 de manera simult\u00e1nea en las 26 sedes departamentales y zonales del INEI, donde colaboradores de la instituci\u00f3n desfilaron con orgullo y creatividad, mostrando el talento regional y promoviendo la participaci\u00f3n de la ciudadan\u00eda en los censos.<\/span><\/p>\n<p><span style=\"color: #000000;\">El INEI reafirma su compromiso de acercarse a la poblaci\u00f3n e invita a todos y todas a ser parte de un esfuerzo colectivo que nos permitir\u00e1 construir un Per\u00fa con datos, con futuro y para todos.<\/span><\/p>\n","protected":false},"excerpt":{"rendered":"<p>Actividad se replic\u00f3 de manera simult\u00e1nea en las 26 sedes departamentales y zonales del INEI Lima, 20 Julio 2025, (ANDINA).- Con entusiasmo y compromiso ciudadano, autoridades, funcionarios, trabajadores y vecinos del distrito de San Luis se unieron al gran pasacalle \u201cTodos sumamos Per\u00fa\u201d, organizado por el Instituto Nacional de Estad\u00edstica e Inform\u00e1tica (INEI) como parte [&hellip;]<\/p>\n","protected":false},"author":1,"featured_media":140347,"comment_status":"closed","ping_status":"closed","sticky":false,"template":"","format":"standard","meta":{"rop_custom_images_group":[],"rop_custom_messages_group":[],"rop_publish_now":"initial","rop_publish_now_accounts":[],"rop_publish_now_history":[],"rop_publish_now_status":"pending","footnotes":""},"categories":[10],"tags":[8473],"class_list":["post-140346","post","type-post","status-publish","format-standard","has-post-thumbnail","hentry","category-actualidad-municipal","tag-censo-2025"],"_links":{"self":[{"href":"https:\/\/elinformanteperu.com\/index.php\/wp-json\/wp\/v2\/posts\/140346","targetHints":{"allow":["GET"]}}],"collection":[{"href":"https:\/\/elinformanteperu.com\/index.php\/wp-json\/wp\/v2\/posts"}],"about":[{"href":"https:\/\/elinformanteperu.com\/index.php\/wp-json\/wp\/v2\/types\/post"}],"author":[{"embeddable":true,"href":"https:\/\/elinformanteperu.com\/index.php\/wp-json\/wp\/v2\/users\/1"}],"replies":[{"embeddable":true,"href":"https:\/\/elinformanteperu.com\/index.php\/wp-json\/wp\/v2\/comments?post=140346"}],"version-history":[{"count":1,"href":"https:\/\/elinformanteperu.com\/index.php\/wp-json\/wp\/v2\/posts\/140346\/revisions"}],"predecessor-version":[{"id":140349,"href":"https:\/\/elinformanteperu.com\/index.php\/wp-json\/wp\/v2\/posts\/140346\/revisions\/140349"}],"wp:featuredmedia":[{"embeddable":true,"href":"https:\/\/elinformanteperu.com\/index.php\/wp-json\/wp\/v2\/media\/140347"}],"wp:attachment":[{"href":"https:\/\/elinformanteperu.com\/index.php\/wp-json\/wp\/v2\/media?parent=140346"}],"wp:term":[{"taxonomy":"category","embeddable":true,"href":"https:\/\/elinformanteperu.com\/index.php\/wp-json\/wp\/v2\/categories?post=140346"},{"taxonomy":"post_tag","embeddable":true,"href":"https:\/\/elinformanteperu.com\/index.php\/wp-json\/wp\/v2\/tags?post=140346"}],"curies":[{"name":"wp","href":"https:\/\/api.w.org\/{rel}","templated":true}]}}