{"id":140342,"date":"2025-07-20T13:39:43","date_gmt":"2025-07-20T18:39:43","guid":{"rendered":"https:\/\/elinformanteperu.com\/?p=140342"},"modified":"2025-07-20T13:40:05","modified_gmt":"2025-07-20T18:40:05","slug":"neumonia-que-hacer-para-prevenirla-y-cuando-preocuparse","status":"publish","type":"post","link":"https:\/\/elinformanteperu.com\/index.php\/2025\/07\/20\/neumonia-que-hacer-para-prevenirla-y-cuando-preocuparse\/","title":{"rendered":"Neumon\u00eda: qu\u00e9 hacer para prevenirla y cu\u00e1ndo preocuparse"},"content":{"rendered":"<p><strong><span style=\"color: #000000;\">Especialista del Minsa advierte que actuar a tiempo puede evitar complicaciones en infecciones respiratorias<\/span><\/strong><\/p>\n<p><span style=\"color: #000000;\"><strong>Lima, 20 Julio 2025, (ANDINA).-<\/strong> Entre las principales preocupaciones de los padres de ni\u00f1os menores de cinco a\u00f1os -y especialmente de los que a\u00fan no cumplen un a\u00f1o- destacan las infecciones respiratorias agudas, que en muchos casos derivan en bronquiolitis y, en el peor de los escenarios, en neumon\u00eda grave. Lo mismo ocurre en adultos mayores de 60 a\u00f1os. Sin embargo, es prevenible.<\/span><\/p>\n<p><span style=\"color: #000000;\">Las infecciones respiratorias agudas se producen generalmente por contagios y generalmente se complican por descuido o falta de observaci\u00f3n o desconocimiento de signos de alerta.<\/span><\/p>\n<p><span style=\"color: #000000;\">\u00abLos m\u00e1s expuestos son los ni\u00f1os menores de cinco a\u00f1os y, sobre todo, los de menos de un a\u00f1o, quienes deben tener toda la atenci\u00f3n de los padres, primero para evitar la contaminaci\u00f3n directa y, si ocurre, que se agrave\u00bb, alerta el doctor C\u00e9sar Munayco Escate, director del Centro de Epidemiolog\u00eda, Prevenci\u00f3n y Control de Enfermedades del Ministerio de Salud (Minsa).<\/span><\/p>\n<p><span style=\"color: #000000;\">En este grupo vulnerable tambi\u00e9n se encuentran los adultos mayores de 60 a\u00f1os, quienes, seg\u00fan estudios del Minsa, incrementaron en 13.86 % los casos de neumon\u00eda en comparaci\u00f3n con el mismo per\u00edodo del 2024. Cifras del mismo organismo revelaron que los episodios de esta enfermedad se incrementaron en 28.86 % en menores de cinco a\u00f1os, con relaci\u00f3n al a\u00f1o anterior.<\/span><\/p>\n<p><span style=\"color: #000000;\">El relajamiento en las medidas de precauci\u00f3n, que se extremaron durante la pandemia del Covid 19, es una de las causas de este aumento, sobre todo, en los casos graves. \u00abLa gente se ha olvidado de usar mascarillas y de lavarse las manos constantemente, m\u00e1s a\u00fan cuando se tienen s\u00edntomas de resfr\u00edo o infecci\u00f3n respiratoria\u00bb, se\u00f1ala Munayco.<\/span><\/p>\n<p><span style=\"color: #000000;\">Si bien la prevenci\u00f3n se considera la principal arma para combatir las enfermedades que se incrementan en temporadas de bajas temperaturas, \u00abes imprescindible tener buenas pr\u00e1cticas de salubridad en casa y estar muy atentos a cambios a las reacciones en los peque\u00f1os principalmente\u00bb.<\/span><\/p>\n<p><strong><span style=\"color: #000000;\">\u00bfPero qu\u00e9 signos pueden encender las alertas de padres y cuidadores?<\/span><\/strong><\/p>\n<p><span style=\"color: #000000;\">&#8211; Respiraci\u00f3n r\u00e1pida o agitada<\/span><br \/>\n<span style=\"color: #000000;\">&#8211; Hundimiento del abdomen en la zona de las costillas al respirar<\/span><br \/>\n<span style=\"color: #000000;\">&#8211; Coloraci\u00f3n morada o azul en el ni\u00f1o<\/span><\/p>\n<p><span style=\"color: #000000;\">\u00abPor cualquiera de estos signos se debe acudir inmediatamente al m\u00e9dico. Muchos padres llegan al centro asistencial cuando ya los s\u00edntomas se han agravado y por eso los desenlaces pueden ser tr\u00e1gicos\u00bb, advierte el doctor Munayco. Con respecto a los adultos mayores recalc\u00f3 que actuar con rapidez ante fiebre alta y molestias en la respiraci\u00f3n \u00absalvan vidas\u00bb.<\/span><\/p>\n<p><span style=\"color: #000000;\">La vuelta de virus y bacterias que estuvieron atenuadas durante la pandemia deben tener a todos en alerta. \u00abEl cambio de clima asociado al retorno a &#8216;la normalidad&#8217;, donde las aglomeraciones, el mayor contacto entre las personas y, por qu\u00e9 no decirlo, los h\u00e1bitos no saludables influyeron a que se potencien y por eso hay que tener cuidado\u00bb, advierte.<\/span><\/p>\n<p><a href=\"https:\/\/elinformanteperu.com\/wp-content\/uploads\/2025\/07\/neumonia-minsa1.jpg\"><img fetchpriority=\"high\" decoding=\"async\" class=\"size-large wp-image-140344 aligncenter\" src=\"https:\/\/elinformanteperu.com\/wp-content\/uploads\/2025\/07\/neumonia-minsa1-1024x783.jpg\" alt=\"\" width=\"615\" height=\"470\" srcset=\"https:\/\/elinformanteperu.com\/wp-content\/uploads\/2025\/07\/neumonia-minsa1-1024x783.jpg 1024w, https:\/\/elinformanteperu.com\/wp-content\/uploads\/2025\/07\/neumonia-minsa1-300x230.jpg 300w, https:\/\/elinformanteperu.com\/wp-content\/uploads\/2025\/07\/neumonia-minsa1-768x588.jpg 768w, https:\/\/elinformanteperu.com\/wp-content\/uploads\/2025\/07\/neumonia-minsa1-1536x1175.jpg 1536w, https:\/\/elinformanteperu.com\/wp-content\/uploads\/2025\/07\/neumonia-minsa1.jpg 1800w\" sizes=\"(max-width: 615px) 100vw, 615px\" \/><\/a><strong><span style=\"color: #000000;\">\u00bfCu\u00e1les son esos virus y c\u00f3mo act\u00faan?<\/span><\/strong><\/p>\n<p><span style=\"color: #000000;\">En menores, el virus que m\u00e1s est\u00e1 atacando es el virus sincitial respiratorio, que provoca las llamadas bronquiolitis, o sea la inflamaci\u00f3n de los bronquios. \u00abEs identificable por un ronquido en el pecho al inicio y luego con una especie de silbido en la misma zona. Tambi\u00e9n hay mucha presencia de neumococo, que genera neumon\u00eda y tiene mayor incidencia en los adultos mayores, al igual que la influenza A y la H1N1\u00bb, argumenta el especialista.<\/span><\/p>\n<p><span style=\"color: #000000;\">Los cuadros m\u00e1s severos pueden llegar a la obstrucci\u00f3n bronquial y\/o la inflamaci\u00f3n severa de los pulmones, lo cual puede desencadenar en la muerte si no se detectan a tiempo.<\/span><\/p>\n<p><strong><span style=\"color: #000000;\">Vacunas a la mano y no se aprovechan<\/span><\/strong><\/p>\n<p><span style=\"color: #000000;\">Para el doctor Munayco Escate es imprescindible que, adem\u00e1s de las campa\u00f1as de prevenci\u00f3n y cuidados que est\u00e1 desarrollando el Minsa en todo el pa\u00eds, los peruanos tomen conciencia que las vacunas est\u00e1n a su disposici\u00f3n en cualquier centro de salud y que es responsabilidad de los padres y cuidadores que los grupos vulnerables accedan a ellas.<\/span><\/p>\n<p><span style=\"color: #000000;\">\u00abHay en stock 2 millones de vacunas contra neumococo y 8 millones de dosis contra influenza. Est\u00e1n a disposici\u00f3n de los adultos mayores en todos los centros de salud\u00bb, resalta a la vez de invocar a los padres de familia a <\/span><span style=\"color: #000000;\">cumplir con el cronograma de vacunaci\u00f3n infantil e incorporar h\u00e1bitos saludables en su quehacer diario.<\/span><\/p>\n<p><span style=\"color: #000000;\">\u00abAl menor s\u00edntoma de resfr\u00edo o molestias en las v\u00edas respiratorias usar mascarilla. Lavarse las manos constantemente y ventilar los cuartos son costumbres importantes en la prevenci\u00f3n de contagios al ni\u00f1o. Aunque el fr\u00edo obligue a abrigarse, al menos un espacio se tiene que dejar para que el aire circule y los microorganismos no encuentren donde quedarse\u00bb, concluye.<\/span><\/p>\n","protected":false},"excerpt":{"rendered":"<p>Especialista del Minsa advierte que actuar a tiempo puede evitar complicaciones en infecciones respiratorias Lima, 20 Julio 2025, (ANDINA).- Entre las principales preocupaciones de los padres de ni\u00f1os menores de cinco a\u00f1os -y especialmente de los que a\u00fan no cumplen un a\u00f1o- destacan las infecciones respiratorias agudas, que en muchos casos derivan en bronquiolitis y, [&hellip;]<\/p>\n","protected":false},"author":1,"featured_media":140343,"comment_status":"closed","ping_status":"closed","sticky":false,"template":"","format":"standard","meta":{"rop_custom_images_group":[],"rop_custom_messages_group":[],"rop_publish_now":"initial","rop_publish_now_accounts":[],"rop_publish_now_history":[],"rop_publish_now_status":"pending","footnotes":""},"categories":[10,5746,21],"tags":[388,431,5938],"class_list":["post-140342","post","type-post","status-publish","format-standard","has-post-thumbnail","hentry","category-actualidad-municipal","category-foto-noticias","category-orientacion","tag-ministerio-de-salud","tag-minsa","tag-neumonia"],"_links":{"self":[{"href":"https:\/\/elinformanteperu.com\/index.php\/wp-json\/wp\/v2\/posts\/140342","targetHints":{"allow":["GET"]}}],"collection":[{"href":"https:\/\/elinformanteperu.com\/index.php\/wp-json\/wp\/v2\/posts"}],"about":[{"href":"https:\/\/elinformanteperu.com\/index.php\/wp-json\/wp\/v2\/types\/post"}],"author":[{"embeddable":true,"href":"https:\/\/elinformanteperu.com\/index.php\/wp-json\/wp\/v2\/users\/1"}],"replies":[{"embeddable":true,"href":"https:\/\/elinformanteperu.com\/index.php\/wp-json\/wp\/v2\/comments?post=140342"}],"version-history":[{"count":1,"href":"https:\/\/elinformanteperu.com\/index.php\/wp-json\/wp\/v2\/posts\/140342\/revisions"}],"predecessor-version":[{"id":140345,"href":"https:\/\/elinformanteperu.com\/index.php\/wp-json\/wp\/v2\/posts\/140342\/revisions\/140345"}],"wp:featuredmedia":[{"embeddable":true,"href":"https:\/\/elinformanteperu.com\/index.php\/wp-json\/wp\/v2\/media\/140343"}],"wp:attachment":[{"href":"https:\/\/elinformanteperu.com\/index.php\/wp-json\/wp\/v2\/media?parent=140342"}],"wp:term":[{"taxonomy":"category","embeddable":true,"href":"https:\/\/elinformanteperu.com\/index.php\/wp-json\/wp\/v2\/categories?post=140342"},{"taxonomy":"post_tag","embeddable":true,"href":"https:\/\/elinformanteperu.com\/index.php\/wp-json\/wp\/v2\/tags?post=140342"}],"curies":[{"name":"wp","href":"https:\/\/api.w.org\/{rel}","templated":true}]}}