{"id":140152,"date":"2025-07-17T22:23:26","date_gmt":"2025-07-18T03:23:26","guid":{"rendered":"https:\/\/elinformanteperu.com\/?p=140152"},"modified":"2025-07-17T22:26:50","modified_gmt":"2025-07-18T03:26:50","slug":"fil-lima-2025-autora-mexicana-america-rodas-presenta-su-libro-una-maldita-confusion","status":"publish","type":"post","link":"https:\/\/elinformanteperu.com\/index.php\/2025\/07\/17\/fil-lima-2025-autora-mexicana-america-rodas-presenta-su-libro-una-maldita-confusion\/","title":{"rendered":"FIL Lima 2025: Autora mexicana Am\u00e9rica Rodas presenta su libro \u00abUna maldita confusi\u00f3n\u00bb"},"content":{"rendered":"<p><strong><span style=\"color: #000000;\">Una historia de deseo, errores y v\u00ednculos que se cruzan donde menos se esperan.<\/span><\/strong><\/p>\n<p><span style=\"color: #000000;\"><strong>Lima, 17 Julio 2025, (El Informante Per\u00fa).-<\/strong> La escritora mexicana Am\u00e9rica Rodas presentar\u00e1 su m\u00e1s reciente novela, Una maldita confusi\u00f3n, este s\u00e1bado 19 de julio a las 7:00 p.m. en el auditorio C\u00e9sar Vallejo de la Feria Internacional del Libro de Lima, gracias a la editorial Kokoro Books y la librer\u00eda Crisol.<\/span><\/p>\n<p><span style=\"color: #000000;\">El libro, clasificado como romance juvenil y romance LGBT, narra la historia de Jean, un joven al borde del colapso por la presi\u00f3n familiar y acad\u00e9mica. En una noche de fiesta, intenta confesar sus sentimientos a Olivia, la chica que le gusta, pero termina enviando el mensaje por error a Oliver, su mejor amigo de la infancia.<\/span><\/p>\n<p><a href=\"https:\/\/elinformanteperu.com\/wp-content\/uploads\/2025\/07\/fil-una-maldita-confusion-america-rodas2.jpg\"><img fetchpriority=\"high\" decoding=\"async\" class=\"wp-image-140157 aligncenter\" src=\"https:\/\/elinformanteperu.com\/wp-content\/uploads\/2025\/07\/fil-una-maldita-confusion-america-rodas2-1024x1019.jpg\" alt=\"\" width=\"407\" height=\"405\" srcset=\"https:\/\/elinformanteperu.com\/wp-content\/uploads\/2025\/07\/fil-una-maldita-confusion-america-rodas2-1024x1019.jpg 1024w, https:\/\/elinformanteperu.com\/wp-content\/uploads\/2025\/07\/fil-una-maldita-confusion-america-rodas2-300x300.jpg 300w, https:\/\/elinformanteperu.com\/wp-content\/uploads\/2025\/07\/fil-una-maldita-confusion-america-rodas2-150x150.jpg 150w, https:\/\/elinformanteperu.com\/wp-content\/uploads\/2025\/07\/fil-una-maldita-confusion-america-rodas2-768x764.jpg 768w, https:\/\/elinformanteperu.com\/wp-content\/uploads\/2025\/07\/fil-una-maldita-confusion-america-rodas2-60x60.jpg 60w, https:\/\/elinformanteperu.com\/wp-content\/uploads\/2025\/07\/fil-una-maldita-confusion-america-rodas2-50x50.jpg 50w, https:\/\/elinformanteperu.com\/wp-content\/uploads\/2025\/07\/fil-una-maldita-confusion-america-rodas2.jpg 1079w\" sizes=\"(max-width: 407px) 100vw, 407px\" \/><\/a><span style=\"color: #000000;\">Ese desliz da inicio a un inesperado acuerdo: ser amigos con derechos. Lo que comienza como una salida temporal a sus responsabilidades se transforma en una relaci\u00f3n compleja, marcada por emociones que ninguno de los dos sabe manejar.<\/span><\/p>\n<p><span style=\"color: #000000;\">Am\u00e9rica Rodas, autora reconocida en plataformas juveniles por sus historias diversas e inclusivas, llega por primera vez a Lima para presentar este t\u00edtulo, que ya est\u00e1 disponible en la feria a un precio de S\/. 109.<\/span><\/p>\n<p><a href=\"https:\/\/elinformanteperu.com\/wp-content\/uploads\/2025\/07\/fil-una-maldita-confusion-america-rodas1.jpg\"><img decoding=\"async\" class=\" wp-image-140154 aligncenter\" src=\"https:\/\/elinformanteperu.com\/wp-content\/uploads\/2025\/07\/fil-una-maldita-confusion-america-rodas1-1024x1024.jpg\" alt=\"\" width=\"384\" height=\"384\" srcset=\"https:\/\/elinformanteperu.com\/wp-content\/uploads\/2025\/07\/fil-una-maldita-confusion-america-rodas1-1024x1024.jpg 1024w, https:\/\/elinformanteperu.com\/wp-content\/uploads\/2025\/07\/fil-una-maldita-confusion-america-rodas1-300x300.jpg 300w, https:\/\/elinformanteperu.com\/wp-content\/uploads\/2025\/07\/fil-una-maldita-confusion-america-rodas1-150x150.jpg 150w, https:\/\/elinformanteperu.com\/wp-content\/uploads\/2025\/07\/fil-una-maldita-confusion-america-rodas1-768x768.jpg 768w, https:\/\/elinformanteperu.com\/wp-content\/uploads\/2025\/07\/fil-una-maldita-confusion-america-rodas1-60x60.jpg 60w, https:\/\/elinformanteperu.com\/wp-content\/uploads\/2025\/07\/fil-una-maldita-confusion-america-rodas1-50x50.jpg 50w, https:\/\/elinformanteperu.com\/wp-content\/uploads\/2025\/07\/fil-una-maldita-confusion-america-rodas1.jpg 1280w\" sizes=\"(max-width: 384px) 100vw, 384px\" \/><\/a><\/p>\n","protected":false},"excerpt":{"rendered":"<p>Una historia de deseo, errores y v\u00ednculos que se cruzan donde menos se esperan. Lima, 17 Julio 2025, (El Informante Per\u00fa).- La escritora mexicana Am\u00e9rica Rodas presentar\u00e1 su m\u00e1s reciente novela, Una maldita confusi\u00f3n, este s\u00e1bado 19 de julio a las 7:00 p.m. en el auditorio C\u00e9sar Vallejo de la Feria Internacional del Libro de [&hellip;]<\/p>\n","protected":false},"author":1,"featured_media":140153,"comment_status":"closed","ping_status":"closed","sticky":false,"template":"","format":"standard","meta":{"rop_custom_images_group":[],"rop_custom_messages_group":[],"rop_publish_now":"initial","rop_publish_now_accounts":[],"rop_publish_now_history":[],"rop_publish_now_status":"pending","footnotes":""},"categories":[10,20],"tags":[8471],"class_list":["post-140152","post","type-post","status-publish","format-standard","has-post-thumbnail","hentry","category-actualidad-municipal","category-eventos","tag-fil-2025"],"_links":{"self":[{"href":"https:\/\/elinformanteperu.com\/index.php\/wp-json\/wp\/v2\/posts\/140152","targetHints":{"allow":["GET"]}}],"collection":[{"href":"https:\/\/elinformanteperu.com\/index.php\/wp-json\/wp\/v2\/posts"}],"about":[{"href":"https:\/\/elinformanteperu.com\/index.php\/wp-json\/wp\/v2\/types\/post"}],"author":[{"embeddable":true,"href":"https:\/\/elinformanteperu.com\/index.php\/wp-json\/wp\/v2\/users\/1"}],"replies":[{"embeddable":true,"href":"https:\/\/elinformanteperu.com\/index.php\/wp-json\/wp\/v2\/comments?post=140152"}],"version-history":[{"count":3,"href":"https:\/\/elinformanteperu.com\/index.php\/wp-json\/wp\/v2\/posts\/140152\/revisions"}],"predecessor-version":[{"id":140158,"href":"https:\/\/elinformanteperu.com\/index.php\/wp-json\/wp\/v2\/posts\/140152\/revisions\/140158"}],"wp:featuredmedia":[{"embeddable":true,"href":"https:\/\/elinformanteperu.com\/index.php\/wp-json\/wp\/v2\/media\/140153"}],"wp:attachment":[{"href":"https:\/\/elinformanteperu.com\/index.php\/wp-json\/wp\/v2\/media?parent=140152"}],"wp:term":[{"taxonomy":"category","embeddable":true,"href":"https:\/\/elinformanteperu.com\/index.php\/wp-json\/wp\/v2\/categories?post=140152"},{"taxonomy":"post_tag","embeddable":true,"href":"https:\/\/elinformanteperu.com\/index.php\/wp-json\/wp\/v2\/tags?post=140152"}],"curies":[{"name":"wp","href":"https:\/\/api.w.org\/{rel}","templated":true}]}}