{"id":14015,"date":"2017-08-06T01:17:57","date_gmt":"2017-08-06T06:17:57","guid":{"rendered":"http:\/\/elinformanteperu.com\/?p=14015"},"modified":"2017-08-06T01:17:57","modified_gmt":"2017-08-06T06:17:57","slug":"pilar-nores-confirma-que-odebrecht-aporto-us-35000-a-su-ong","status":"publish","type":"post","link":"https:\/\/elinformanteperu.com\/index.php\/2017\/08\/06\/pilar-nores-confirma-que-odebrecht-aporto-us-35000-a-su-ong\/","title":{"rendered":"Pilar Nores confirma que Odebrecht aport\u00f3 US$ 35,000 a su ONG"},"content":{"rendered":"<p><strong><span style=\"color: #000000;\">La exprimera dama, Pilar Nores, confirm\u00f3 que la empresa brasile\u00f1a Odebrecht entreg\u00f3 35,000 d\u00f3lares, entre los a\u00f1os 2006 y 2010 a la ONG que ella encabeza.<\/span><\/strong><\/p>\n<p><span style=\"color: #000000;\"><strong>Lima, 05 Agosto 2017, (ANDINA).-<\/strong> La exprimera dama, Pilar Nores, confirm\u00f3 que la empresa brasile\u00f1a Odebrecht entreg\u00f3 35,000 d\u00f3lares, entre los a\u00f1os 2006 y 2010, al Instituto Trabajo y Familia, organismo no gubernamental (ONG) que ella encabeza.<\/span><\/p>\n<p><span style=\"color: #000000;\">Seg\u00fan explic\u00f3 en RPP, el primer aporte fue un cheque por 20,000 d\u00f3lares recibido en 2006, durante una colecta p\u00fablica \u201cfrente a las c\u00e1maras y con su certificado de desgravaci\u00f3n de impuestos\u201d.<\/span><\/p>\n<p><span style=\"color: #000000;\">Luego, en el a\u00f1o 2010, dijo que la firma brasile\u00f1a hizo entrega de tres cheques por 5,000 d\u00f3lares cada uno. <\/span><\/p>\n<p><span style=\"color: #000000;\">\u201cEn total, de 30 millones de d\u00f3lares ejecutados en diez a\u00f1os por el Instituto Trabajo y Familia, Odebrecht aport\u00f3 35,000 d\u00f3lares, el 0.1% de los aportes. No podr\u00eda decir que ha financiado la construcci\u00f3n de cocinas ni mucho menos\u201d, se\u00f1al\u00f3.<\/span><\/p>\n<p><span style=\"color: #000000;\">Para Nores, el aporte de Odebrecht \u201cha sido rid\u00edculo y hasta vergonzoso, casi ofensivo\u201d.<\/span><\/p>\n<p><span style=\"color: #000000;\">\u201cNo es un mill\u00f3n y medio de d\u00f3lares en efectivo ni 20 millones en cuentas offshore. Son 35,000 d\u00f3lares en cheques bancarizados, con certificado de desgravaci\u00f3n e impuestos emitidos\u201d, manifest\u00f3 la exprimera dama. <\/span><\/p>\n<p><span style=\"color: #000000;\">Respecto a sus propiedades, refiri\u00f3 que la \u00fanica que pose\u00eda era una casa en Chacarilla que en diciembre de 2011 entrega a una constructora para que construya un edificio a cambio de que le otorguen all\u00ed tres departamentos, siete cocheras y tres dep\u00f3sitos.<\/span><\/p>\n<p><span style=\"color: #000000;\">En la v\u00edspera, un reportaje de la revista Hildebrandt en sus 13 dio cuenta de que la firma Odebrecht hizo aportes al Instituto Trabajo y Familia, de Pilar Nores.<\/span><\/p>\n<p><iframe src=\"https:\/\/www.youtube-nocookie.com\/embed\/d0MNfbUIdAY?rel=0&amp;controls=0&amp;showinfo=0\" width=\"560\" height=\"315\" frameborder=\"0\" allowfullscreen=\"allowfullscreen\"><\/iframe><\/p>\n","protected":false},"excerpt":{"rendered":"<p>La exprimera dama, Pilar Nores, confirm\u00f3 que la empresa brasile\u00f1a Odebrecht entreg\u00f3 35,000 d\u00f3lares, entre los a\u00f1os 2006 y 2010 a la ONG que ella encabeza. Lima, 05 Agosto 2017, (ANDINA).- La exprimera dama, Pilar Nores, confirm\u00f3 que la empresa brasile\u00f1a Odebrecht entreg\u00f3 35,000 d\u00f3lares, entre los a\u00f1os 2006 y 2010, al Instituto Trabajo y [&hellip;]<\/p>\n","protected":false},"author":1,"featured_media":14016,"comment_status":"open","ping_status":"open","sticky":false,"template":"","format":"standard","meta":{"rop_custom_images_group":[],"rop_custom_messages_group":[],"rop_publish_now":"initial","rop_publish_now_accounts":[],"rop_publish_now_history":[],"rop_publish_now_status":"pending","footnotes":""},"categories":[5],"tags":[854,619,1976],"class_list":["post-14015","post","type-post","status-publish","format-standard","has-post-thumbnail","hentry","category-actualidad-informativa","tag-alan-garcia","tag-odebrecht","tag-pilar-nores"],"_links":{"self":[{"href":"https:\/\/elinformanteperu.com\/index.php\/wp-json\/wp\/v2\/posts\/14015","targetHints":{"allow":["GET"]}}],"collection":[{"href":"https:\/\/elinformanteperu.com\/index.php\/wp-json\/wp\/v2\/posts"}],"about":[{"href":"https:\/\/elinformanteperu.com\/index.php\/wp-json\/wp\/v2\/types\/post"}],"author":[{"embeddable":true,"href":"https:\/\/elinformanteperu.com\/index.php\/wp-json\/wp\/v2\/users\/1"}],"replies":[{"embeddable":true,"href":"https:\/\/elinformanteperu.com\/index.php\/wp-json\/wp\/v2\/comments?post=14015"}],"version-history":[{"count":1,"href":"https:\/\/elinformanteperu.com\/index.php\/wp-json\/wp\/v2\/posts\/14015\/revisions"}],"predecessor-version":[{"id":14017,"href":"https:\/\/elinformanteperu.com\/index.php\/wp-json\/wp\/v2\/posts\/14015\/revisions\/14017"}],"wp:featuredmedia":[{"embeddable":true,"href":"https:\/\/elinformanteperu.com\/index.php\/wp-json\/wp\/v2\/media\/14016"}],"wp:attachment":[{"href":"https:\/\/elinformanteperu.com\/index.php\/wp-json\/wp\/v2\/media?parent=14015"}],"wp:term":[{"taxonomy":"category","embeddable":true,"href":"https:\/\/elinformanteperu.com\/index.php\/wp-json\/wp\/v2\/categories?post=14015"},{"taxonomy":"post_tag","embeddable":true,"href":"https:\/\/elinformanteperu.com\/index.php\/wp-json\/wp\/v2\/tags?post=14015"}],"curies":[{"name":"wp","href":"https:\/\/api.w.org\/{rel}","templated":true}]}}