{"id":14009,"date":"2017-08-06T01:05:40","date_gmt":"2017-08-06T06:05:40","guid":{"rendered":"http:\/\/elinformanteperu.com\/?p=14009"},"modified":"2017-08-06T01:05:40","modified_gmt":"2017-08-06T06:05:40","slug":"ollanta-humala-comision-lava-jato-fijara-fecha-para-interrogarlo","status":"publish","type":"post","link":"https:\/\/elinformanteperu.com\/index.php\/2017\/08\/06\/ollanta-humala-comision-lava-jato-fijara-fecha-para-interrogarlo\/","title":{"rendered":"Ollanta Humala: comisi\u00f3n Lava Jato fijar\u00e1 fecha para interrogarlo"},"content":{"rendered":"<p><strong><span style=\"color: #000000;\">La comisi\u00f3n Lava Jato del Congreso definir\u00e1 la fecha para interrogar al expresidente Ollanta Humala Tasso, conforme avancen sus investigaciones.<\/span><\/strong><\/p>\n<p><span style=\"color: #000000;\"><strong>Lima, 05 Agosto 2017, (ANDINA).-<\/strong> La comisi\u00f3n Lava Jato del Congreso de la Rep\u00fablica definir\u00e1 la fecha para interrogar al expresidente Ollanta Humala Tasso, conforme avancen sus investigaciones, indic\u00f3 la titular de este grupo de trabajo, Rosa Mar\u00eda Bartra.<\/span><\/p>\n<p><span style=\"color: #000000;\">Estim\u00f3 que la fecha para recoger su testimonial ser\u00eda este mes o en setiembre.<\/span><\/p>\n<p><span style=\"color: #000000;\">\u201cEst\u00e1 para fijarse la fecha. Hemos tenido ac\u00e1 a la se\u00f1ora (Nadine) Heredia. Estamos recibiendo a los funcionarios que tuvieron que ver con los procesos de contrataciones de las megaobras p\u00fablicas a cargo de consorcios brasile\u00f1os\u201d, precis\u00f3.<\/span><\/p>\n<p><span style=\"color: #000000;\">Las investigaciones de esta comisi\u00f3n, sostuvo, parten de la base para llegar a la c\u00faspide. En ese momento se tomar\u00e1 la declaraci\u00f3n del exmandatario, que continuar\u00e1 con prisi\u00f3n preventiva de acuerdo con una resoluci\u00f3n del Poder Judicial.<\/span><\/p>\n<p><span style=\"color: #000000;\">Este grupo de trabajo investiga los presuntos pagos de sobornos de determinadas empresas brasile\u00f1as a cambio de contratos y concesiones con el Estado. Entre los proyectos que se indaga se encuentra el Gasoducto Sur Peruano, concesionado en la gesti\u00f3n de Humala.<\/span><\/p>\n<p><strong><span style=\"color: #000000;\">Zavala se presenta el lunes<\/span><\/strong><\/p>\n<p><span style=\"color: #000000;\">La congresista Rosa Bartra, asimismo, confirm\u00f3 que el pr\u00f3ximo lunes 7 se presentar\u00e1 el presidente del Consejo de Ministros, Fernando Zavala, ante esta comisi\u00f3n.<\/span><\/p>\n<p><span style=\"color: #000000;\">Se presentar\u00e1 tambi\u00e9n Julia Pr\u00edncipe, la expresidenta del Consejo de Defensa Jur\u00eddica del Estado, a quien se le retir\u00f3 la confianza junto a la exprocuradora del caso Odebrecht, Katherine Ampuero.<\/span><\/p>\n<p><span style=\"color: #000000;\">La comisi\u00f3n Lava Jato escuch\u00f3 hoy a Norman Zegarra Ruffner y Juan Hidalgo Alleman, exfuncionarios de ProInversi\u00f3n, que explicaron su participaci\u00f3n como integrantes de un comit\u00e9 de evaluaci\u00f3n del Gasoducto Sur Peruano.<\/span><\/p>\n","protected":false},"excerpt":{"rendered":"<p>La comisi\u00f3n Lava Jato del Congreso definir\u00e1 la fecha para interrogar al expresidente Ollanta Humala Tasso, conforme avancen sus investigaciones. Lima, 05 Agosto 2017, (ANDINA).- La comisi\u00f3n Lava Jato del Congreso de la Rep\u00fablica definir\u00e1 la fecha para interrogar al expresidente Ollanta Humala Tasso, conforme avancen sus investigaciones, indic\u00f3 la titular de este grupo de [&hellip;]<\/p>\n","protected":false},"author":1,"featured_media":13281,"comment_status":"open","ping_status":"open","sticky":false,"template":"","format":"standard","meta":{"rop_custom_images_group":[],"rop_custom_messages_group":[],"rop_publish_now":"initial","rop_publish_now_accounts":[],"rop_publish_now_history":[],"rop_publish_now_status":"pending","footnotes":""},"categories":[5],"tags":[192,656,403,525],"class_list":["post-14009","post","type-post","status-publish","format-standard","has-post-thumbnail","hentry","category-actualidad-informativa","tag-congreso","tag-lava-jato","tag-ollanta-humala","tag-rosa-bartra"],"_links":{"self":[{"href":"https:\/\/elinformanteperu.com\/index.php\/wp-json\/wp\/v2\/posts\/14009","targetHints":{"allow":["GET"]}}],"collection":[{"href":"https:\/\/elinformanteperu.com\/index.php\/wp-json\/wp\/v2\/posts"}],"about":[{"href":"https:\/\/elinformanteperu.com\/index.php\/wp-json\/wp\/v2\/types\/post"}],"author":[{"embeddable":true,"href":"https:\/\/elinformanteperu.com\/index.php\/wp-json\/wp\/v2\/users\/1"}],"replies":[{"embeddable":true,"href":"https:\/\/elinformanteperu.com\/index.php\/wp-json\/wp\/v2\/comments?post=14009"}],"version-history":[{"count":1,"href":"https:\/\/elinformanteperu.com\/index.php\/wp-json\/wp\/v2\/posts\/14009\/revisions"}],"predecessor-version":[{"id":14010,"href":"https:\/\/elinformanteperu.com\/index.php\/wp-json\/wp\/v2\/posts\/14009\/revisions\/14010"}],"wp:featuredmedia":[{"embeddable":true,"href":"https:\/\/elinformanteperu.com\/index.php\/wp-json\/wp\/v2\/media\/13281"}],"wp:attachment":[{"href":"https:\/\/elinformanteperu.com\/index.php\/wp-json\/wp\/v2\/media?parent=14009"}],"wp:term":[{"taxonomy":"category","embeddable":true,"href":"https:\/\/elinformanteperu.com\/index.php\/wp-json\/wp\/v2\/categories?post=14009"},{"taxonomy":"post_tag","embeddable":true,"href":"https:\/\/elinformanteperu.com\/index.php\/wp-json\/wp\/v2\/tags?post=14009"}],"curies":[{"name":"wp","href":"https:\/\/api.w.org\/{rel}","templated":true}]}}