{"id":139956,"date":"2025-07-16T01:35:36","date_gmt":"2025-07-16T06:35:36","guid":{"rendered":"https:\/\/elinformanteperu.com\/?p=139956"},"modified":"2025-07-16T01:35:36","modified_gmt":"2025-07-16T06:35:36","slug":"midis-inversion-social-en-distrito-loretano-de-punchana-ascendera-a-s-18-millones-en-el-2025","status":"publish","type":"post","link":"https:\/\/elinformanteperu.com\/index.php\/2025\/07\/16\/midis-inversion-social-en-distrito-loretano-de-punchana-ascendera-a-s-18-millones-en-el-2025\/","title":{"rendered":"Midis: \u00abinversi\u00f3n social en distrito loretano de Punchana ascender\u00e1 a S\/18 millones en el 2025\u00bb"},"content":{"rendered":"<p><strong><span style=\"color: #000000;\">\u00b7 Anuncio se hizo durante la Feria Multisectorial de Inclusi\u00f3n Social y Oportunidades, que organiz\u00f3 el sector, para acercar los servicios del Estado a la poblaci\u00f3n.<\/span><\/strong><\/p>\n<p><span style=\"color: #000000;\"><strong>Lima, 15 Julio 2025, (El Informante Per\u00fa).-<\/strong> Con la finalidad de potenciar la acci\u00f3n del Gobierno en las comunidades del distrito de Punchana, en Loreto, el Ministerio de Desarrollo e Inclusi\u00f3n Social destinar\u00e1 este a\u00f1o m\u00e1s de S\/18 millones de inversi\u00f3n para fortalecer los servicios de los programas sociales en beneficio de la poblaci\u00f3n vulnerable del distrito amaz\u00f3nico.<\/span><\/p>\n<p><span style=\"color: #000000;\">La titular del Midis hizo este anuncio durante su reciente participaci\u00f3n en la Feria Multisectorial de Inclusi\u00f3n Social y Oportunidades: Crecer con Oportunidades, realizado el \u00faltimo fin de semana, en la plaza Stella Maris de Punchana, con la finalidad de acercar los servicios de diversos sectores del Estado a la poblaci\u00f3n; as\u00ed como fortalecer las capacidades de prevenci\u00f3n y protecci\u00f3n a los ciudadanos en situaci\u00f3n de pobreza y pobreza extrema en la provincia de Maynas.<\/span><\/p>\n<p><span style=\"color: #000000;\">\u00abEs la primera vez que hacemos una feria multisectorial en Punchana, a donde trajimos 32 servicios, con 18 sectores que est\u00e1n a vuestra disposici\u00f3n\u00bb, se\u00f1al\u00f3 durante el acto protocolar de esta actividad, junto a la congresista de la Rep\u00fablica, Ana Zegarra; el alcalde distrital de Punchana, Olmex Escalante; y al gerente general regional de Loreto, William Soria.<\/span><\/p>\n<p><a href=\"https:\/\/elinformanteperu.com\/wp-content\/uploads\/2025\/07\/Midis-punchana-loreto1.jpg\"><img fetchpriority=\"high\" decoding=\"async\" class=\"size-full wp-image-139958 aligncenter\" src=\"https:\/\/elinformanteperu.com\/wp-content\/uploads\/2025\/07\/Midis-punchana-loreto1.jpg\" alt=\"\" width=\"800\" height=\"534\" srcset=\"https:\/\/elinformanteperu.com\/wp-content\/uploads\/2025\/07\/Midis-punchana-loreto1.jpg 800w, https:\/\/elinformanteperu.com\/wp-content\/uploads\/2025\/07\/Midis-punchana-loreto1-300x200.jpg 300w, https:\/\/elinformanteperu.com\/wp-content\/uploads\/2025\/07\/Midis-punchana-loreto1-768x513.jpg 768w\" sizes=\"(max-width: 800px) 100vw, 800px\" \/><\/a><span style=\"color: #000000;\">La inversi\u00f3n del Midis en Punchana se orienta a la protecci\u00f3n social mediante el cuidado de ni\u00f1as y ni\u00f1os del programa Cuna M\u00e1s; transferencias a hogares del programa Juntos, adultos mayores de Pensi\u00f3n 65, y personas con discapacidad del programa Contigo.<\/span><\/p>\n<p><span style=\"color: #000000;\">As\u00ed como la alimentaci\u00f3n escolar, el acercamiento de servicios del Estado en zonas alejadas a trav\u00e9s de los Tambos del programa PAIS, la atenci\u00f3n alimentaria del Programa del Vaso de Leche y el fortalecimiento de capacidades productos de los hogares del programa Foncodes.<\/span><\/p>\n<p><a href=\"https:\/\/elinformanteperu.com\/wp-content\/uploads\/2025\/07\/Midis-punchana-loreto2.jpg\"><img decoding=\"async\" class=\"size-full wp-image-139959 aligncenter\" src=\"https:\/\/elinformanteperu.com\/wp-content\/uploads\/2025\/07\/Midis-punchana-loreto2.jpg\" alt=\"\" width=\"799\" height=\"533\" srcset=\"https:\/\/elinformanteperu.com\/wp-content\/uploads\/2025\/07\/Midis-punchana-loreto2.jpg 799w, https:\/\/elinformanteperu.com\/wp-content\/uploads\/2025\/07\/Midis-punchana-loreto2-300x200.jpg 300w, https:\/\/elinformanteperu.com\/wp-content\/uploads\/2025\/07\/Midis-punchana-loreto2-768x512.jpg 768w\" sizes=\"(max-width: 799px) 100vw, 799px\" \/><\/a><span style=\"color: #000000;\">La ministra afirm\u00f3, en este contexto, que desde el Midis se viene trabajando m\u00e1s all\u00e1 de las transferencias monetarias de los programas sociales, con una visi\u00f3n orientada al desarrollo de proyectos productivos e impulso a los emprendimientos, mediante las intervenciones de los programas sociales del sector.<\/span><\/p>\n<p><span style=\"color: #000000;\">La Feria Multisectorial de Inclusi\u00f3n Social y Oportunidades, realizada el fin de semana, cont\u00f3 con la participaci\u00f3n de los ministerios de la Mujer y Poblaciones Vulnerables; de Justicia y Derechos Humanos; de Salud; Educaci\u00f3n; Produce; Trabajo y Promoci\u00f3n del Empleo; as\u00ed como de los programas sociales del Midis, la Secretar\u00eda General de Gesti\u00f3n Social y Di\u00e1logo de la PCM, el Gobierno Regional de Loreto, la Municipalidad Distrital de Punchana y la Reniec.<\/span><\/p>\n<p><a href=\"https:\/\/elinformanteperu.com\/wp-content\/uploads\/2025\/07\/Midis-punchana-loreto3.jpg\"><img decoding=\"async\" class=\"size-full wp-image-139960 aligncenter\" src=\"https:\/\/elinformanteperu.com\/wp-content\/uploads\/2025\/07\/Midis-punchana-loreto3.jpg\" alt=\"\" width=\"799\" height=\"533\" srcset=\"https:\/\/elinformanteperu.com\/wp-content\/uploads\/2025\/07\/Midis-punchana-loreto3.jpg 799w, https:\/\/elinformanteperu.com\/wp-content\/uploads\/2025\/07\/Midis-punchana-loreto3-300x200.jpg 300w, https:\/\/elinformanteperu.com\/wp-content\/uploads\/2025\/07\/Midis-punchana-loreto3-768x512.jpg 768w\" sizes=\"(max-width: 799px) 100vw, 799px\" \/><\/a><\/p>\n","protected":false},"excerpt":{"rendered":"<p>\u00b7 Anuncio se hizo durante la Feria Multisectorial de Inclusi\u00f3n Social y Oportunidades, que organiz\u00f3 el sector, para acercar los servicios del Estado a la poblaci\u00f3n. Lima, 15 Julio 2025, (El Informante Per\u00fa).- Con la finalidad de potenciar la acci\u00f3n del Gobierno en las comunidades del distrito de Punchana, en Loreto, el Ministerio de Desarrollo [&hellip;]<\/p>\n","protected":false},"author":1,"featured_media":139957,"comment_status":"closed","ping_status":"closed","sticky":false,"template":"","format":"standard","meta":{"rop_custom_images_group":[],"rop_custom_messages_group":[],"rop_publish_now":"initial","rop_publish_now_accounts":[],"rop_publish_now_history":[],"rop_publish_now_status":"pending","footnotes":""},"categories":[10],"tags":[7361,1005,153],"class_list":["post-139956","post","type-post","status-publish","format-standard","has-post-thumbnail","hentry","category-actualidad-municipal","tag-leslie-urteaga","tag-loreto","tag-midis"],"_links":{"self":[{"href":"https:\/\/elinformanteperu.com\/index.php\/wp-json\/wp\/v2\/posts\/139956","targetHints":{"allow":["GET"]}}],"collection":[{"href":"https:\/\/elinformanteperu.com\/index.php\/wp-json\/wp\/v2\/posts"}],"about":[{"href":"https:\/\/elinformanteperu.com\/index.php\/wp-json\/wp\/v2\/types\/post"}],"author":[{"embeddable":true,"href":"https:\/\/elinformanteperu.com\/index.php\/wp-json\/wp\/v2\/users\/1"}],"replies":[{"embeddable":true,"href":"https:\/\/elinformanteperu.com\/index.php\/wp-json\/wp\/v2\/comments?post=139956"}],"version-history":[{"count":1,"href":"https:\/\/elinformanteperu.com\/index.php\/wp-json\/wp\/v2\/posts\/139956\/revisions"}],"predecessor-version":[{"id":139961,"href":"https:\/\/elinformanteperu.com\/index.php\/wp-json\/wp\/v2\/posts\/139956\/revisions\/139961"}],"wp:featuredmedia":[{"embeddable":true,"href":"https:\/\/elinformanteperu.com\/index.php\/wp-json\/wp\/v2\/media\/139957"}],"wp:attachment":[{"href":"https:\/\/elinformanteperu.com\/index.php\/wp-json\/wp\/v2\/media?parent=139956"}],"wp:term":[{"taxonomy":"category","embeddable":true,"href":"https:\/\/elinformanteperu.com\/index.php\/wp-json\/wp\/v2\/categories?post=139956"},{"taxonomy":"post_tag","embeddable":true,"href":"https:\/\/elinformanteperu.com\/index.php\/wp-json\/wp\/v2\/tags?post=139956"}],"curies":[{"name":"wp","href":"https:\/\/api.w.org\/{rel}","templated":true}]}}