{"id":13950,"date":"2017-08-04T00:23:07","date_gmt":"2017-08-04T05:23:07","guid":{"rendered":"http:\/\/elinformanteperu.com\/?p=13950"},"modified":"2017-08-04T00:24:28","modified_gmt":"2017-08-04T05:24:28","slug":"nueva-especie-de-ave-es-registrada-en-el-parque-nacional-cerros-de-amotape","status":"publish","type":"post","link":"https:\/\/elinformanteperu.com\/index.php\/2017\/08\/04\/nueva-especie-de-ave-es-registrada-en-el-parque-nacional-cerros-de-amotape\/","title":{"rendered":"Nueva especie de ave es registrada en el Parque Nacional Cerros de Amotape"},"content":{"rendered":"<p><strong><span style=\"color: #000000;\">Una nueva especie de ave se registr\u00f3 en el Parque Nacional Cerros de Amotape. Se trata del colibr\u00ed nuca blanca, especie que ha sido avistada por primera vez en esta \u00e1rea natural protegida de la regi\u00f3n Tumbes.<\/span><\/strong><\/p>\n<p><span style=\"color: #000000;\"><strong>Lima, 03 Agosto 2017, (El Informante Per\u00fa).-<\/strong> Haciendo gala de la riqueza natural que caracteriza a las \u00e1reas protegidas del Per\u00fa, una nueva especie de ave se registr\u00f3 en el Parque Nacional Cerros de Amotape. Se trata del colibr\u00ed nuca blanca, especie que ha sido avistada por primera vez en esta \u00e1rea natural protegida de la regi\u00f3n Tumbes.<\/span><\/p>\n<p><span style=\"color: #000000;\">Este importante avistamiento se realiz\u00f3 durante una expedici\u00f3n desarrollada en el sector el Caucho por una delegaci\u00f3n de 4 ornit\u00f3logos y un guardaparque del Servicio Nacional de \u00c1reas Naturales Protegidas por el Estado (SERNANP).<\/span><\/p>\n<p><span style=\"color: #000000;\">Este nuevo reporte en el Parque Nacional Cerros de Amotape lo realiz\u00f3 el profesor Scott K. Robinson de la Universidad de Florida durante el segundo d\u00eda de la expedici\u00f3n, convirtiendo a este sector en uno de los favoritos de los observadores de aves por la alta diversidad que presenta.<\/span><\/p>\n<p><span style=\"color: #000000;\">El colibr\u00ed nuca blanca es una especie de ave apodiforme (caracterizadas por el peque\u00f1o tama\u00f1o de las patas) de la familia Trochilidae, que vive desde M\u00e9xico hasta Per\u00fa, Bolivia y el sur de Brasil. Mide aproximadamente 12 cent\u00edmetros de largo, y su principal caracter\u00edstica la compone su panza blanca y una capucha azul oscuro.<\/span><\/p>\n<p><img fetchpriority=\"high\" decoding=\"async\" class=\"aligncenter size-full wp-image-13952\" src=\"http:\/\/elinformanteperu.com\/wp-content\/uploads\/2017\/08\/colibri-nuca-blanca1.jpg\" alt=\"\" width=\"800\" height=\"530\" srcset=\"https:\/\/elinformanteperu.com\/wp-content\/uploads\/2017\/08\/colibri-nuca-blanca1.jpg 800w, https:\/\/elinformanteperu.com\/wp-content\/uploads\/2017\/08\/colibri-nuca-blanca1-300x199.jpg 300w, https:\/\/elinformanteperu.com\/wp-content\/uploads\/2017\/08\/colibri-nuca-blanca1-768x509.jpg 768w, https:\/\/elinformanteperu.com\/wp-content\/uploads\/2017\/08\/colibri-nuca-blanca1-128x85.jpg 128w, https:\/\/elinformanteperu.com\/wp-content\/uploads\/2017\/08\/colibri-nuca-blanca1-32x21.jpg 32w\" sizes=\"(max-width: 800px) 100vw, 800px\" \/><\/p>\n","protected":false},"excerpt":{"rendered":"<p>Una nueva especie de ave se registr\u00f3 en el Parque Nacional Cerros de Amotape. Se trata del colibr\u00ed nuca blanca, especie que ha sido avistada por primera vez en esta \u00e1rea natural protegida de la regi\u00f3n Tumbes. Lima, 03 Agosto 2017, (El Informante Per\u00fa).- Haciendo gala de la riqueza natural que caracteriza a las \u00e1reas [&hellip;]<\/p>\n","protected":false},"author":1,"featured_media":13951,"comment_status":"open","ping_status":"open","sticky":false,"template":"","format":"standard","meta":{"rop_custom_images_group":[],"rop_custom_messages_group":[],"rop_publish_now":"initial","rop_publish_now_accounts":[],"rop_publish_now_history":[],"rop_publish_now_status":"pending","footnotes":""},"categories":[10],"tags":[103],"class_list":["post-13950","post","type-post","status-publish","format-standard","has-post-thumbnail","hentry","category-actualidad-municipal","tag-sernanp"],"_links":{"self":[{"href":"https:\/\/elinformanteperu.com\/index.php\/wp-json\/wp\/v2\/posts\/13950","targetHints":{"allow":["GET"]}}],"collection":[{"href":"https:\/\/elinformanteperu.com\/index.php\/wp-json\/wp\/v2\/posts"}],"about":[{"href":"https:\/\/elinformanteperu.com\/index.php\/wp-json\/wp\/v2\/types\/post"}],"author":[{"embeddable":true,"href":"https:\/\/elinformanteperu.com\/index.php\/wp-json\/wp\/v2\/users\/1"}],"replies":[{"embeddable":true,"href":"https:\/\/elinformanteperu.com\/index.php\/wp-json\/wp\/v2\/comments?post=13950"}],"version-history":[{"count":1,"href":"https:\/\/elinformanteperu.com\/index.php\/wp-json\/wp\/v2\/posts\/13950\/revisions"}],"predecessor-version":[{"id":13953,"href":"https:\/\/elinformanteperu.com\/index.php\/wp-json\/wp\/v2\/posts\/13950\/revisions\/13953"}],"wp:featuredmedia":[{"embeddable":true,"href":"https:\/\/elinformanteperu.com\/index.php\/wp-json\/wp\/v2\/media\/13951"}],"wp:attachment":[{"href":"https:\/\/elinformanteperu.com\/index.php\/wp-json\/wp\/v2\/media?parent=13950"}],"wp:term":[{"taxonomy":"category","embeddable":true,"href":"https:\/\/elinformanteperu.com\/index.php\/wp-json\/wp\/v2\/categories?post=13950"},{"taxonomy":"post_tag","embeddable":true,"href":"https:\/\/elinformanteperu.com\/index.php\/wp-json\/wp\/v2\/tags?post=13950"}],"curies":[{"name":"wp","href":"https:\/\/api.w.org\/{rel}","templated":true}]}}