{"id":139494,"date":"2025-07-10T23:51:27","date_gmt":"2025-07-11T04:51:27","guid":{"rendered":"https:\/\/elinformanteperu.com\/?p=139494"},"modified":"2025-07-10T23:51:27","modified_gmt":"2025-07-11T04:51:27","slug":"joya-arqueologica-de-caral-hallazgos-en-penico-asombran-a-la-prensa-internacional","status":"publish","type":"post","link":"https:\/\/elinformanteperu.com\/index.php\/2025\/07\/10\/joya-arqueologica-de-caral-hallazgos-en-penico-asombran-a-la-prensa-internacional\/","title":{"rendered":"Joya arqueol\u00f3gica de Caral: hallazgos en Pe\u00f1ico asombran a la prensa internacional"},"content":{"rendered":"<p><strong><span style=\"color: #000000;\">Saludan inauguraci\u00f3n de sitio arqueol\u00f3gico programada para este fin de semana<\/span><\/strong><\/p>\n<p><span style=\"color: #000000;\"><strong>Lima, 10 Julio 2025, (ANDINA).-<\/strong> Admiraci\u00f3n y asombro han generado en la prensa internacional los hallazgos fruto de las investigaciones arqueol\u00f3gicas en Pe\u00f1ico, sitio perteneciente a la civilizaci\u00f3n Caral, que a partir de este fin de semana podr\u00e1 ser visitado por el p\u00fablico por primera vez.<\/span><\/p>\n<p><span style=\"color: #000000;\">Al respecto, la revista National Geographic destaca que Pe\u00f1ico haya sido calificada como una ciudad de integraci\u00f3n social, tras encontrarse en ella objetos y manifestaciones culturales que dan cuenta de un intercambio de productos con regiones andinas y amaz\u00f3nicas.<\/span><\/p>\n<p><a href=\"https:\/\/elinformanteperu.com\/wp-content\/uploads\/2025\/07\/caral3.jpg\"><img fetchpriority=\"high\" decoding=\"async\" class=\"size-full wp-image-139496 aligncenter\" src=\"https:\/\/elinformanteperu.com\/wp-content\/uploads\/2025\/07\/caral3.jpg\" alt=\"\" width=\"500\" height=\"333\" srcset=\"https:\/\/elinformanteperu.com\/wp-content\/uploads\/2025\/07\/caral3.jpg 500w, https:\/\/elinformanteperu.com\/wp-content\/uploads\/2025\/07\/caral3-300x200.jpg 300w\" sizes=\"(max-width: 500px) 100vw, 500px\" \/><\/a><span style=\"color: #000000;\">Se rese\u00f1a, asimismo, que esta localidad podr\u00eda haber florecido tras el declive de la ciudad de Caral, generado aparentemente por razones vinculadas a cambios clim\u00e1ticos. En medio de esa coyuntura, los habitantes de Pe\u00f1ico habr\u00edan tenido a la agricultura como principal fuente de sustento, desarrollando un sistema de regad\u00edo para efectuar esta actividad.<\/span><\/p>\n<p><span style=\"color: #000000;\">Los diarios brit\u00e1nicos The Times y The Sunday Times dan cuenta de que el hallazgo de Pe\u00f1ico es fruto de un trabajo desarrollado a lo largo de ocho a\u00f1os, se\u00f1alando que sus construcciones estuvieron p\u00e9rdidas durante tres mil a\u00f1os.<\/span><\/p>\n<p><span style=\"color: #000000;\">Asimismo, estos medios de comunicaci\u00f3n resaltan la antig\u00fcedad de este centro urbano, que habr\u00eda estado poblado entre los a\u00f1os 1800 y 1500 antes de Cristo.<\/span><\/p>\n<p><a href=\"https:\/\/elinformanteperu.com\/wp-content\/uploads\/2025\/07\/caral4-e1752209326629.jpg\"><img decoding=\"async\" class=\"size-full wp-image-139497 aligncenter\" src=\"https:\/\/elinformanteperu.com\/wp-content\/uploads\/2025\/07\/caral4-e1752209326629.jpg\" alt=\"\" width=\"500\" height=\"288\" srcset=\"https:\/\/elinformanteperu.com\/wp-content\/uploads\/2025\/07\/caral4-e1752209326629.jpg 500w, https:\/\/elinformanteperu.com\/wp-content\/uploads\/2025\/07\/caral4-e1752209326629-300x173.jpg 300w\" sizes=\"(max-width: 500px) 100vw, 500px\" \/><\/a><strong><span style=\"color: #000000;\">CNN y Reuters<\/span><\/strong><\/p>\n<p><span style=\"color: #000000;\">La Cadena televisiva noticiosa CNN tambi\u00e9n expuso el anuncio sobre estos descubrimientos, calificando a Pe\u00f1ico como pieza clave en lo que respecta al intercambio comercial entre la costa y otros puntos del territorio peruano.<\/span><\/p>\n<p><span style=\"color: #000000;\">Citando a los arque\u00f3logos Ruth Shady y Marco Machaguay, la informaci\u00f3n difundida por este canal de televisi\u00f3n estadounidense se\u00f1ala que este hallazgo refuerza la posici\u00f3n de Caral como una de las civilizaciones m\u00e1s avanzadas y antiguas del planeta.<\/span><\/p>\n<p><a href=\"https:\/\/elinformanteperu.com\/wp-content\/uploads\/2025\/07\/caral5.jpg\"><img decoding=\"async\" class=\"size-full wp-image-139498 aligncenter\" src=\"https:\/\/elinformanteperu.com\/wp-content\/uploads\/2025\/07\/caral5.jpg\" alt=\"\" width=\"500\" height=\"333\" srcset=\"https:\/\/elinformanteperu.com\/wp-content\/uploads\/2025\/07\/caral5.jpg 500w, https:\/\/elinformanteperu.com\/wp-content\/uploads\/2025\/07\/caral5-300x200.jpg 300w\" sizes=\"(max-width: 500px) 100vw, 500px\" \/><\/a><span style=\"color: #000000;\">La agencia de noticias internacionales Reuters tambi\u00e9n resalt\u00f3 el hallazgo, destacando adem\u00e1s que Pe\u00f1ico haya sido \u2013de acuerdo a las investigaciones arqueol\u00f3gicas- un punto de intercambio de productos y culturas de las diversas zonas que integran lo que ahora es el territorio peruano, incluida la amazonia.<\/span><\/p>\n<p><span style=\"color: #000000;\">Se se\u00f1ala, adem\u00e1s, que este lugar, al igual que otros adscritos a la civilizaci\u00f3n Caral, surgi\u00f3 al mismo tiempo que las tempranas y grandes civilizaciones de Asia y Medio Oriente. Asimismo, se resalta la estructura de su edificio m\u00e1s notorio descubierto a la fecha, construido a 600 metros por encima del nivel del mar.<\/span><\/p>\n<p><strong><span style=\"color: #000000;\">En Espa\u00f1a, Alemania y EE UU<\/span><\/strong><\/p>\n<p><a href=\"https:\/\/elinformanteperu.com\/wp-content\/uploads\/2025\/07\/caral6.jpg\"><img loading=\"lazy\" decoding=\"async\" class=\"size-full wp-image-139499 aligncenter\" src=\"https:\/\/elinformanteperu.com\/wp-content\/uploads\/2025\/07\/caral6.jpg\" alt=\"\" width=\"500\" height=\"333\" srcset=\"https:\/\/elinformanteperu.com\/wp-content\/uploads\/2025\/07\/caral6.jpg 500w, https:\/\/elinformanteperu.com\/wp-content\/uploads\/2025\/07\/caral6-300x200.jpg 300w\" sizes=\"(max-width: 500px) 100vw, 500px\" \/><\/a><span style=\"color: #000000;\">A su vez, el diario espa\u00f1ol Cambio 16 califica a Pe\u00f1ico como \u201cnodo clave\u201d en el intercambio entre costa, sierra y selva, y considera que las estructuras que se han encontrado revelan \u201cuna aventajada arquitectura\u201d.<\/span><\/p>\n<p><span style=\"color: #000000;\">Indica tambi\u00e9n que, sus pobladores construyeron edificaciones en zonas altas, previendo as\u00ed la ocurrencia de inundaciones, deslizamientos y movimientos s\u00edsmicos.<\/span><\/p>\n<p><span style=\"color: #000000;\">La televisora alemana DW indica por su parte que el 80% de los investigadores y trabajadores de este sitio arqueol\u00f3gico son residentes de los distritos de Supe y Supe Puerto, pertenecientes a la provincia de Barranca, que es donde se ubica Pe\u00f1ico.<\/span><\/p>\n<p><a href=\"https:\/\/elinformanteperu.com\/wp-content\/uploads\/2025\/07\/caral7.jpg\"><img loading=\"lazy\" decoding=\"async\" class=\"size-full wp-image-139500 aligncenter\" src=\"https:\/\/elinformanteperu.com\/wp-content\/uploads\/2025\/07\/caral7.jpg\" alt=\"\" width=\"500\" height=\"375\" srcset=\"https:\/\/elinformanteperu.com\/wp-content\/uploads\/2025\/07\/caral7.jpg 500w, https:\/\/elinformanteperu.com\/wp-content\/uploads\/2025\/07\/caral7-300x225.jpg 300w\" sizes=\"(max-width: 500px) 100vw, 500px\" \/><\/a><span style=\"color: #000000;\">Un lugar que la entidad period\u00edstica europa resalta es el denominado Sal\u00f3n de los Pututos, una de las 18 estructuras que han sido identificadas en el lugar, caracterizada por dise\u00f1os semejantes a los de los mencionados instrumentos musicales de viento.<\/span><\/p>\n<p><span style=\"color: #000000;\">A su vez, la cadena televisa estadounidense Univisi\u00f3n indica que los hallazgos en Pe\u00f1ico contribuyen a entender mejor lo que ocurri\u00f3 con la civilizaci\u00f3n Caral, al revelar en sus estructuras y en los objetos all\u00ed encontrados, datos sobre el efecto del cambio clim\u00e1tico en este lugar.<\/span><\/p>\n<p><span style=\"color: #000000;\">Se se\u00f1ala tambi\u00e9n que, tras el declive de la ciudad de Caral, los pobladores de Pe\u00f1ico siguen participando en las redes de intercambio e interacci\u00f3n social y productiva con otras comunidades.<\/span><\/p>\n<p><a href=\"https:\/\/elinformanteperu.com\/wp-content\/uploads\/2025\/07\/caral9-e1752209466891.jpg\"><img loading=\"lazy\" decoding=\"async\" class=\"size-full wp-image-139501 aligncenter\" src=\"https:\/\/elinformanteperu.com\/wp-content\/uploads\/2025\/07\/caral9-e1752209466891.jpg\" alt=\"\" width=\"393\" height=\"333\" srcset=\"https:\/\/elinformanteperu.com\/wp-content\/uploads\/2025\/07\/caral9-e1752209466891.jpg 393w, https:\/\/elinformanteperu.com\/wp-content\/uploads\/2025\/07\/caral9-e1752209466891-300x254.jpg 300w\" sizes=\"(max-width: 393px) 100vw, 393px\" \/><\/a><\/p>\n","protected":false},"excerpt":{"rendered":"<p>Saludan inauguraci\u00f3n de sitio arqueol\u00f3gico programada para este fin de semana Lima, 10 Julio 2025, (ANDINA).- Admiraci\u00f3n y asombro han generado en la prensa internacional los hallazgos fruto de las investigaciones arqueol\u00f3gicas en Pe\u00f1ico, sitio perteneciente a la civilizaci\u00f3n Caral, que a partir de este fin de semana podr\u00e1 ser visitado por el p\u00fablico por [&hellip;]<\/p>\n","protected":false},"author":1,"featured_media":139495,"comment_status":"closed","ping_status":"closed","sticky":false,"template":"","format":"standard","meta":{"rop_custom_images_group":[],"rop_custom_messages_group":[],"rop_publish_now":"initial","rop_publish_now_accounts":[],"rop_publish_now_history":[],"rop_publish_now_status":"pending","footnotes":""},"categories":[10],"tags":[121],"class_list":["post-139494","post","type-post","status-publish","format-standard","has-post-thumbnail","hentry","category-actualidad-municipal","tag-zona-arqueologica-caral"],"_links":{"self":[{"href":"https:\/\/elinformanteperu.com\/index.php\/wp-json\/wp\/v2\/posts\/139494","targetHints":{"allow":["GET"]}}],"collection":[{"href":"https:\/\/elinformanteperu.com\/index.php\/wp-json\/wp\/v2\/posts"}],"about":[{"href":"https:\/\/elinformanteperu.com\/index.php\/wp-json\/wp\/v2\/types\/post"}],"author":[{"embeddable":true,"href":"https:\/\/elinformanteperu.com\/index.php\/wp-json\/wp\/v2\/users\/1"}],"replies":[{"embeddable":true,"href":"https:\/\/elinformanteperu.com\/index.php\/wp-json\/wp\/v2\/comments?post=139494"}],"version-history":[{"count":1,"href":"https:\/\/elinformanteperu.com\/index.php\/wp-json\/wp\/v2\/posts\/139494\/revisions"}],"predecessor-version":[{"id":139502,"href":"https:\/\/elinformanteperu.com\/index.php\/wp-json\/wp\/v2\/posts\/139494\/revisions\/139502"}],"wp:featuredmedia":[{"embeddable":true,"href":"https:\/\/elinformanteperu.com\/index.php\/wp-json\/wp\/v2\/media\/139495"}],"wp:attachment":[{"href":"https:\/\/elinformanteperu.com\/index.php\/wp-json\/wp\/v2\/media?parent=139494"}],"wp:term":[{"taxonomy":"category","embeddable":true,"href":"https:\/\/elinformanteperu.com\/index.php\/wp-json\/wp\/v2\/categories?post=139494"},{"taxonomy":"post_tag","embeddable":true,"href":"https:\/\/elinformanteperu.com\/index.php\/wp-json\/wp\/v2\/tags?post=139494"}],"curies":[{"name":"wp","href":"https:\/\/api.w.org\/{rel}","templated":true}]}}