{"id":139358,"date":"2025-07-10T01:03:16","date_gmt":"2025-07-10T06:03:16","guid":{"rendered":"https:\/\/elinformanteperu.com\/?p=139358"},"modified":"2025-07-10T01:03:16","modified_gmt":"2025-07-10T06:03:16","slug":"chiclayo-vive-una-revolucion-del-turismo-cultural-gracias-a-la-eleccion-del-papa-leon-xiv","status":"publish","type":"post","link":"https:\/\/elinformanteperu.com\/index.php\/2025\/07\/10\/chiclayo-vive-una-revolucion-del-turismo-cultural-gracias-a-la-eleccion-del-papa-leon-xiv\/","title":{"rendered":"Chiclayo vive una revoluci\u00f3n del turismo cultural gracias a la elecci\u00f3n del papa Le\u00f3n XIV"},"content":{"rendered":"<p><strong><span style=\"color: #000000;\">Capital de Lambayeque recibe a estudiantes de Lima, Cusco y otras regiones que anhelan conocer legado del Papa<\/span><\/strong><\/p>\n<p><span style=\"color: #000000;\"><strong>Lima, 09 Julio 2025, (ANDINA).-<\/strong> En solo dos meses, Chiclayo, la capital de la regi\u00f3n Lambayeque, ha experimentado un fen\u00f3meno sin precedentes: un aumento significativo en el turismo cultural y religioso, impulsado por el reconocimiento mundial del Papa Le\u00f3n XIV, cuyo v\u00ednculo con la localidad ha puesto a Chiclayo en el mapa internacional.<\/span><\/p>\n<p><span style=\"color: #000000;\">El coraz\u00f3n de esta transformaci\u00f3n es el Palacio Municipal, que en su centro alberga la \u00abMuestra Museogr\u00e1fica del Papa Le\u00f3n XIV\u00bb, un homenaje vibrante a la vida y legado de Robert Prevost, obispo em\u00e9rito de Chiclayo y actual pont\u00edfice. Esta exposici\u00f3n no solo revela detalles \u00edntimos de su recorrido pastoral y humano, sino que tambi\u00e9n celebra su profunda conexi\u00f3n con la comunidad chiclayana, convirti\u00e9ndose en un espacio de fe, historia y orgullo local.<\/span><\/p>\n<p><span style=\"color: #000000;\">El subgerente de Turismo y Cultura de la comuna chiclayana, David C\u00e1rdenas Angulo, manifest\u00f3 en di\u00e1logo con la Agencia Andina que el impacto ha sido abrumador: en mayo, cerca de 900 escolares de toda la regi\u00f3n visitaron las salas, y en junio, la cifra se dispar\u00f3 con la llegada de m\u00e1s de 30 instituciones educativas y turistas de Lima, Ica, Nasca, Cusco, San Mart\u00edn y Cajamarca.<\/span><\/p>\n<p><strong><span style=\"color: #000000;\">Turistas extranjeros<\/span><\/strong><\/p>\n<p><a href=\"https:\/\/elinformanteperu.com\/wp-content\/uploads\/2025\/07\/chiclayo-papa-leon-XIV-1.jpg\"><img fetchpriority=\"high\" decoding=\"async\" class=\"size-full wp-image-139359 aligncenter\" src=\"https:\/\/elinformanteperu.com\/wp-content\/uploads\/2025\/07\/chiclayo-papa-leon-XIV-1.jpg\" alt=\"\" width=\"500\" height=\"281\" srcset=\"https:\/\/elinformanteperu.com\/wp-content\/uploads\/2025\/07\/chiclayo-papa-leon-XIV-1.jpg 500w, https:\/\/elinformanteperu.com\/wp-content\/uploads\/2025\/07\/chiclayo-papa-leon-XIV-1-300x169.jpg 300w\" sizes=\"(max-width: 500px) 100vw, 500px\" \/><\/a><span style=\"color: #000000;\">\u201cPero eso no es todo: visitantes de Alemania, Costa Rica, Francia, Italia y Holanda han llegado con la intenci\u00f3n de conocer m\u00e1s sobre la historia y cultura de Chiclayo, atra\u00eddos por la relevancia del Papa y su historia en la ciudad\u201d, apunt\u00f3.<\/span><\/p>\n<p><span style=\"color: #000000;\">El evento que marc\u00f3 un antes y un despu\u00e9s fue la cobertura de m\u00e1s de 120 medios internacionales en mayo, que convirti\u00f3 a Chiclayo en foco de atenci\u00f3n mundial. La visita del Papa Le\u00f3n XIV y la cobertura medi\u00e1tica despertaron un inter\u00e9s sin igual, consolidando a Chiclayo como un destino cultural y religioso de primer nivel en la regi\u00f3n.<\/span><\/p>\n<p><span style=\"color: #000000;\">El funcionario advirti\u00f3 que las autoridades proyectan un crecimiento del 60% en el turismo receptivo para fin de a\u00f1o. \u201cPara ello, planean hacer las exhibiciones a\u00fan m\u00e1s interactivas, con objetos y nuevas muestras que cautivar\u00e1n a visitantes de todas las edades\u201d, asegur\u00f3.<\/span><\/p>\n<p><span style=\"color: #000000;\">Adem\u00e1s, en el Palacio Municipal, los visitantes pueden disfrutar de una muestra permanente sobre la historia de Chiclayo y, muy pronto, inaugurar\u00e1 una exposici\u00f3n de arte pl\u00e1stico de la Universidad Nacional Pedro Ruiz Gallo, programada para este jueves 10.<\/span><\/p>\n<p><span style=\"color: #000000;\">En el Palacio Municipal de Chiclayo, ubicado en pleno centro de la ciudad, la atenci\u00f3n va desde las 8 de la ma\u00f1ana hasta las 6 de la tarde, de lunes a s\u00e1bado. \u201cLa ciudad se prepara para seguir creciendo como un destino cultural y espiritual de primer nivel, recuper\u00e1ndose del impacto de la pandemia y proyect\u00e1ndose hacia un futuro lleno de historia, fe y cultura\u201d, concluy\u00f3.<\/span><\/p>\n<p><span style=\"color: #000000;\">\u00a1No te pierdas la oportunidad de ser parte de esta historia en marcha! Visita las salas expositivas del Palacio Municipal y descubre por qu\u00e9 Chiclayo est\u00e1 en el centro del escenario internacional.<\/span><\/p>\n<p><a href=\"https:\/\/elinformanteperu.com\/wp-content\/uploads\/2025\/07\/chiclayo-papa-leon-XIV-2.jpg\"><img decoding=\"async\" class=\"size-full wp-image-139361 aligncenter\" src=\"https:\/\/elinformanteperu.com\/wp-content\/uploads\/2025\/07\/chiclayo-papa-leon-XIV-2.jpg\" alt=\"\" width=\"500\" height=\"323\" srcset=\"https:\/\/elinformanteperu.com\/wp-content\/uploads\/2025\/07\/chiclayo-papa-leon-XIV-2.jpg 500w, https:\/\/elinformanteperu.com\/wp-content\/uploads\/2025\/07\/chiclayo-papa-leon-XIV-2-300x194.jpg 300w\" sizes=\"(max-width: 500px) 100vw, 500px\" \/><\/a><\/p>\n","protected":false},"excerpt":{"rendered":"<p>Capital de Lambayeque recibe a estudiantes de Lima, Cusco y otras regiones que anhelan conocer legado del Papa Lima, 09 Julio 2025, (ANDINA).- En solo dos meses, Chiclayo, la capital de la regi\u00f3n Lambayeque, ha experimentado un fen\u00f3meno sin precedentes: un aumento significativo en el turismo cultural y religioso, impulsado por el reconocimiento mundial del [&hellip;]<\/p>\n","protected":false},"author":1,"featured_media":139360,"comment_status":"closed","ping_status":"closed","sticky":false,"template":"","format":"standard","meta":{"rop_custom_images_group":[],"rop_custom_messages_group":[],"rop_publish_now":"initial","rop_publish_now_accounts":[],"rop_publish_now_history":[],"rop_publish_now_status":"pending","footnotes":""},"categories":[10],"tags":[3861,8365],"class_list":["post-139358","post","type-post","status-publish","format-standard","has-post-thumbnail","hentry","category-actualidad-municipal","tag-lambayeque","tag-papa-leon-xiv"],"_links":{"self":[{"href":"https:\/\/elinformanteperu.com\/index.php\/wp-json\/wp\/v2\/posts\/139358","targetHints":{"allow":["GET"]}}],"collection":[{"href":"https:\/\/elinformanteperu.com\/index.php\/wp-json\/wp\/v2\/posts"}],"about":[{"href":"https:\/\/elinformanteperu.com\/index.php\/wp-json\/wp\/v2\/types\/post"}],"author":[{"embeddable":true,"href":"https:\/\/elinformanteperu.com\/index.php\/wp-json\/wp\/v2\/users\/1"}],"replies":[{"embeddable":true,"href":"https:\/\/elinformanteperu.com\/index.php\/wp-json\/wp\/v2\/comments?post=139358"}],"version-history":[{"count":1,"href":"https:\/\/elinformanteperu.com\/index.php\/wp-json\/wp\/v2\/posts\/139358\/revisions"}],"predecessor-version":[{"id":139362,"href":"https:\/\/elinformanteperu.com\/index.php\/wp-json\/wp\/v2\/posts\/139358\/revisions\/139362"}],"wp:featuredmedia":[{"embeddable":true,"href":"https:\/\/elinformanteperu.com\/index.php\/wp-json\/wp\/v2\/media\/139360"}],"wp:attachment":[{"href":"https:\/\/elinformanteperu.com\/index.php\/wp-json\/wp\/v2\/media?parent=139358"}],"wp:term":[{"taxonomy":"category","embeddable":true,"href":"https:\/\/elinformanteperu.com\/index.php\/wp-json\/wp\/v2\/categories?post=139358"},{"taxonomy":"post_tag","embeddable":true,"href":"https:\/\/elinformanteperu.com\/index.php\/wp-json\/wp\/v2\/tags?post=139358"}],"curies":[{"name":"wp","href":"https:\/\/api.w.org\/{rel}","templated":true}]}}