{"id":139353,"date":"2025-07-10T00:56:42","date_gmt":"2025-07-10T05:56:42","guid":{"rendered":"https:\/\/elinformanteperu.com\/?p=139353"},"modified":"2025-07-10T00:56:42","modified_gmt":"2025-07-10T05:56:42","slug":"exposicion-de-vehiculos-antiguos-en-plaza-mayor-cautivo-a-cusquenos-y-turistas","status":"publish","type":"post","link":"https:\/\/elinformanteperu.com\/index.php\/2025\/07\/10\/exposicion-de-vehiculos-antiguos-en-plaza-mayor-cautivo-a-cusquenos-y-turistas\/","title":{"rendered":"Exposici\u00f3n de veh\u00edculos antiguos en plaza Mayor cautiv\u00f3 a cusque\u00f1os y turistas"},"content":{"rendered":"<p><span style=\"color: #000000;\"><strong>Cusco, 09 Julio 2025, (ANDINA).-<\/strong> Cusque\u00f1os y turistas disfrutaron de la exposici\u00f3n de m\u00e1s de 50 veh\u00edculos antiguos en la plaza Mayor de la ciudad del Cusco, evento que ya se hace habitual despu\u00e9s de las Fiestas de Cusco e inicios de las Fiestas Patrias.<\/span><\/p>\n<p><span style=\"color: #000000;\">La exhibici\u00f3n que forma parte la d\u00e9cimo octava versi\u00f3n que es organizado por el Club del Autom\u00f3vil Antiguo del Per\u00fa filial Cusco, la cual concit\u00f3 la atracci\u00f3n de los concurrentes desde el momento que ingresaron a los per\u00edmetros, para estacionarse.<\/span><\/p>\n<p><span style=\"color: #000000;\">Jos\u00e9 Vela Mogrovejo, presidente de esta organizaci\u00f3n, afirm\u00f3 a la Agencia Andina que la pasi\u00f3n y el amor por estos veh\u00edculos los lleva a usarlos y mostrarlos para el deleite de visitantes y las familias cusque\u00f1as, ya que muchos desconocen que estas unidades est\u00e1n a\u00fan vigentes.<\/span><\/p>\n<p><span style=\"color: #000000;\">\u201cEs una pasi\u00f3n, somos muchos amigos que tenemos ese gusto de tratar de conservar, de tener un veh\u00edculo antiguo, pero no solo tenerlo guardado o exhibirlo, tambi\u00e9n hacemos paseos y viajamos, en familia o con amigos. Disfrutamos del carro, sentimos qu\u00e9 era lo que se sent\u00eda en esas \u00e9pocas, pasear o viajar, es totalmente distinto\u201d, relat\u00f3.<\/span><\/p>\n<p><span style=\"color: #000000;\">Los autos y camionetas, datan de inicios del siglo pasado, desde la d\u00e9cada de los 20 hasta los 90, varios de ellos est\u00e1n por cumplir un siglo, como las Ford A de 1928, y otras de la misma marca, que estuvieron acompa\u00f1ados de una Chevrolet pick up de 1950, una Plymounth del 41 convertible, entre otras Sedan, Roadster.<\/span><\/p>\n<p><span style=\"color: #000000;\">Tambi\u00e9n estuvieron las Ford Mustang del 66, 72, una Mini Cooper del 68, y el atractivo Lotus Seven Coope del 41, a ellos se sumaron una docena de Volkswagen escarabajo de diferentes d\u00e9cadas, miembros de los Clubs Vochos Cusco y Garage.<\/span><\/p>\n<p><span style=\"color: #000000;\">A esta exhibici\u00f3n no llegaron todas las unidades que cusque\u00f1os preservan como joyas, seg\u00fan el presidente del club hay veh\u00edculos que saldr\u00e1n en las pr\u00f3ximas exhibiciones \u201ctenemos una socia que tiene un Ford T del a\u00f1o 26, yo tambi\u00e9n tengo un Chrysler del a\u00f1o 26, es un Sedan de cuatro puertas\u201d, explica, al sostener que carecen de tecnolog\u00eda, pero los a\u00f1os no pasan por ellos.<\/span><\/p>\n<p><a href=\"https:\/\/elinformanteperu.com\/wp-content\/uploads\/2025\/07\/cusco-exposicion-autos-antiguos1.jpg\"><img fetchpriority=\"high\" decoding=\"async\" class=\"size-full wp-image-139355 aligncenter\" src=\"https:\/\/elinformanteperu.com\/wp-content\/uploads\/2025\/07\/cusco-exposicion-autos-antiguos1.jpg\" alt=\"\" width=\"500\" height=\"375\" srcset=\"https:\/\/elinformanteperu.com\/wp-content\/uploads\/2025\/07\/cusco-exposicion-autos-antiguos1.jpg 500w, https:\/\/elinformanteperu.com\/wp-content\/uploads\/2025\/07\/cusco-exposicion-autos-antiguos1-300x225.jpg 300w\" sizes=\"(max-width: 500px) 100vw, 500px\" \/><\/a><span style=\"color: #000000;\">Los turistas, as\u00ed como cusque\u00f1os, se tomaron fotograf\u00edas, hicieron videos que los subieron a redes sociales y hasta dieron comentarios y consejos a seguir preserv\u00e1ndolos.<\/span><\/p>\n<p><span style=\"color: #000000;\">\u201cMucha gente se queda asombrada y no cree del a\u00f1o que es, y hay otra gente que tiene nostalgia que dicen \u2018este carro mi pap\u00e1 ten\u00eda, en este carro mi abuelo me hac\u00eda pasear\u2019, o personas mayores que dicen \u2018estos carros caminaban en mis \u00e9pocas\u2019, entonces son vivencia son recuerdos que los hacen retornar a esas \u00e9pocas\u201d, describe Vela.<\/span><\/p>\n<p><span style=\"color: #000000;\">Entre los expositores estuvo N\u00e9stor Avenda\u00f1o, abogado que cuenta con una Ford F100 del 56, afirma que hace 15 a\u00f1os lo compr\u00f3 y se dio el gusto de restaurarlo con sus piezas originales que no los encontr\u00f3 en el pa\u00eds, y solicit\u00f3 del extranjero, y que todo lo hizo por gusto.<\/span><\/p>\n<p><span style=\"color: #000000;\">Tambi\u00e9n estuvo Frank Merma Bol\u00edvar, que expuso su Volkswagen Karmann Ghia convertible de 1974, que fue restaurado por \u00e9l y su padre, tras la adquisici\u00f3n con el dinero que ten\u00eda para implementar un laboratorio odontol\u00f3gico, al ser profesional de esta rama.<\/span><\/p>\n<p><span style=\"color: #000000;\">En la actualidad consigue y logra las certificaciones y permisos para la circulaci\u00f3n, al ser un veh\u00edculo de colecci\u00f3n e hist\u00f3rico, pues en el Per\u00fa solo hay cuatro, uno de ellos en Cusco.<\/span><\/p>\n<p><span style=\"color: #000000;\">Los veh\u00edculos antiguos, volver\u00e1n a esta plaza a ser parte con los monumentos religiosos, y se sumar\u00e1n m\u00e1s, porque los pr\u00f3ximos a\u00f1os cumplir\u00e1n un siglo, entre ellos estar\u00e1n los que preservan autos de los 30 y 40tas conocidos como \u201cJarcocheros o Hardcocheros\u201d, los de los 60 \u201clos deportivos\u201d, y otros que cuentan con veh\u00edculos japoneses que est\u00e1n entre los cl\u00e1sicos.<\/span><\/p>\n<p><span style=\"color: #000000;\">\u201cTenemos m\u00e1s carros y a veces no podemos entrar al centro por el tr\u00e1fico, pero volveremos\u201d, finaliz\u00f3 el presidente de este club cusque\u00f1os.<\/span><\/p>\n","protected":false},"excerpt":{"rendered":"<p>Cusco, 09 Julio 2025, (ANDINA).- Cusque\u00f1os y turistas disfrutaron de la exposici\u00f3n de m\u00e1s de 50 veh\u00edculos antiguos en la plaza Mayor de la ciudad del Cusco, evento que ya se hace habitual despu\u00e9s de las Fiestas de Cusco e inicios de las Fiestas Patrias. La exhibici\u00f3n que forma parte la d\u00e9cimo octava versi\u00f3n que [&hellip;]<\/p>\n","protected":false},"author":1,"featured_media":139354,"comment_status":"closed","ping_status":"closed","sticky":false,"template":"","format":"standard","meta":{"rop_custom_images_group":[],"rop_custom_messages_group":[],"rop_publish_now":"initial","rop_publish_now_accounts":[],"rop_publish_now_history":[],"rop_publish_now_status":"pending","footnotes":""},"categories":[10],"tags":[1226],"class_list":["post-139353","post","type-post","status-publish","format-standard","has-post-thumbnail","hentry","category-actualidad-municipal","tag-cusco"],"_links":{"self":[{"href":"https:\/\/elinformanteperu.com\/index.php\/wp-json\/wp\/v2\/posts\/139353","targetHints":{"allow":["GET"]}}],"collection":[{"href":"https:\/\/elinformanteperu.com\/index.php\/wp-json\/wp\/v2\/posts"}],"about":[{"href":"https:\/\/elinformanteperu.com\/index.php\/wp-json\/wp\/v2\/types\/post"}],"author":[{"embeddable":true,"href":"https:\/\/elinformanteperu.com\/index.php\/wp-json\/wp\/v2\/users\/1"}],"replies":[{"embeddable":true,"href":"https:\/\/elinformanteperu.com\/index.php\/wp-json\/wp\/v2\/comments?post=139353"}],"version-history":[{"count":1,"href":"https:\/\/elinformanteperu.com\/index.php\/wp-json\/wp\/v2\/posts\/139353\/revisions"}],"predecessor-version":[{"id":139356,"href":"https:\/\/elinformanteperu.com\/index.php\/wp-json\/wp\/v2\/posts\/139353\/revisions\/139356"}],"wp:featuredmedia":[{"embeddable":true,"href":"https:\/\/elinformanteperu.com\/index.php\/wp-json\/wp\/v2\/media\/139354"}],"wp:attachment":[{"href":"https:\/\/elinformanteperu.com\/index.php\/wp-json\/wp\/v2\/media?parent=139353"}],"wp:term":[{"taxonomy":"category","embeddable":true,"href":"https:\/\/elinformanteperu.com\/index.php\/wp-json\/wp\/v2\/categories?post=139353"},{"taxonomy":"post_tag","embeddable":true,"href":"https:\/\/elinformanteperu.com\/index.php\/wp-json\/wp\/v2\/tags?post=139353"}],"curies":[{"name":"wp","href":"https:\/\/api.w.org\/{rel}","templated":true}]}}