{"id":139213,"date":"2025-07-09T00:15:55","date_gmt":"2025-07-09T05:15:55","guid":{"rendered":"https:\/\/elinformanteperu.com\/?p=139213"},"modified":"2025-07-09T00:15:55","modified_gmt":"2025-07-09T05:15:55","slug":"volquete-cae-desde-altura-e-impacta-en-vivienda-en-el-agustino-ocupantes-salvan-de-morir","status":"publish","type":"post","link":"https:\/\/elinformanteperu.com\/index.php\/2025\/07\/09\/volquete-cae-desde-altura-e-impacta-en-vivienda-en-el-agustino-ocupantes-salvan-de-morir\/","title":{"rendered":"Volquete cae desde altura e impacta en vivienda en El Agustino: ocupantes salvan de morir"},"content":{"rendered":"<p><span style=\"color: #000000;\"><strong>Lima, 08 Julio 2025, (ANDINA).-<\/strong> Un cami\u00f3n de carga pesada cay\u00f3 en la madrugada sobre una vivienda ubicada en la parte baja del asentamiento humano Terrazas de Catalina Huanca, provocando da\u00f1os estructurales pero sin dejar personas heridas.<\/span><\/p>\n<p><span style=\"color: #000000;\">El veh\u00edculo, perteneciente al municipio de El Agustino, formaba parte del equipo destinado a la construcci\u00f3n de muros de contenci\u00f3n en la zona. El incidente ocurri\u00f3 en horas de la medianoche, mientras los residentes de la vivienda afectada descansaban. Pese a la magnitud del accidente, no se reportaron v\u00edctimas ni heridos de gravedad.<\/span><\/p>\n<p><span style=\"color: #000000;\">De acuerdo con las primeras indagaciones, las condiciones climatol\u00f3gicas adversas habr\u00edan influido en la p\u00e9rdida de control del cami\u00f3n, que termin\u00f3 precipit\u00e1ndose sobre el inmueble. La unidad impact\u00f3 en los ambientes de la cocina y el ba\u00f1o, espacios que, en ese momento, se encontraban desocupados.<\/span><\/p>\n<p><a href=\"https:\/\/elinformanteperu.com\/wp-content\/uploads\/2025\/07\/accidente-volquete-el-agustino1.jpg\"><img fetchpriority=\"high\" decoding=\"async\" class=\"size-large wp-image-139215 aligncenter\" src=\"https:\/\/elinformanteperu.com\/wp-content\/uploads\/2025\/07\/accidente-volquete-el-agustino1-1024x683.jpg\" alt=\"\" width=\"615\" height=\"410\" srcset=\"https:\/\/elinformanteperu.com\/wp-content\/uploads\/2025\/07\/accidente-volquete-el-agustino1-1024x683.jpg 1024w, https:\/\/elinformanteperu.com\/wp-content\/uploads\/2025\/07\/accidente-volquete-el-agustino1-300x200.jpg 300w, https:\/\/elinformanteperu.com\/wp-content\/uploads\/2025\/07\/accidente-volquete-el-agustino1-768x512.jpg 768w, https:\/\/elinformanteperu.com\/wp-content\/uploads\/2025\/07\/accidente-volquete-el-agustino1-1536x1024.jpg 1536w, https:\/\/elinformanteperu.com\/wp-content\/uploads\/2025\/07\/accidente-volquete-el-agustino1.jpg 1800w\" sizes=\"(max-width: 615px) 100vw, 615px\" \/><\/a><span style=\"color: #000000;\">Autoridades municipales y representantes de la Gerencia de Desarrollo Urbano acudieron al lugar para verificar los da\u00f1os y coordinar acciones inmediatas de apoyo a la familia afectada. Tambi\u00e9n se confirm\u00f3 que una vivienda colindante registr\u00f3 da\u00f1os por la ca\u00edda de piedras, aunque esta se encontraba sin ocupantes.<\/span><\/p>\n<p><span style=\"color: #000000;\">Vecinos de la zona expresaron su preocupaci\u00f3n por la ejecuci\u00f3n de trabajos en horario nocturno, especialmente por el tr\u00e1nsito de maquinaria pesada. En ese sentido, el municipio inform\u00f3 que se viene evaluando lo sucedido junto con la empresa contratista encargada de la obra.<\/span><\/p>\n<p><span style=\"color: #000000;\">El gerente de Desarrollo Urbano de El Agustino, Juan Cabezas, indic\u00f3 en declaraciones a la televisi\u00f3n que ya se ha iniciado el proceso de coordinaci\u00f3n con la constructora, la cual se comprometi\u00f3 a asumir los costos de reparaci\u00f3n de los da\u00f1os ocasionados por el siniestro.<\/span><\/p>\n<p><a href=\"https:\/\/elinformanteperu.com\/wp-content\/uploads\/2025\/07\/accidente-volquete-el-agustino2.jpg\"><img decoding=\"async\" class=\"size-large wp-image-139216 aligncenter\" src=\"https:\/\/elinformanteperu.com\/wp-content\/uploads\/2025\/07\/accidente-volquete-el-agustino2-1024x683.jpg\" alt=\"\" width=\"615\" height=\"410\" srcset=\"https:\/\/elinformanteperu.com\/wp-content\/uploads\/2025\/07\/accidente-volquete-el-agustino2-1024x683.jpg 1024w, https:\/\/elinformanteperu.com\/wp-content\/uploads\/2025\/07\/accidente-volquete-el-agustino2-300x200.jpg 300w, https:\/\/elinformanteperu.com\/wp-content\/uploads\/2025\/07\/accidente-volquete-el-agustino2-768x512.jpg 768w, https:\/\/elinformanteperu.com\/wp-content\/uploads\/2025\/07\/accidente-volquete-el-agustino2-1536x1024.jpg 1536w, https:\/\/elinformanteperu.com\/wp-content\/uploads\/2025\/07\/accidente-volquete-el-agustino2.jpg 1800w\" sizes=\"(max-width: 615px) 100vw, 615px\" \/><\/a><\/p>\n","protected":false},"excerpt":{"rendered":"<p>Lima, 08 Julio 2025, (ANDINA).- Un cami\u00f3n de carga pesada cay\u00f3 en la madrugada sobre una vivienda ubicada en la parte baja del asentamiento humano Terrazas de Catalina Huanca, provocando da\u00f1os estructurales pero sin dejar personas heridas. El veh\u00edculo, perteneciente al municipio de El Agustino, formaba parte del equipo destinado a la construcci\u00f3n de muros [&hellip;]<\/p>\n","protected":false},"author":1,"featured_media":139214,"comment_status":"closed","ping_status":"closed","sticky":false,"template":"","format":"standard","meta":{"rop_custom_images_group":[],"rop_custom_messages_group":[],"rop_publish_now":"initial","rop_publish_now_accounts":[],"rop_publish_now_history":[],"rop_publish_now_status":"pending","footnotes":""},"categories":[10],"tags":[4641,915],"class_list":["post-139213","post","type-post","status-publish","format-standard","has-post-thumbnail","hentry","category-actualidad-municipal","tag-el-agustino","tag-municipalidad-de-el-agustino"],"_links":{"self":[{"href":"https:\/\/elinformanteperu.com\/index.php\/wp-json\/wp\/v2\/posts\/139213","targetHints":{"allow":["GET"]}}],"collection":[{"href":"https:\/\/elinformanteperu.com\/index.php\/wp-json\/wp\/v2\/posts"}],"about":[{"href":"https:\/\/elinformanteperu.com\/index.php\/wp-json\/wp\/v2\/types\/post"}],"author":[{"embeddable":true,"href":"https:\/\/elinformanteperu.com\/index.php\/wp-json\/wp\/v2\/users\/1"}],"replies":[{"embeddable":true,"href":"https:\/\/elinformanteperu.com\/index.php\/wp-json\/wp\/v2\/comments?post=139213"}],"version-history":[{"count":1,"href":"https:\/\/elinformanteperu.com\/index.php\/wp-json\/wp\/v2\/posts\/139213\/revisions"}],"predecessor-version":[{"id":139217,"href":"https:\/\/elinformanteperu.com\/index.php\/wp-json\/wp\/v2\/posts\/139213\/revisions\/139217"}],"wp:featuredmedia":[{"embeddable":true,"href":"https:\/\/elinformanteperu.com\/index.php\/wp-json\/wp\/v2\/media\/139214"}],"wp:attachment":[{"href":"https:\/\/elinformanteperu.com\/index.php\/wp-json\/wp\/v2\/media?parent=139213"}],"wp:term":[{"taxonomy":"category","embeddable":true,"href":"https:\/\/elinformanteperu.com\/index.php\/wp-json\/wp\/v2\/categories?post=139213"},{"taxonomy":"post_tag","embeddable":true,"href":"https:\/\/elinformanteperu.com\/index.php\/wp-json\/wp\/v2\/tags?post=139213"}],"curies":[{"name":"wp","href":"https:\/\/api.w.org\/{rel}","templated":true}]}}